{"id":163838,"date":"2025-11-24T19:30:11","date_gmt":"2025-11-24T19:30:11","guid":{"rendered":"https:\/\/www.europesays.com\/pt\/163838\/"},"modified":"2025-11-24T19:30:11","modified_gmt":"2025-11-24T19:30:11","slug":"municipio-de-praia-grande-2","status":"publish","type":"post","link":"https:\/\/www.europesays.com\/pt\/163838\/","title":{"rendered":"Munic\u00edpio de Praia Grande"},"content":{"rendered":"<p class=\"ql-align-justify\">Os trabalhos de nebuliza\u00e7\u00e3o, conhecido popularmente como fumac\u00ea, para combater o mosquito Aedes Aegypti, seguem ao longo desta semana nos pontos estrat\u00e9gicos de Praia Grande. O Bairro Esmeralda receber\u00e1 o servi\u00e7o a partir desta ter\u00e7a-feira (25). Em caso de chuva, a atividade \u00e9 suspensa e reagendada para o dia seguinte.<\/p>\n<p class=\"ql-align-justify\">\t\u00a0<\/p>\n<p class=\"ql-align-justify\">A nebuliza\u00e7\u00e3o, com a m\u00e1quina pulverizadora acoplada ao carro, focada especificamente nos pontos estrat\u00e9gicos com maior potencial de prolifera\u00e7\u00e3o do mosquito Aedes Aegypti \u00e9 uma a\u00e7\u00e3o in\u00e9dita de combate ao transmissor das arboviroses (doen\u00e7as causadas pelo arbov\u00edrus \u2013 v\u00edrus da dengue, Zika v\u00edrus e chikungunya) na Regi\u00e3o. As equipes da Divis\u00e3o de Sa\u00fade Ambiental, da Secretaria de Sa\u00fade P\u00fablica (Sesap) praia-grandense, passam com o ve\u00edculo aplicando o inseticida pelas ruas do entorno dos pontos estrat\u00e9gicos para eliminar os mosquitos adultos transmissores da doen\u00e7a. Esses pontos s\u00e3o locais como postos de reciclagem de materiais, borracharias e p\u00e1tio de apreens\u00e3o de ve\u00edculos que est\u00e3o recebendo uma intensifica\u00e7\u00e3o das a\u00e7\u00f5es de combate. <\/p>\n<p class=\"ql-align-justify\">\t\u00a0<\/p>\n<p class=\"ql-align-justify\">Mesmo com uma forte queda de casos de dengue no comparativo com 2024 (de 2295 no ano passado para 1196 este ano) e antes do per\u00edodo de chuvas e calor, que costuma gerar uma maior incid\u00eancia da doen\u00e7a, Praia Grande se antecipou e pleiteou junto ao Governo do Estado a realiza\u00e7\u00e3o do fumac\u00ea com o carro nesses pontos estrat\u00e9gicos, em uma a\u00e7\u00e3o pontual e necess\u00e1ria para evitar o crescimento de casos no per\u00edodo do ver\u00e3o. O pedido foi autorizado pelo Estado a partir de um estudo aprofundado efetuado pelo Munic\u00edpio, que levou em conta a geografia dos bairros, a quantidade de pontos estrat\u00e9gicos e o maior \u00edndice de positividade de larvas nesses locais ap\u00f3s a Avalia\u00e7\u00e3o de Densidade Larv\u00e1ria (ADL) efetuada pelo Munic\u00edpio em outubro. <\/p>\n<p class=\"ql-align-justify\">\t\u00a0<\/p>\n<p class=\"ql-align-justify\">Na an\u00e1lise larv\u00e1ria, os agentes de combate \u00e0s endemias fazem a medi\u00e7\u00e3o da quantidade de larva existente em cada regi\u00e3o, identificando os bairros que concentram maior quantidade. A atividade permite fazer um mapeamento dos focos da dengue, auxiliando na defini\u00e7\u00e3o e direcionamento das a\u00e7\u00f5es de preven\u00e7\u00e3o e combate ao mosquito transmissor das arboviroses (dengue, chikungunya e zika). Essa avalia\u00e7\u00e3o ocorre quatro vezes por ano, seguindo determina\u00e7\u00e3o do Governo do Estado.<\/p>\n<p class=\"ql-align-justify\">\t\u00a0<\/p>\n<p class=\"ql-align-justify\">O estudo identificou a necessidade da ado\u00e7\u00e3o dessa estrat\u00e9gia nos bairros Melvi, cujo fumac\u00ea foi realizado na semana passada, Samambaia, que recebe o servi\u00e7o nesta semana, e Esmeralda. Esses locais foram definidos a partir de crit\u00e9rios estritamente t\u00e9cnicos e pactuados juntos ao Governo do Estado, que autoriza a aplica\u00e7\u00e3o e fornece o inseticida. Para a defini\u00e7\u00e3o desses locais foi levado em conta dois aspectos: a \u00faltima an\u00e1lise larv\u00e1ria, que demonstrou maior positividade para larvas do mosquito Aedes Aegypti nesses bairros; e a s\u00e9rie hist\u00f3rica de positividade dos pontos estrat\u00e9gicos, que demonstraram a necessidade do direcionamento desta a\u00e7\u00e3o para esses locais. \u00c9 importante salientar que as a\u00e7\u00f5es cotidianas efetuadas nos pontos estrat\u00e9gicos continuam e receber\u00e3o esse refor\u00e7o nas pr\u00f3ximas semanas.<\/p>\n<p class=\"ql-align-justify\">\t\u00a0<\/p>\n<p class=\"ql-align-justify\">\u201c\u00c9 uma a\u00e7\u00e3o in\u00e9dita na Regi\u00e3o o que estamos desenvolvendo em Praia Grande, antes do per\u00edodo epid\u00eamico. E isso foi poss\u00edvel ap\u00f3s apresentarmos um estudo ao Estado destacando a import\u00e2ncia da aplica\u00e7\u00e3o do fumac\u00ea nos pontos estrat\u00e9gicos de forma antecipada, pois isso vai refor\u00e7ar as a\u00e7\u00f5es que j\u00e1 desenvolvemos quinzenalmente nos pontos estrat\u00e9gicos de maior risco, intensificando o combate \u00e0s larvas e tamb\u00e9m ao mosquito. A a\u00e7\u00e3o est\u00e1 prevista para acontecer at\u00e9 o fim de novembro, no m\u00e1ximo in\u00edcio de dezembro, a depender das condi\u00e7\u00f5es clim\u00e1ticas, e vai contemplar todos os pontos estrat\u00e9gicos desses bairros que necessitam de um refor\u00e7o da nossa aten\u00e7\u00e3o\u201d, explica a diretora da Divis\u00e3o de Sa\u00fade Ambiental, Maria Fernanda Gon\u00e7alves.<\/p>\n<p class=\"ql-align-justify\">\t\u00a0<\/p>\n<p class=\"ql-align-justify\">O fumac\u00ea com o carro ser\u00e1 retomado nesta ter\u00e7a-feira (25), a partir das 17h30, no entorno de quatro pontos estrat\u00e9gicos do Bairro Esmeralda (confira as ruas abaixo) e se repete nas mesmas localidades na quarta (26) e na quinta-feira (27), a depender das condi\u00e7\u00f5es clim\u00e1ticas. A Sesap solicita que a popula\u00e7\u00e3o mantenha as portas e janelas abertas para que o produto possa fazer o efeito esperado. \u201cPedimos tamb\u00e9m que os mun\u00edcipes fiquem dentro de suas casas e que n\u00e3o deixem crian\u00e7as ou animais seguirem a viatura durante a nebuliza\u00e7\u00e3o\u201d, orienta Maria Fernanda.<\/p>\n<p class=\"ql-align-justify\">\t\u00a0<\/p>\n<p class=\"ql-align-justify\">Ap\u00f3s a conclus\u00e3o dos trabalhos neste local, a nebuliza\u00e7\u00e3o seguir\u00e1 para as demais localidades apontadas, a serem anunciadas posteriormente pela Prefeitura de Praia Grande em seus canais oficiais.<\/p>\n<p class=\"ql-align-justify\">\t\u00a0<\/p>\n<p class=\"ql-align-justify\">Confira as ruas contempladas nesta semana:<\/p>\n<p class=\"ql-align-justify\">\t\u00a0<\/p>\n<p class=\"ql-align-justify\">\t&#8211; Avenida Hermenegildo Pereira de Fran\u00e7a;<\/p>\n<p class=\"ql-align-justify\">\t&#8211; Rua Bruno Seabra;<\/p>\n<p class=\"ql-align-justify\">\t&#8211; Rua Z\u00e9lia Giglioli Galves;<\/p>\n<p class=\"ql-align-justify\">\t&#8211; Avenida Ana Pereira de Fran\u00e7a;<\/p>\n<p class=\"ql-align-justify\">\t&#8211; Rua Afr\u00e2nio Peixoto.<\/p>\n<p class=\"ql-align-justify\">\t\u00a0<\/p>\n<p class=\"ql-align-justify\"><strong>Fa\u00e7a a sua parte \u2013<\/strong> A popula\u00e7\u00e3o tamb\u00e9m precisa fazer a sua parte na guerra contra o mosquito Aedes Aegypti, pois cerca de 70% dos focos do mosquito est\u00e3o nas resid\u00eancias. <\/p>\n<p class=\"ql-align-justify\">Veja como:<\/p>\n<p class=\"ql-align-justify\">\t\u00a0<\/p>\n<p class=\"ql-align-justify\">\t&#8211; Mantenha a caixa d\u2019\u00e1gua bem fechada e coloque uma tela no ladr\u00e3o da caixa d\u2019\u00e1gua;<\/p>\n<p class=\"ql-align-justify\">\t&#8211; Remova folhas, galhos e tudo que possa impedir a \u00e1gua de correr pelas calhas;<\/p>\n<p class=\"ql-align-justify\">\t&#8211; Elimine os pratinhos de vasos de plantas ou coloque areia at\u00e9 a borda do prato;<\/p>\n<p class=\"ql-align-justify\">\t&#8211; Mantenha os ralos telados e limpos jogando sal e cloro;<\/p>\n<p class=\"ql-align-justify\">\t&#8211; Mantenha latas e garrafas com a boca virada para baixo e pneus em locais cobertos;<\/p>\n<p class=\"ql-align-justify\">\t&#8211; Fa\u00e7a sempre a manuten\u00e7\u00e3o de piscinas ou fontes usando os produtos qu\u00edmicos apropriados.<\/p>\n<p class=\"ql-align-justify\">\t\u00a0<\/p>\n<p class=\"ql-align-justify\">Outra dica \u00e9 descartar os pneus velhos e outros itens que acumulam \u00e1gua em um dos Ecopontos do Munic\u00edpio. Os endere\u00e7os podem ser consultados na Carta de Servi\u00e7os, dispon\u00edvel no site (<a href=\"http:\/\/www.praiagrande.sp.gov.br\" target=\"_blank\" rel=\"nofollow noopener\">www.praiagrande.sp.gov.br<\/a>).<\/p>\n<p class=\"ql-align-justify\">\t\u00a0<\/p>\n<p class=\"ql-align-justify\"><strong>Den\u00fancia \u2013<\/strong> Caso o mun\u00edcipe queira fazer uma den\u00fancia sobre focos de dengue, ele poder\u00e1 entrar em contato com a Ouvidoria SUS (telefones 0800-773-3020 \/ 3472-9764, e-mail: <a href=\"https:\/\/www2.praiagrande.sp.gov.br\/noticia\/mailto:atendimentosaude@praiagrande.sp.gov.br\" target=\"_blank\" rel=\"nofollow noopener\">atendimentosaude@praiagrande.sp.gov.br<\/a> ou presencialmente na Rua Jo\u00e3o de Souza, s\/n\u00b0, Mirim, segunda \u00e0 sexta, das 9h \u00e0s 16h) para que a equipe da Sa\u00fade Ambiental seja acionada e possa fazer uma vistoria na casa.<\/p>\n<p class=\"ql-align-justify\">\t\u00a0<\/p>\n<p class=\"ql-align-justify\">As equipes fazem ainda a soltura de peixes da esp\u00e9cie Lebiste, conhecido como Barrigudinho, em grandes locais com \u00e1gua parada. Esse peixe come as larvas e ovos do Aedes Aegypti e de outros mosquitos.<\/p>\n<p class=\"ql-align-justify\">\t\u00a0<\/p>\n<p class=\"ql-align-justify\"><strong>Vacina\u00e7\u00e3o \u2013<\/strong> A vacina\u00e7\u00e3o contra a dengue permanece \u00e0 disposi\u00e7\u00e3o de crian\u00e7as e adolescentes de 10 e 14 anos. Para receber esta vacina \u00e9 necess\u00e1rio que a crian\u00e7a esteja acompanhada dos pais ou de um respons\u00e1vel e apresentar documento com foto, carteira de vacina\u00e7\u00e3o e comprovante de resid\u00eancia dos pais ou do respons\u00e1vel. Importante lembrar que o esquema vacinal deste imunizante \u00e9 composto por duas doses. Portanto, se j\u00e1 passaram tr\u00eas meses que seu filho recebeu a primeira dose, procure o posto de sa\u00fade para completar a vacina\u00e7\u00e3o contra a dengue. A vacina\u00e7\u00e3o acontece de segunda a sexta-feira, das 9 \u00e0s 16 horas, nas 31 Unidades de Sa\u00fade da Fam\u00edlia (Usafas). <\/p>\n<p class=\"ql-align-justify\">\t\u00a0<\/p>\n<p class=\"ql-align-justify\"><strong>Sintomas \u2013<\/strong> Em caso de sintomas como febre alta de in\u00edcio s\u00fabito, dores pelo corpo e articula\u00e7\u00f5es, dor atr\u00e1s dos olhos, mal-estar, falta de apetite, dor de cabe\u00e7a e manchas vermelhas no corpo, a pessoa pode procurar a Usafa na qual est\u00e1 cadastrada. Em caso de sangramento, dor abdominal intensa, v\u00f4mitos persistentes, aumento do f\u00edgado ou ac\u00famulo de l\u00edquido, o mun\u00edcipe deve se dirigir \u00e0s Unidades de Pronto-Atendimento (UPA) Samambaia ou Quietude ou o Pronto-Socorro Central, no Bairro Guilhermina.<\/p>\n","protected":false},"excerpt":{"rendered":"Os trabalhos de nebuliza\u00e7\u00e3o, conhecido popularmente como fumac\u00ea, para combater o mosquito Aedes Aegypti, seguem ao longo desta&hellip;\n","protected":false},"author":2,"featured_media":865,"comment_status":"","ping_status":"","sticky":false,"template":"","format":"standard","meta":{"footnotes":""},"categories":[86],"tags":[116,32,33,34672,117],"class_list":{"0":"post-163838","1":"post","2":"type-post","3":"status-publish","4":"format-standard","5":"has-post-thumbnail","7":"category-saude","8":"tag-health","9":"tag-portugal","10":"tag-pt","11":"tag-sade-nebulizao-aedes-aegypti-bairro-esmeralda-combate-preveno-dengue-vacinao-proliferao-limpeza","12":"tag-saude"},"share_on_mastodon":{"url":"https:\/\/pubeurope.com\/@pt\/115606337812026188","error":""},"_links":{"self":[{"href":"https:\/\/www.europesays.com\/pt\/wp-json\/wp\/v2\/posts\/163838","targetHints":{"allow":["GET"]}}],"collection":[{"href":"https:\/\/www.europesays.com\/pt\/wp-json\/wp\/v2\/posts"}],"about":[{"href":"https:\/\/www.europesays.com\/pt\/wp-json\/wp\/v2\/types\/post"}],"author":[{"embeddable":true,"href":"https:\/\/www.europesays.com\/pt\/wp-json\/wp\/v2\/users\/2"}],"replies":[{"embeddable":true,"href":"https:\/\/www.europesays.com\/pt\/wp-json\/wp\/v2\/comments?post=163838"}],"version-history":[{"count":0,"href":"https:\/\/www.europesays.com\/pt\/wp-json\/wp\/v2\/posts\/163838\/revisions"}],"wp:featuredmedia":[{"embeddable":true,"href":"https:\/\/www.europesays.com\/pt\/wp-json\/wp\/v2\/media\/865"}],"wp:attachment":[{"href":"https:\/\/www.europesays.com\/pt\/wp-json\/wp\/v2\/media?parent=163838"}],"wp:term":[{"taxonomy":"category","embeddable":true,"href":"https:\/\/www.europesays.com\/pt\/wp-json\/wp\/v2\/categories?post=163838"},{"taxonomy":"post_tag","embeddable":true,"href":"https:\/\/www.europesays.com\/pt\/wp-json\/wp\/v2\/tags?post=163838"}],"curies":[{"name":"wp","href":"https:\/\/api.w.org\/{rel}","templated":true}]}}