{"id":163843,"date":"2025-11-24T19:36:20","date_gmt":"2025-11-24T19:36:20","guid":{"rendered":"https:\/\/www.europesays.com\/pt\/163843\/"},"modified":"2025-11-24T19:36:20","modified_gmt":"2025-11-24T19:36:20","slug":"mae-de-crianca-com-dedos-decepados-acusa-professora-de-ter-chamado-mentiroso-ao-filho","status":"publish","type":"post","link":"https:\/\/www.europesays.com\/pt\/163843\/","title":{"rendered":"M\u00e3e de crian\u00e7a com dedos decepados acusa professora de ter chamado &#8220;mentiroso&#8221; ao filho"},"content":{"rendered":"<p class=\"category\"><a href=\"https:\/\/sicnoticias.pt\/pais\" rel=\"nofollow noopener\" target=\"_blank\">Pa\u00eds<\/a><\/p>\n<p>Menino ter\u00e1 tentado denunciar as agress\u00f5es de que era alvo, mas caso ter\u00e1 sido desvalorizado pela docente, segundo relata a m\u00e3e. Agress\u00e3o aconteceu cinco dias depois de N\u00edvia ter alertado a educadora para a situa\u00e7\u00e3o, tendo esta indicado que falaria com os menores.<\/p>\n<p><img decoding=\"async\" src=\"https:\/\/www.europesays.com\/pt\/wp-content\/uploads\/2025\/11\/1764012980_572_original.webp\" alt=\"M\u00e3e de crian\u00e7a com dedos decepados acusa professora de ter chamado &quot;mentiroso&quot; ao filho\"\/><\/p>\n<p>Adriano Machado<\/p>\n<p><strong>N\u00edvia Estevam, m\u00e3e do menino de nove anos que teve as pontas dos dedos amputados dentro da escola em Portugal, no concelho de Cinf\u00e3es, distrito de Viseu, acusa a professora de n\u00e3o ter dado ouvidos ao filho quando este denunciou agress\u00f5es.<\/strong><\/p>\n<p>Em entrevista ao <a href=\"https:\/\/g1.globo.com\/fantastico\/noticia\/2025\/11\/23\/mae-de-menino-brasileiro-que-teve-dedo-decepado-em-portugal-ja-havia-alertado-escola-sobre-bullying-contra-o-filho.ghtml\" target=\"_blank\" rel=\"noopener noreferrer nofollow\">Fant\u00e1stico, da Globo,<\/a> a mulher afirma que o filho era alvo de bullying por parte de, pelo menos, dois colegas. A crian\u00e7a queixou-se de que havia um menino a dizer que<strong> ele n\u00e3o sabia falar portugu\u00eas e que as agress\u00f5es eram para &#8220;aprender a falar portugu\u00eas direito&#8221;. <\/strong>O menor tinha relatado ainda que sofria <strong>pux\u00f5es de cabelo e pontap\u00e9s.<\/strong><\/p>\n<p>Quando o menino denunciava os abusos \u00e0 professora, acusa N\u00edvia Estevam, esta desvalorizava e dizia: &#8220;<strong>n\u00e3o seja mentiroso, voc\u00ea tem de ser um menino bom<\/strong>.&#8221;<\/p>\n<p>Perante as queixas do filho, a m\u00e3e, preocupada, falou com a professora indicando que <strong>n\u00e3o toleraria &#8220;nenhum tipo de agress\u00e3o&#8221;<\/strong>. Isto depois de ter tido a primeira prova f\u00edsica das agress\u00f5es, no passado dia 5 de novembro, quando o menino chegou em casa com o pesco\u00e7o roxo.<\/p>\n<p>A educadora garantiu que falaria com as crian\u00e7as, mas, <strong>cinco dias depois, aconteceu a agress\u00e3o que culminou na amputa\u00e7\u00e3o dos dedos da crian\u00e7a.<\/strong><\/p>\n<p>A professora encarou a situa\u00e7\u00e3o como uma &#8220;brincadeira&#8221;, de acordo com a m\u00e3e, escrevendo-lhe a seguinte mensagem: &#8220;Foi um incidente que <strong>podia ter acontecido com qualquer menino<\/strong> e ningu\u00e9m teve inten\u00e7\u00e3o de magoar o Jos\u00e9. Estavam brincando&#8221;, escreveu a professora \u00e0 m\u00e3e.&#8221;<\/p>\n<p style=\"text-align: start;\">A Inspe\u00e7\u00e3o-Geral da Educa\u00e7\u00e3o <strong>abriu um processo para averiguar as circunst\u00e2ncias <\/strong>em que um aluno da escola de Fonte Coberta, em Cinf\u00e3es, Viseu, perdeu as pontas de dois dedos. A escola alega que a crian\u00e7a se<strong> magoou sozinha.<\/strong><\/p>\n","protected":false},"excerpt":{"rendered":"Pa\u00eds Menino ter\u00e1 tentado denunciar as agress\u00f5es de que era alvo, mas caso ter\u00e1 sido desvalorizado pela docente,&hellip;\n","protected":false},"author":2,"featured_media":163844,"comment_status":"","ping_status":"","sticky":false,"template":"","format":"standard","meta":{"footnotes":""},"categories":[10],"tags":[27,28,15,16,14,25,26,21,22,12,13,19,20,32,23,24,33,17,18,29,30,31],"class_list":{"0":"post-163843","1":"post","2":"type-post","3":"status-publish","4":"format-standard","5":"has-post-thumbnail","7":"category-portugal","8":"tag-breaking-news","9":"tag-breakingnews","10":"tag-featured-news","11":"tag-featurednews","12":"tag-headlines","13":"tag-latest-news","14":"tag-latestnews","15":"tag-main-news","16":"tag-mainnews","17":"tag-news","18":"tag-noticias","19":"tag-noticias-principais","20":"tag-noticiasprincipais","21":"tag-portugal","22":"tag-principais-noticias","23":"tag-principaisnoticias","24":"tag-pt","25":"tag-top-stories","26":"tag-topstories","27":"tag-ultimas","28":"tag-ultimas-noticias","29":"tag-ultimasnoticias"},"share_on_mastodon":{"url":"https:\/\/pubeurope.com\/@pt\/115606362018029304","error":""},"_links":{"self":[{"href":"https:\/\/www.europesays.com\/pt\/wp-json\/wp\/v2\/posts\/163843","targetHints":{"allow":["GET"]}}],"collection":[{"href":"https:\/\/www.europesays.com\/pt\/wp-json\/wp\/v2\/posts"}],"about":[{"href":"https:\/\/www.europesays.com\/pt\/wp-json\/wp\/v2\/types\/post"}],"author":[{"embeddable":true,"href":"https:\/\/www.europesays.com\/pt\/wp-json\/wp\/v2\/users\/2"}],"replies":[{"embeddable":true,"href":"https:\/\/www.europesays.com\/pt\/wp-json\/wp\/v2\/comments?post=163843"}],"version-history":[{"count":0,"href":"https:\/\/www.europesays.com\/pt\/wp-json\/wp\/v2\/posts\/163843\/revisions"}],"wp:featuredmedia":[{"embeddable":true,"href":"https:\/\/www.europesays.com\/pt\/wp-json\/wp\/v2\/media\/163844"}],"wp:attachment":[{"href":"https:\/\/www.europesays.com\/pt\/wp-json\/wp\/v2\/media?parent=163843"}],"wp:term":[{"taxonomy":"category","embeddable":true,"href":"https:\/\/www.europesays.com\/pt\/wp-json\/wp\/v2\/categories?post=163843"},{"taxonomy":"post_tag","embeddable":true,"href":"https:\/\/www.europesays.com\/pt\/wp-json\/wp\/v2\/tags?post=163843"}],"curies":[{"name":"wp","href":"https:\/\/api.w.org\/{rel}","templated":true}]}}