{"id":163849,"date":"2025-11-24T19:41:18","date_gmt":"2025-11-24T19:41:18","guid":{"rendered":"https:\/\/www.europesays.com\/pt\/163849\/"},"modified":"2025-11-24T19:41:18","modified_gmt":"2025-11-24T19:41:18","slug":"como-e-a-casa-de-marcello-novaes-o-jaques-de-dona-de-mim","status":"publish","type":"post","link":"https:\/\/www.europesays.com\/pt\/163849\/","title":{"rendered":"Como \u00e9 a casa de Marcello Novaes, o Jaques de Dona de Mim"},"content":{"rendered":"<p>                        <img width=\"944\" height=\"531\" src=\"https:\/\/www.europesays.com\/pt\/wp-content\/uploads\/2025\/11\/casa-de-marcello-novaes-jaques-dona-de-mim-21-944x531.jpg\" class=\"attachment-custom-large size-custom-large article-featured-image\" alt=\"casa de marcello novaes jaques dona de mim\" fetchpriority=\"high\" decoding=\"async\"  \/><\/p>\n<p>Marcello Novaes \u00e9 o vil\u00e3o Jaques em Dona de Mim (Foto: Reprodu\u00e7\u00e3o, gshow | TV Globo)<\/p>\n<p>Em <strong>Dona de Mim<\/strong>, <strong>Jaques<\/strong> (<strong>Marcello Novaes<\/strong>)<strong> <\/strong>fez de tudo para conseguir dominar a <strong>casa da fam\u00edlia Boaz<\/strong>. A mans\u00e3o que primeiro pertenceu a Abel (Tony Ramos), sempre foi objeto de desejo de Jaques, que n\u00e3o sossegou at\u00e9 conseguir o controle da f\u00e1brica, da mans\u00e3o e de Filipa (Claudia Abreu).<\/p>\n<p>Continua depois da publicidade<\/p>\n<p>Em Dona de Mim, \u00e9 na mans\u00e3o dos Boaz que grande parte da trama se desenvolve. O lar da pequena Sofia (Elis Cabral) e de toda fam\u00edlia al\u00e9m de ser um objeto de disputa virou representa\u00e7\u00e3o de quem est\u00e1 no poder no momento.<\/p>\n<p>Como \u00e9 a casa do ator Marcello Novaes, o Jaques de Dona de Mim1<\/p>\n<p>VoltarAvan\u00e7ar<\/p>\n<p><img loading=\"lazy\" decoding=\"async\" width=\"1200\" height=\"675\" data-id=\"7734136\" src=\"https:\/\/www.europesays.com\/pt\/wp-content\/uploads\/2025\/11\/casa-de-marcello-novaes-jaques-dona-de-mim.jpg\" alt=\"casa de marcello novaes jaques dona de mim\" class=\"wp-image-7734136\"  \/><\/p>\n<p>Marcello Novaes em seu s\u00edtio (Foto: Reprodu\u00e7\u00e3o, gshow)<\/p>\n<p><img loading=\"lazy\" decoding=\"async\" width=\"1200\" height=\"675\" data-id=\"7734116\" src=\"https:\/\/www.europesays.com\/pt\/wp-content\/uploads\/2025\/11\/casa-de-marcello-novaes-jaques-dona-de-mim-13.jpg\" alt=\"\" class=\"wp-image-7734116\"  \/><\/p>\n<p>Im\u00f3vel fica em Teres\u00f3polis, na regi\u00e3o serrana do Rio de Janeiro (Foto: Reprodu\u00e7\u00e3o, gshow)<\/p>\n<p><img loading=\"lazy\" decoding=\"async\" width=\"1200\" height=\"675\" data-id=\"7734117\" src=\"https:\/\/www.europesays.com\/pt\/wp-content\/uploads\/2025\/11\/casa-de-marcello-novaes-jaques-dona-de-mim-14.jpg\" alt=\"casa de marcello novaes jaques dona de mim\" class=\"wp-image-7734117\"  \/><\/p>\n<p>Local fica afastado (Foto: Reprodu\u00e7\u00e3o, gshow)<\/p>\n<p><img loading=\"lazy\" decoding=\"async\" width=\"1200\" height=\"675\" data-id=\"7734118\" src=\"https:\/\/www.europesays.com\/pt\/wp-content\/uploads\/2025\/11\/casa-de-marcello-novaes-jaques-dona-de-mim-15.jpg\" alt=\"\" class=\"wp-image-7734118\"  \/><\/p>\n<p>Ator j\u00e1 frequentava o local na adolesc\u00eancia (Foto: Reprodu\u00e7\u00e3o, gshow)<\/p>\n<p><img loading=\"lazy\" decoding=\"async\" width=\"1200\" height=\"675\" data-id=\"7734119\" src=\"https:\/\/www.europesays.com\/pt\/wp-content\/uploads\/2025\/11\/casa-de-marcello-novaes-jaques-dona-de-mim-16.jpg\" alt=\"casa de marcello novaes jaques dona de mim\" class=\"wp-image-7734119\"  \/><\/p>\n<p>Oficina do ator para trabalhos manuais (Foto: Reprodu\u00e7\u00e3o, gshow)<\/p>\n<p><img loading=\"lazy\" decoding=\"async\" width=\"1200\" height=\"675\" data-id=\"7734120\" src=\"https:\/\/www.europesays.com\/pt\/wp-content\/uploads\/2025\/11\/casa-de-marcello-novaes-jaques-dona-de-mim-17.jpg\" alt=\"\" class=\"wp-image-7734120\"  \/><\/p>\n<p>Marcello fica em contato com a natureza (Foto: Reprodu\u00e7\u00e3o, gshow)<\/p>\n<p><img loading=\"lazy\" decoding=\"async\" width=\"1200\" height=\"675\" data-id=\"7734121\" src=\"https:\/\/www.europesays.com\/pt\/wp-content\/uploads\/2025\/11\/casa-de-marcello-novaes-jaques-dona-de-mim-18.jpg\" alt=\"casa de marcello novaes jaques dona de mim\" class=\"wp-image-7734121\"  \/><\/p>\n<p>C\u00f3rrego do local (Foto: Reprodu\u00e7\u00e3o, gshow)<\/p>\n<p><img loading=\"lazy\" decoding=\"async\" width=\"1200\" height=\"675\" data-id=\"7734122\" src=\"https:\/\/www.europesays.com\/pt\/wp-content\/uploads\/2025\/11\/casa-de-marcello-novaes-jaques-dona-de-mim-19.jpg\" alt=\"\" class=\"wp-image-7734122\"  \/><\/p>\n<p>Lareira do local (Foto: Reprodu\u00e7\u00e3o, gshow)<\/p>\n<p><img loading=\"lazy\" decoding=\"async\" width=\"1200\" height=\"675\" data-id=\"7734123\" src=\"https:\/\/www.europesays.com\/pt\/wp-content\/uploads\/2025\/11\/casa-de-marcello-novaes-jaques-dona-de-mim-20.jpg\" alt=\"\" class=\"wp-image-7734123\"  \/><\/p>\n<p>Um dos cachorros de Marcello Novaes (Foto: Reprodu\u00e7\u00e3o, gshow)<\/p>\n<p><img loading=\"lazy\" decoding=\"async\" width=\"1200\" height=\"675\" data-id=\"7734124\" src=\"https:\/\/www.europesays.com\/pt\/wp-content\/uploads\/2025\/11\/casa-de-marcello-novaes-jaques-dona-de-mim-2.jpg\" alt=\"casa de marcello novaes jaques dona de mim\" class=\"wp-image-7734124\"  \/><\/p>\n<p>Ator gosta de fazer trabalho manuais (Foto: Reprodu\u00e7\u00e3o, gshow)<\/p>\n<p><img loading=\"lazy\" decoding=\"async\" width=\"1200\" height=\"675\" data-id=\"7734125\" src=\"https:\/\/www.europesays.com\/pt\/wp-content\/uploads\/2025\/11\/casa-de-marcello-novaes-jaques-dona-de-mim-3.jpg\" alt=\"\" class=\"wp-image-7734125\"  \/><\/p>\n<p>Marcello Novaes curtindo com seu cachorro (Foto: Reprodu\u00e7\u00e3o, gshow)<\/p>\n<p><img loading=\"lazy\" decoding=\"async\" width=\"1200\" height=\"675\" data-id=\"7734126\" src=\"https:\/\/www.europesays.com\/pt\/wp-content\/uploads\/2025\/11\/casa-de-marcello-novaes-jaques-dona-de-mim-4.jpg\" alt=\"casa de marcello novaes jaques dona de mim\" class=\"wp-image-7734126\"  \/><\/p>\n<p>Com a fam\u00edlia no s\u00edtio (Foto: Reprodu\u00e7\u00e3o, gshow)<\/p>\n<p><img loading=\"lazy\" decoding=\"async\" width=\"1200\" height=\"675\" data-id=\"7734127\" src=\"https:\/\/www.europesays.com\/pt\/wp-content\/uploads\/2025\/11\/casa-de-marcello-novaes-jaques-dona-de-mim-5.jpg\" alt=\"\" class=\"wp-image-7734127\"  \/><\/p>\n<p>Os filhos de Marcello aproveitando o local (Foto: Reprodu\u00e7\u00e3o, gshow)<\/p>\n<p><img loading=\"lazy\" decoding=\"async\" width=\"1200\" height=\"675\" data-id=\"7734129\" src=\"https:\/\/www.europesays.com\/pt\/wp-content\/uploads\/2025\/11\/casa-de-marcello-novaes-jaques-dona-de-mim-6.jpg\" alt=\"casa de marcello novaes jaques dona de mim\" class=\"wp-image-7734129\"  \/><\/p>\n<p>Ator trocou a agita\u00e7\u00e3o do Rio de Janeiro pela paz de Teres\u00f3polis (Foto: Reprodu\u00e7\u00e3o, gshow)<\/p>\n<p><img loading=\"lazy\" decoding=\"async\" width=\"1200\" height=\"675\" data-id=\"7734130\" src=\"https:\/\/www.europesays.com\/pt\/wp-content\/uploads\/2025\/11\/casa-de-marcello-novaes-jaques-dona-de-mim-7.jpg\" alt=\"casa de marcello novaes jaques dona de mim\" class=\"wp-image-7734130\"  \/><\/p>\n<p>Durante a pandemia ficou dois anos no local (Foto: Reprodu\u00e7\u00e3o, gshow)<\/p>\n<p><img loading=\"lazy\" decoding=\"async\" width=\"1200\" height=\"675\" data-id=\"7734131\" src=\"https:\/\/www.europesays.com\/pt\/wp-content\/uploads\/2025\/11\/casa-de-marcello-novaes-jaques-dona-de-mim-8.jpg\" alt=\"\" class=\"wp-image-7734131\"  \/><\/p>\n<p>Planta tamb\u00e9m est\u00e1 entre as atividades do ator (Foto: Reprodu\u00e7\u00e3o, gshow)<\/p>\n<p><img loading=\"lazy\" decoding=\"async\" width=\"1200\" height=\"675\" data-id=\"7734132\" src=\"https:\/\/www.europesays.com\/pt\/wp-content\/uploads\/2025\/11\/casa-de-marcello-novaes-jaques-dona-de-mim-9.jpg\" alt=\"casa de marcello novaes jaques dona de mim\" class=\"wp-image-7734132\"  \/><\/p>\n<p>S\u00edtio de Marcello Novaes (Foto: Reprodu\u00e7\u00e3o, gshow)<\/p>\n<p><img loading=\"lazy\" decoding=\"async\" width=\"1200\" height=\"675\" data-id=\"7734133\" src=\"https:\/\/www.europesays.com\/pt\/wp-content\/uploads\/2025\/11\/casa-de-marcello-novaes-jaques-dona-de-mim-10.jpg\" alt=\"\" class=\"wp-image-7734133\"  \/><\/p>\n<p>Ator ainda mant\u00e9m a casa na Barra da Tijuca (Foto: Reprodu\u00e7\u00e3o, gshow)<\/p>\n<p><img loading=\"lazy\" decoding=\"async\" width=\"1200\" height=\"675\" data-id=\"7734134\" src=\"https:\/\/www.europesays.com\/pt\/wp-content\/uploads\/2025\/11\/casa-de-marcello-novaes-jaques-dona-de-mim-11.jpg\" alt=\"casa de marcello novaes jaques dona de mim\" class=\"wp-image-7734134\"  \/><\/p>\n<p>Marcello Novaes se exercitando (Foto: Reprodu\u00e7\u00e3o, gshow)<\/p>\n<p><img loading=\"lazy\" decoding=\"async\" width=\"1200\" height=\"675\" data-id=\"7734135\" src=\"https:\/\/www.europesays.com\/pt\/wp-content\/uploads\/2025\/11\/casa-de-marcello-novaes-jaques-dona-de-mim-12.jpg\" alt=\"\" class=\"wp-image-7734135\"  \/><\/p>\n<p>Horta do ator (Foto: Reprodu\u00e7\u00e3o, gshow)<\/p>\n<p>Na vida real, <strong>Marcello Novaes<\/strong> preferiu trocar a <strong>agita\u00e7\u00e3o da cidade grande<\/strong> pelo <strong>sossego de um s\u00edtio<\/strong>. O local \u00e9 velho conhecido de Marcello, que comprou o im\u00f3vel do tio. Ele tinha 14 anos quando come\u00e7ou a frequentar o s\u00edtio e trocava qualquer passeio na Zona Sul carioca por uma ida para a natureza.<\/p>\n<p>Antes de se mudar para o s\u00edtio, <strong>Marcello Novaes<\/strong> morava em uma casa na Barra da Tijuca, na Zona Oeste do Rio. O<strong> local \u00e9 isolado<\/strong> e o vizinho mais pr\u00f3ximo fica a 800 metros. L\u00e1, Marcello aproveita a vida de uma forma bem diferente que seu personagem Jaques, com menos estresse e muita qualidade de vida.<\/p>\n<p>Continua depois da publicidade<\/p>\n<p>O ator tem uma horta org\u00e2nica, onde cultiva alimentos para consumo pr\u00f3prio. Ele tamb\u00e9m construiu uma oficina para fazer trabalhos manuais. <strong>Marcello gosta de construir m\u00f3veis e objetos decorativos a partir de troncos de madeira que encontra pelo s\u00edtio<\/strong>.<\/p>\n<p>Marcello mant\u00e9m a casa no Rio de Janeiro, para facilitar quando est\u00e1 em ritmo acelerado de grava\u00e7\u00f5es como agora em Dona de Mim. No entanto, escolheu passar a maior parte do tempo no s\u00edtio em que aproveitava quando adolescente e agora \u00e9 seu ref\u00fagio.<\/p>\n<p>Voc\u00ea pode gostar tamb\u00e9m de ver <a href=\"https:\/\/www.nsctotal.com.br\/noticias\/como-e-a-casa-de-felipe-simas-o-danilo-de-dona-de-mim\" rel=\"nofollow noopener\" target=\"_blank\"><strong>como \u00e9 a casa de Felipe Simas, o Danilo de Dona de Mim<\/strong><\/a>.<\/p>\n","protected":false},"excerpt":{"rendered":"Marcello Novaes \u00e9 o vil\u00e3o Jaques em Dona de Mim (Foto: Reprodu\u00e7\u00e3o, gshow | TV Globo) Em Dona&hellip;\n","protected":false},"author":2,"featured_media":163850,"comment_status":"","ping_status":"","sticky":false,"template":"","format":"standard","meta":{"footnotes":""},"categories":[142],"tags":[114,115,32,33,151,543],"class_list":{"0":"post-163849","1":"post","2":"type-post","3":"status-publish","4":"format-standard","5":"has-post-thumbnail","7":"category-tv","8":"tag-entertainment","9":"tag-entretenimento","10":"tag-portugal","11":"tag-pt","12":"tag-tv","13":"tag-ver-ouvir-ler"},"share_on_mastodon":{"url":"https:\/\/pubeurope.com\/@pt\/115606381599551895","error":""},"_links":{"self":[{"href":"https:\/\/www.europesays.com\/pt\/wp-json\/wp\/v2\/posts\/163849","targetHints":{"allow":["GET"]}}],"collection":[{"href":"https:\/\/www.europesays.com\/pt\/wp-json\/wp\/v2\/posts"}],"about":[{"href":"https:\/\/www.europesays.com\/pt\/wp-json\/wp\/v2\/types\/post"}],"author":[{"embeddable":true,"href":"https:\/\/www.europesays.com\/pt\/wp-json\/wp\/v2\/users\/2"}],"replies":[{"embeddable":true,"href":"https:\/\/www.europesays.com\/pt\/wp-json\/wp\/v2\/comments?post=163849"}],"version-history":[{"count":0,"href":"https:\/\/www.europesays.com\/pt\/wp-json\/wp\/v2\/posts\/163849\/revisions"}],"wp:featuredmedia":[{"embeddable":true,"href":"https:\/\/www.europesays.com\/pt\/wp-json\/wp\/v2\/media\/163850"}],"wp:attachment":[{"href":"https:\/\/www.europesays.com\/pt\/wp-json\/wp\/v2\/media?parent=163849"}],"wp:term":[{"taxonomy":"category","embeddable":true,"href":"https:\/\/www.europesays.com\/pt\/wp-json\/wp\/v2\/categories?post=163849"},{"taxonomy":"post_tag","embeddable":true,"href":"https:\/\/www.europesays.com\/pt\/wp-json\/wp\/v2\/tags?post=163849"}],"curies":[{"name":"wp","href":"https:\/\/api.w.org\/{rel}","templated":true}]}}