{"id":163859,"date":"2025-11-24T19:51:37","date_gmt":"2025-11-24T19:51:37","guid":{"rendered":"https:\/\/www.europesays.com\/pt\/163859\/"},"modified":"2025-11-24T19:51:37","modified_gmt":"2025-11-24T19:51:37","slug":"familia-com-bebe-e-crianca-desalojada-devido-a-incendio-numa-casa-em-penafiel","status":"publish","type":"post","link":"https:\/\/www.europesays.com\/pt\/163859\/","title":{"rendered":"Fam\u00edlia com beb\u00e9 e crian\u00e7a desalojada devido a inc\u00eandio numa casa em Penafiel"},"content":{"rendered":"<p data-remotead-prev-elm=\"true\" data-remotead-elm-id=\"inread\">O alerta para o inc\u00eandio foi dado pelas 15.23 horas e quando os Bombeiros Volunt\u00e1rios de Entre-os-Rios chegaram ao local, encontraram a casa completamente tomada pelas chamas. &#8220;Quando cheg\u00e1mos ao local, t\u00ednhamos a indica\u00e7\u00e3o de que havia dois desaparecidos, mas acabou por n\u00e3o se confirmar, j\u00e1 que n\u00e3o existia ningu\u00e9m dentro da habita\u00e7\u00e3o e a nossa preocupa\u00e7\u00e3o foi extinguir as chamas&#8221;, explicou Filipe Almeida, comandante dos Bombeiros Volunt\u00e1rios de Entre-os-Rios.<\/p>\n<p>Contudo, a casa onde morava um casal de 27 e 28 anos e os dois filhos, um beb\u00e9 de nove meses e uma crian\u00e7a de tr\u00eas anos, ficou completamente destru\u00edda e a fam\u00edlia ser\u00e1 agora acolhida por outros familiares. Foi ativada a A\u00e7\u00e3o Social da C\u00e2mara Municipal, para que agora possa fazer o acompanhamento da fam\u00edlia, que perdeu tudo na sequ\u00eancia do inc\u00eandio.<\/p>\n<p><img decoding=\"async\" class=\"ngx-body\" guid=\"c3d7e7e4-0645-4c9d-b580-a2595d4a0a35\" src=\"https:\/\/www.europesays.com\/pt\/wp-content\/uploads\/2025\/11\/1764013894_639_image.webp\" width=\"100%\"\/><\/p>\n<p data-remotead-prev-elm=\"true\" data-remotead-elm-id=\"centro1\"><img decoding=\"async\" class=\"ngx-body\" guid=\"37e3004f-f5a8-435d-908f-25b22a487901\" src=\"https:\/\/www.europesays.com\/pt\/wp-content\/uploads\/2025\/11\/1764013894_716_image.webp\" width=\"100%\"\/><\/p>\n<p>No local, a combater as chamas estiveram 25 operacionais, apoiados por 10 ve\u00edculos dos Bombeiros Volunt\u00e1rios de Entre-os-Rios e Pa\u00e7o de Sousa, do concelho de Penafiel e de Castelo de Paiva.<\/p>\n<p>A GNR das Termas de S. Vicente esteve no local a tomar conta da ocorr\u00eancia, assim como o Servi\u00e7o Municipal de Prote\u00e7\u00e3o Civil da autarquia penafidelense.<\/p>\n<p data-remotead-prev-elm=\"true\" data-remotead-elm-id=\"centro2\">Tendo em conta que havia a suspeita de que haveria pessoas no interior da habita\u00e7\u00e3o, foi tamb\u00e9m acionada a equipa da viatura m\u00e9dica de emerg\u00eancia e reanima\u00e7\u00e3o do Vale do Sousa.<\/p>\n<p><img decoding=\"async\" class=\"ngx-body\" guid=\"39a90ed8-e24e-48e4-89d6-585ccd42742f\" src=\"https:\/\/www.europesays.com\/pt\/wp-content\/uploads\/2025\/11\/1764013896_580_image.webp\" width=\"100%\"\/><\/p>\n<p><img decoding=\"async\" class=\"ngx-body\" guid=\"029d4d24-4bd2-483c-bfef-fa3bb6798180\" src=\"https:\/\/www.europesays.com\/pt\/wp-content\/uploads\/2025\/11\/1764013897_485_image.webp\" width=\"100%\"\/><\/p>\n<p data-remotead-prev-elm=\"true\" data-remotead-elm-id=\"centro3\">C\u00e2mara Municipal acompanha situa\u00e7\u00e3o<\/p>\n<p>Na sequ\u00eancia do inc\u00eandio, o Munic\u00edpio de Penafiel deu nota de que &#8220;est\u00e1 a acompanhar, desde a primeira hora&#8221;, a situa\u00e7\u00e3o, tendo mobilizado para o local equipas da Prote\u00e7\u00e3o Civil Municipal e da A\u00e7\u00e3o Social, &#8220;prestando o apoio necess\u00e1rio e avaliando de imediato as necessidades da fam\u00edlia&#8221;.<\/p>\n<p>&#8220;O Munic\u00edpio disponibilizou uma habita\u00e7\u00e3o de emerg\u00eancia para acolher, de imediato, os quatro desalojados. Contudo, a fam\u00edlia optou por permanecer temporariamente em casa de familiares&#8221;, referiu, assegurando que &#8220;manter\u00e1 contacto permanente com esta fam\u00edlia, garantindo todos os bens essenciais e assegurando uma solu\u00e7\u00e3o de alojamento adequada e est\u00e1vel, caso a fam\u00edlia assim o pretenda&#8221;. &#8220;Continuaremos a acompanhar de perto a situa\u00e7\u00e3o, mobilizando todos os meios ao nosso dispor para apoiar estas pessoas num momento particularmente dif\u00edcil&#8221;, concluiu o munic\u00edpio.<\/p>\n","protected":false},"excerpt":{"rendered":"O alerta para o inc\u00eandio foi dado pelas 15.23 horas e quando os Bombeiros Volunt\u00e1rios de Entre-os-Rios chegaram&hellip;\n","protected":false},"author":2,"featured_media":163860,"comment_status":"","ping_status":"","sticky":false,"template":"","format":"standard","meta":{"footnotes":""},"categories":[10],"tags":[27,28,27574,15,16,14,625,25,26,21,22,12,13,19,20,32,23,24,33,17,18,29,30,31],"class_list":{"0":"post-163859","1":"post","2":"type-post","3":"status-publish","4":"format-standard","5":"has-post-thumbnail","7":"category-portugal","8":"tag-breaking-news","9":"tag-breakingnews","10":"tag-concelho-penafiel","11":"tag-featured-news","12":"tag-featurednews","13":"tag-headlines","14":"tag-incendio","15":"tag-latest-news","16":"tag-latestnews","17":"tag-main-news","18":"tag-mainnews","19":"tag-news","20":"tag-noticias","21":"tag-noticias-principais","22":"tag-noticiasprincipais","23":"tag-portugal","24":"tag-principais-noticias","25":"tag-principaisnoticias","26":"tag-pt","27":"tag-top-stories","28":"tag-topstories","29":"tag-ultimas","30":"tag-ultimas-noticias","31":"tag-ultimasnoticias"},"share_on_mastodon":{"url":"https:\/\/pubeurope.com\/@pt\/115606421114506536","error":""},"_links":{"self":[{"href":"https:\/\/www.europesays.com\/pt\/wp-json\/wp\/v2\/posts\/163859","targetHints":{"allow":["GET"]}}],"collection":[{"href":"https:\/\/www.europesays.com\/pt\/wp-json\/wp\/v2\/posts"}],"about":[{"href":"https:\/\/www.europesays.com\/pt\/wp-json\/wp\/v2\/types\/post"}],"author":[{"embeddable":true,"href":"https:\/\/www.europesays.com\/pt\/wp-json\/wp\/v2\/users\/2"}],"replies":[{"embeddable":true,"href":"https:\/\/www.europesays.com\/pt\/wp-json\/wp\/v2\/comments?post=163859"}],"version-history":[{"count":0,"href":"https:\/\/www.europesays.com\/pt\/wp-json\/wp\/v2\/posts\/163859\/revisions"}],"wp:featuredmedia":[{"embeddable":true,"href":"https:\/\/www.europesays.com\/pt\/wp-json\/wp\/v2\/media\/163860"}],"wp:attachment":[{"href":"https:\/\/www.europesays.com\/pt\/wp-json\/wp\/v2\/media?parent=163859"}],"wp:term":[{"taxonomy":"category","embeddable":true,"href":"https:\/\/www.europesays.com\/pt\/wp-json\/wp\/v2\/categories?post=163859"},{"taxonomy":"post_tag","embeddable":true,"href":"https:\/\/www.europesays.com\/pt\/wp-json\/wp\/v2\/tags?post=163859"}],"curies":[{"name":"wp","href":"https:\/\/api.w.org\/{rel}","templated":true}]}}