{"id":163881,"date":"2025-11-24T20:08:15","date_gmt":"2025-11-24T20:08:15","guid":{"rendered":"https:\/\/www.europesays.com\/pt\/163881\/"},"modified":"2025-11-24T20:08:15","modified_gmt":"2025-11-24T20:08:15","slug":"ana-castela-diz-que-usa-uma-cola-qual-a-solucao","status":"publish","type":"post","link":"https:\/\/www.europesays.com\/pt\/163881\/","title":{"rendered":"Ana Castela diz que usa uma &#8216;cola&#8217;; qual a solu\u00e7\u00e3o?"},"content":{"rendered":"<p class=\"bullet mt-0\" data-v-232111b4=\"\"><strong>Quando a abertura da orelha \u00e9 maior, a cirurgia pl\u00e1stica (otoplastia) \u00e9 a solu\u00e7\u00e3o.<\/strong> O procedimento \u00e9 indicado a partir dos seis anos, quando a orelha j\u00e1 atingiu o tamanho final, e deve ser uma escolha da pr\u00f3pria crian\u00e7a ou jovem.<\/p>\n<p class=\"bullet\" data-v-232111b4=\"\"><strong>Faixas el\u00e1sticas ou sondas adesivas podem ser usadas, mas sempre com orienta\u00e7\u00e3o m\u00e9dica.<\/strong> Essas op\u00e7\u00f5es s\u00e3o indicadas apenas para deformidades suaves e devem ser feitas sob supervis\u00e3o profissional para evitar riscos.<\/p>\n<p>Ana Castela diz que sofria bullying<\/p>\n<p class=\"bullet\" data-v-232111b4=\"\"><strong>Pessoas com orelha de abano podem enfrentar bullying e impactos na autoestima.<\/strong> Especialistas recomendam apoio psicol\u00f3gico e, nos casos de desconforto, buscar avalia\u00e7\u00e3o m\u00e9dica para discutir as op\u00e7\u00f5es dispon\u00edveis.<\/p>\n<p class=\"bullet\" data-v-232111b4=\"\"><strong>A cantora de 22 anos contou que sempre foi alvo de piadas por ter orelhas de abano.<\/strong> Segundo ela, o inc\u00f4modo come\u00e7ou ainda na inf\u00e2ncia e chegou ao ponto de ela ser v\u00edtima de perfis fakes nas redes sociais.<\/p>\n<p class=\"bullet\" data-v-232111b4=\"\"><strong>A artista fez uma cirurgia para tentar corrigir o formato, mas o resultado foi tempor\u00e1rio.<\/strong> Ela n\u00e3o explicou como foi a cirurgia e por que o resultado n\u00e3o foi definitivo. &#8220;A vida inteira sofri muito bullying [por isso]. J\u00e1 fizeram at\u00e9 um fake com a foto da minha orelha. Por conta disso, fiz uma cirurgia, mas acabou que voltou e esses &#8216;bullyings&#8217; [tamb\u00e9m] voltaram. N\u00e3o pedi para nascer assim, n\u00e3o, minha gente!&#8221;, disse Ana em tom bem-humorado.<\/p>\n","protected":false},"excerpt":{"rendered":"Quando a abertura da orelha \u00e9 maior, a cirurgia pl\u00e1stica (otoplastia) \u00e9 a solu\u00e7\u00e3o. O procedimento \u00e9 indicado&hellip;\n","protected":false},"author":2,"featured_media":163882,"comment_status":"","ping_status":"","sticky":false,"template":"","format":"standard","meta":{"footnotes":""},"categories":[145],"tags":[211,210,114,115,32,33],"class_list":{"0":"post-163881","1":"post","2":"type-post","3":"status-publish","4":"format-standard","5":"has-post-thumbnail","7":"category-celebridades","8":"tag-celebridades","9":"tag-celebrities","10":"tag-entertainment","11":"tag-entretenimento","12":"tag-portugal","13":"tag-pt"},"share_on_mastodon":{"url":"https:\/\/pubeurope.com\/@pt\/115606487281037223","error":""},"_links":{"self":[{"href":"https:\/\/www.europesays.com\/pt\/wp-json\/wp\/v2\/posts\/163881","targetHints":{"allow":["GET"]}}],"collection":[{"href":"https:\/\/www.europesays.com\/pt\/wp-json\/wp\/v2\/posts"}],"about":[{"href":"https:\/\/www.europesays.com\/pt\/wp-json\/wp\/v2\/types\/post"}],"author":[{"embeddable":true,"href":"https:\/\/www.europesays.com\/pt\/wp-json\/wp\/v2\/users\/2"}],"replies":[{"embeddable":true,"href":"https:\/\/www.europesays.com\/pt\/wp-json\/wp\/v2\/comments?post=163881"}],"version-history":[{"count":0,"href":"https:\/\/www.europesays.com\/pt\/wp-json\/wp\/v2\/posts\/163881\/revisions"}],"wp:featuredmedia":[{"embeddable":true,"href":"https:\/\/www.europesays.com\/pt\/wp-json\/wp\/v2\/media\/163882"}],"wp:attachment":[{"href":"https:\/\/www.europesays.com\/pt\/wp-json\/wp\/v2\/media?parent=163881"}],"wp:term":[{"taxonomy":"category","embeddable":true,"href":"https:\/\/www.europesays.com\/pt\/wp-json\/wp\/v2\/categories?post=163881"},{"taxonomy":"post_tag","embeddable":true,"href":"https:\/\/www.europesays.com\/pt\/wp-json\/wp\/v2\/tags?post=163881"}],"curies":[{"name":"wp","href":"https:\/\/api.w.org\/{rel}","templated":true}]}}