{"id":163891,"date":"2025-11-24T20:17:11","date_gmt":"2025-11-24T20:17:11","guid":{"rendered":"https:\/\/www.europesays.com\/pt\/163891\/"},"modified":"2025-11-24T20:17:11","modified_gmt":"2025-11-24T20:17:11","slug":"lider-da-salesforce-abandonou-chatgpt-em-favor-do-gemini-da-google","status":"publish","type":"post","link":"https:\/\/www.europesays.com\/pt\/163891\/","title":{"rendered":"L\u00edder da Salesforce abandonou ChatGPT em favor do Gemini da Google"},"content":{"rendered":"<p>O cofundador e CEO da Salesforce, Marc Benioff, fez uma publica\u00e7\u00e3o na rede social X onde refere que, depois de tr\u00eas anos a usar todos os dias o ChatGPT, vai passar a usar o Gemini da Google. Mais ainda, Benioff diz que n\u00e3o voltar\u00e1 atr\u00e1s nesta escolha.<\/p>\n<p>A publica\u00e7\u00e3o de Benioff baseia-se nos avan\u00e7os que a Google tem feito no desenvolvimento de Intelig\u00eancia Artificial, com o l\u00edder da Salesforce a elogiar o trabalho feito pela gigante tecnol\u00f3gica com o mais recente modelo Gemini 3.0.<\/p>\n<p>Benioff diz mesmo que bastaram duas horas de utiliza\u00e7\u00e3o do Gemini para perceber que a Google est\u00e1 neste momento \u00e0 frente da concorrente OpenAI e do seu ChatGPT.<\/p>\n<p>\u201cUsei o ChatGPT todos os dias durante tr\u00eas anos. Acabei de passar duas horas com o Gemini 3. N\u00e3o vou voltar atr\u00e1s. O \u2018salto\u2019 \u00e9 de louco &#8211; racioc\u00ednio, velocidade, imagens, v\u00eddeo\u2026 Tudo \u00e9 mais preciso e r\u00e1pido. Parece que o mundo acaba de mudar novamente\u201d, escreveu Benioff.<\/p>\n<blockquote class=\"twitter-tweet\"><p>&#13;<\/p>\n<p dir=\"ltr\" lang=\"en\">Holy shit. I\u2019ve used ChatGPT every day for 3 years. Just spent 2 hours on Gemini 3. I\u2019m not going back. The leap is insane \u2014 reasoning, speed, images, video\u2026 everything is sharper and faster. It feels like the world just changed, again. \ufe0f \ud83e\udd16 <a href=\"https:\/\/t.co\/HruXhc16Mq\" rel=\"nofollow\">https:\/\/t.co\/HruXhc16Mq<\/a><\/p>\n<p>&#13;<br \/>\n                                                    \u2014 Marc Benioff (@Benioff) <a href=\"https:\/\/twitter.com\/Benioff\/status\/1992726929204760661?ref_src=twsrc%5Etfw\" rel=\"nofollow noopener\" target=\"_blank\">November 23, 2025<\/a><\/p><\/blockquote>\n<p>O l\u00edder da Salesforce n\u00e3o foi a \u00fanica personalidade do mundo da tecnologia a reconhecer a qualidade do Gemini 3, com Elon Musk (da xAI) e Sam Altman (da OpenAI) a terem feito publica\u00e7\u00f5es no X onde davam os parab\u00e9ns \u00e0 Google pelo novo modelo.<\/p>\n<p>Numa publica\u00e7\u00e3o partilhada pelo l\u00edder da divis\u00e3o DeepMind da Google, Demis Hassabis, Elon Musk <a href=\"https:\/\/x.com\/elonmusk\/status\/1990824948701733303?s=20\" target=\"_blank\" rel=\"noopener nofollow\">congratulou<\/a> a empresa rival e escreveu uma publica\u00e7\u00e3o simples (mas expressiva): \u201cBom trabalho\u201d.<\/p>\n<p>J\u00e1 Sam Altman, cofundador e CEO da OpenAI, foi mais longe e deu os parab\u00e9ns diretamente \u00e0 Google. \u201cParab\u00e9ns \u00e0 Google pelo Gemini 3. Parece um excelente modelo\u201d, <a href=\"https:\/\/x.com\/sama\/status\/1990828659981144462?s=20\" target=\"_blank\" rel=\"noopener nofollow\">escreveu<\/a> Altman.<\/p>\n<p>Leia Tamb\u00e9m: <a href=\"https:\/\/www.noticiasaominuto.com\/tech\/2891244\/chatgpt-e-a-ferramenta-de-ia-mais-usada-em-portugal-seguida-do-copilot\" target=\"_blank\" rel=\"noopener noreferrer nofollow\">ChatGPT \u00e9 a ferramenta de IA mais usada em Portugal, seguida do Copilot<\/a><\/p>\n<p>                                            <script async src=\"https:\/\/platform.twitter.com\/widgets.js\" charset=\"utf-8\"><\/script><\/p>\n","protected":false},"excerpt":{"rendered":"O cofundador e CEO da Salesforce, Marc Benioff, fez uma publica\u00e7\u00e3o na rede social X onde refere que,&hellip;\n","protected":false},"author":2,"featured_media":163892,"comment_status":"","ping_status":"","sticky":false,"template":"","format":"standard","meta":{"footnotes":""},"categories":[84],"tags":[109,107,108,32,33,105,103,104,106,110],"class_list":{"0":"post-163891","1":"post","2":"type-post","3":"status-publish","4":"format-standard","5":"has-post-thumbnail","7":"category-ciencia-e-tecnologia","8":"tag-ciencia","9":"tag-ciencia-e-tecnologia","10":"tag-cienciaetecnologia","11":"tag-portugal","12":"tag-pt","13":"tag-science","14":"tag-science-and-technology","15":"tag-scienceandtechnology","16":"tag-technology","17":"tag-tecnologia"},"share_on_mastodon":{"url":"https:\/\/pubeurope.com\/@pt\/115606522611595271","error":""},"_links":{"self":[{"href":"https:\/\/www.europesays.com\/pt\/wp-json\/wp\/v2\/posts\/163891","targetHints":{"allow":["GET"]}}],"collection":[{"href":"https:\/\/www.europesays.com\/pt\/wp-json\/wp\/v2\/posts"}],"about":[{"href":"https:\/\/www.europesays.com\/pt\/wp-json\/wp\/v2\/types\/post"}],"author":[{"embeddable":true,"href":"https:\/\/www.europesays.com\/pt\/wp-json\/wp\/v2\/users\/2"}],"replies":[{"embeddable":true,"href":"https:\/\/www.europesays.com\/pt\/wp-json\/wp\/v2\/comments?post=163891"}],"version-history":[{"count":0,"href":"https:\/\/www.europesays.com\/pt\/wp-json\/wp\/v2\/posts\/163891\/revisions"}],"wp:featuredmedia":[{"embeddable":true,"href":"https:\/\/www.europesays.com\/pt\/wp-json\/wp\/v2\/media\/163892"}],"wp:attachment":[{"href":"https:\/\/www.europesays.com\/pt\/wp-json\/wp\/v2\/media?parent=163891"}],"wp:term":[{"taxonomy":"category","embeddable":true,"href":"https:\/\/www.europesays.com\/pt\/wp-json\/wp\/v2\/categories?post=163891"},{"taxonomy":"post_tag","embeddable":true,"href":"https:\/\/www.europesays.com\/pt\/wp-json\/wp\/v2\/tags?post=163891"}],"curies":[{"name":"wp","href":"https:\/\/api.w.org\/{rel}","templated":true}]}}