{"id":163893,"date":"2025-11-24T20:19:10","date_gmt":"2025-11-24T20:19:10","guid":{"rendered":"https:\/\/www.europesays.com\/pt\/163893\/"},"modified":"2025-11-24T20:19:10","modified_gmt":"2025-11-24T20:19:10","slug":"maduro-ja-nem-dorme-bem-observador","status":"publish","type":"post","link":"https:\/\/www.europesays.com\/pt\/163893\/","title":{"rendered":"Maduro j\u00e1 nem &#8220;dorme bem&#8221; \u2013 Observador"},"content":{"rendered":"<p>Do ponto de vista militar, n\u00e3o h\u00e1 meios suficientes na regi\u00e3o para uma invas\u00e3o total, mas h\u00e1 capacidade para ataques cir\u00fargicos contra alvos ligados ao narcotr\u00e1fico ou \u00e0 defesa a\u00e9rea venezuelana, como referiu, \u00e0 R\u00e1dio Observador, o coronel Jos\u00e9 do Carmo. \u201cO tipo de meios que est\u00e3o ali concentrados n\u00e3o permite uma invas\u00e3o terrestre. \u00c9 press\u00e3o.<strong> Press\u00e3o para tirar Maduro do poder\u201d.<\/strong> Como recorda o especialista, a CIA j\u00e1 ter\u00e1 autoriza\u00e7\u00e3o para a\u00e7\u00f5es de subvers\u00e3o no pa\u00eds, procurando fortalecer a oposi\u00e7\u00e3o interna e enfraquecer as estruturas leais ao regime.<\/p>\n<blockquote class=\"wp-embedded-content\" data-secret=\"0qW4FooZux\">\n<p><a href=\"https:\/\/observador.pt\/programas\/gabinete-de-guerra\/venezuela-objetivo-e-fazer-pressao-militar-sobre-regime\/\" rel=\"nofollow noopener\" target=\"_blank\">Venezuela. \u201cObjetivo \u00e9 fazer press\u00e3o militar sobre o regime\u201d<\/a><\/p>\n<\/blockquote>\n<p><strong>Daqui para a frente, n\u00e3o se sabe ao certo que se pode esperar<\/strong>. O cen\u00e1rio mais prov\u00e1vel, segundo Bruno Cardoso Reis, n\u00e3o \u00e9 o de invas\u00e3o terrestre, mas o de opera\u00e7\u00f5es militares limitadas combinadas com press\u00e3o diplom\u00e1tica e clandestina. Jos\u00e9 do Carmo partilha a mesma opini\u00e3o, afirmando que \u201ca ideia \u00e9 que alguma oposi\u00e7\u00e3o interna se fa\u00e7a forte, com as costas quentes. N\u00e3o h\u00e1 for\u00e7a suficiente para uma invas\u00e3o\u201d.<\/p>\n<p>No terreno, de acordo com o New York Times <a href=\"https:\/\/observador.pt\/2025\/11\/04\/de-ataques-contra-alvos-militares-a-invasao-com-brigadas-antiterroristas-casa-branca-desenha-planos-para-o-futuro-de-maduro\/\" rel=\"nofollow noopener\" target=\"_blank\">h\u00e1 tr\u00eas possibilidades<\/a>. A primeira \u00e9 a escalada militar, com ataques a\u00e9reos contra instala\u00e7\u00f5es militares, algumas das quais envolvidas no tr\u00e1fico de droga. O objetivo \u00e9 colapsar o apoio militar ao regime de\u00a0Maduro, que, neste cen\u00e1rio, poderia procurar fugir da Venezuela ou ent\u00e3o sair de Caracas, o que tornaria mais f\u00e1cil a sua captura.<\/p>\n<p>Depois, h\u00e1 o envio<strong> tropas de opera\u00e7\u00f5es especiais norte-americanas<\/strong> para tentar capturar (ou eventualmente matar) o Presidente venezuelano. Existe ainda\u00a0a possibilidade do envio de brigadas antiterrorismo para a Venezuela, com a finalidade de controlar algumas bases militares, petrol\u00edferas e infraestruturas vitais. Esta op\u00e7\u00e3o \u00e9 mais arriscada para as tropas norte-americanas no terreno.<\/p>\n<blockquote class=\"wp-embedded-content\" data-secret=\"IZcQVtfxcE\">\n<p><a href=\"https:\/\/observador.pt\/2025\/11\/04\/de-ataques-contra-alvos-militares-a-invasao-com-brigadas-antiterroristas-casa-branca-desenha-planos-para-o-futuro-de-maduro\/\" rel=\"nofollow noopener\" target=\"_blank\">De ataques contra alvos militares \u00e0 invas\u00e3o com brigadas antiterroristas. Casa Branca desenha planos para o futuro de Maduro<\/a><\/p>\n<\/blockquote>\n<p><strong>Em \u00faltima inst\u00e2ncia, a decis\u00e3o caber\u00e1 ao Presidente norte-americano, Donald Trump.<\/strong> O Chefe de Estado quer evitar que as tropas norte-americanas corram riscos desnecess\u00e1rios, assim como deseja prevenir um falhan\u00e7o para os Estados Unidos. Em paralelo, a presid\u00eancia pretende n\u00e3o <strong>incomodar as vozes que defendem pol\u00edticas n\u00e3o intervencionistas<\/strong> da sua base eleitoral. Mas este posicionamento est\u00e1 a ser questionado por <strong>Marco Rubio,<\/strong> juntamente com o conselheiro de Seguran\u00e7a Interna\u00a0<strong>Stephen Miller<\/strong>, que est\u00e3o a influenciar o Chefe de Estado a agir de forma mais agressiva e assertiva contra a Venezuela.<\/p>\n<p>O Presidente norte-americano tamb\u00e9m est\u00e1 focado noutro assunto: <strong>nas reservas de petr\u00f3leo que a Venezuela tem<\/strong>. Mas ainda n\u00e3o \u00e9 claro o que aconteceria se Nicol\u00e1s Maduro sa\u00edsse do poder: se os Estados Unidos se apropriariam das mesmas, ou se as geririam em conjunto com o futuro l\u00edder venezuelano, que, em teoria, seria Mar\u00eda Corina Machado.<\/p>\n<p>Agora, ap\u00f3s duas semanas de v\u00e1rias reuni\u00f5es de alto n\u00edvel, sabe-se apenas que Trump j\u00e1 ter\u00e1 sido informado das v\u00e1rias possibilidades operacionais, numa reuni\u00e3o de alto n\u00edvel na quinta-feira na sala de situa\u00e7\u00e3o da Casa Branca. O Presidente dos Estados Unidos <strong>j\u00e1 ter\u00e1 tomado uma decis\u00e3o<\/strong> sobre as a\u00e7\u00f5es militares que pretende tomar em rela\u00e7\u00e3o \u00e0 Venezuela, mas nunca a tornou p\u00fablica.<\/p>\n<blockquote class=\"wp-embedded-content\" data-secret=\"6xtec7JqPW\">\n<p><a href=\"https:\/\/observador.pt\/2025\/11\/16\/trump-analisou-cenarios-militares-para-a-venezuela-e-ja-tera-tomado-decisao-maduro-volta-a-apelar-a-paz\/\" rel=\"nofollow noopener\" target=\"_blank\">Trump analisou cen\u00e1rios militares para a Venezuela e j\u00e1 ter\u00e1 tomado decis\u00e3o. Maduro volta a apelar \u00e0 paz<\/a><\/p>\n<\/blockquote>\n<p><strong>Oleg Makarevich.\u00a0<\/strong>Este coronel-general das For\u00e7as Armadas Russas estar\u00e1 a comandar a miss\u00e3o Equator Task Force (ETF) do Minist\u00e9rio da Defesa russo, composta por mais de 120 militares \u2014 espalhados por v\u00e1rios pontos do territ\u00f3rio venezuelano como Caracas, Maracaibo, La Guaira e na ilha de Aves \u2014, que est\u00e3o a monitorizar a situa\u00e7\u00e3o no pa\u00eds da Am\u00e9rica do Sul.<\/p>\n<p>O Presidente russo, Vladimir Putin, nunca escondeu a proximidade com o hom\u00f3logo venezuelano. A R\u00fassia tem sido uma parceira econ\u00f3mica, diplom\u00e1tica e pol\u00edtica do regime da Venezuela \u2014 e n\u00e3o deseja\u00a0que Nicol\u00e1s Maduro saia do poder. Por causa disso, ter\u00e1 enviado militares para estarem atentos \u00e0 situa\u00e7\u00e3o no terreno e tentar apoiar o chefe de Estado.<\/p>\n<p>A informa\u00e7\u00e3o de que Oleg Makarevich \u2014 que j\u00e1 tinha sido mobilizado para combates na Ucr\u00e2nia \u2014 est\u00e1 na Venezuela foi avan\u00e7ada pelo chefe dos servi\u00e7os de informa\u00e7\u00e3o do Minist\u00e9rio da Defesa da Ucr\u00e2nia, Kyrylo Budanov. Em declara\u00e7\u00f5es \u00e0 <a href=\"https:\/\/www.kyivpost.com\/post\/64803\" rel=\"nofollow noopener\" target=\"_blank\">imprensa ucraniana<\/a>, o respons\u00e1vel militar informou que a R\u00fassia est\u00e1 a treinar as for\u00e7as venezuelanas em diversas \u00e1reas, incluindo infantaria, for\u00e7as especiais, opera\u00e7\u00f5es com drones e na partilha de informa\u00e7\u00f5es secretas.<\/p>\n<p>Segundo Kyrylo Budanov, a miss\u00e3o do ETF na Venezuela \u00e9 de longa dura\u00e7\u00e3o e n\u00e3o constitui uma resposta iminente \u00e0 recente intensifica\u00e7\u00e3o da presen\u00e7a militar norte-americana nas Cara\u00edbas. \u201cIsto \u00e9 apenas um jogo. Eles ficar\u00e3o nos bastidores e a R\u00fassia tentar\u00e1 negociar com os EUA <strong>porque as suas unidades est\u00e3o na Venezuela\u201d<\/strong>, afirmou o l\u00edder das secretas militares.<\/p>\n","protected":false},"excerpt":{"rendered":"Do ponto de vista militar, n\u00e3o h\u00e1 meios suficientes na regi\u00e3o para uma invas\u00e3o total, mas h\u00e1 capacidade&hellip;\n","protected":false},"author":2,"featured_media":163894,"comment_status":"","ping_status":"","sticky":false,"template":"","format":"standard","meta":{"footnotes":""},"categories":[50],"tags":[624,27,28,623,15,16,14,25,26,21,22,62,12,11336,13,19,20,4497,23,24,17,18,29,30,31,3023,63,64,65],"class_list":{"0":"post-163893","1":"post","2":"type-post","3":"status-publish","4":"format-standard","5":"has-post-thumbnail","7":"category-mundo","8":"tag-amu00e9rica","9":"tag-breaking-news","10":"tag-breakingnews","11":"tag-estados-unidos-da-amu00e9rica","12":"tag-featured-news","13":"tag-featurednews","14":"tag-headlines","15":"tag-latest-news","16":"tag-latestnews","17":"tag-main-news","18":"tag-mainnews","19":"tag-mundo","20":"tag-news","21":"tag-nicolu00e1s-maduro","22":"tag-noticias","23":"tag-noticias-principais","24":"tag-noticiasprincipais","25":"tag-presidente-trump","26":"tag-principais-noticias","27":"tag-principaisnoticias","28":"tag-top-stories","29":"tag-topstories","30":"tag-ultimas","31":"tag-ultimas-noticias","32":"tag-ultimasnoticias","33":"tag-venezuela","34":"tag-world","35":"tag-world-news","36":"tag-worldnews"},"share_on_mastodon":{"url":"https:\/\/pubeurope.com\/@pt\/115606530622424702","error":""},"_links":{"self":[{"href":"https:\/\/www.europesays.com\/pt\/wp-json\/wp\/v2\/posts\/163893","targetHints":{"allow":["GET"]}}],"collection":[{"href":"https:\/\/www.europesays.com\/pt\/wp-json\/wp\/v2\/posts"}],"about":[{"href":"https:\/\/www.europesays.com\/pt\/wp-json\/wp\/v2\/types\/post"}],"author":[{"embeddable":true,"href":"https:\/\/www.europesays.com\/pt\/wp-json\/wp\/v2\/users\/2"}],"replies":[{"embeddable":true,"href":"https:\/\/www.europesays.com\/pt\/wp-json\/wp\/v2\/comments?post=163893"}],"version-history":[{"count":0,"href":"https:\/\/www.europesays.com\/pt\/wp-json\/wp\/v2\/posts\/163893\/revisions"}],"wp:featuredmedia":[{"embeddable":true,"href":"https:\/\/www.europesays.com\/pt\/wp-json\/wp\/v2\/media\/163894"}],"wp:attachment":[{"href":"https:\/\/www.europesays.com\/pt\/wp-json\/wp\/v2\/media?parent=163893"}],"wp:term":[{"taxonomy":"category","embeddable":true,"href":"https:\/\/www.europesays.com\/pt\/wp-json\/wp\/v2\/categories?post=163893"},{"taxonomy":"post_tag","embeddable":true,"href":"https:\/\/www.europesays.com\/pt\/wp-json\/wp\/v2\/tags?post=163893"}],"curies":[{"name":"wp","href":"https:\/\/api.w.org\/{rel}","templated":true}]}}