{"id":163895,"date":"2025-11-24T20:20:43","date_gmt":"2025-11-24T20:20:43","guid":{"rendered":"https:\/\/www.europesays.com\/pt\/163895\/"},"modified":"2025-11-24T20:20:43","modified_gmt":"2025-11-24T20:20:43","slug":"filho-ameaca-colegas-de-escola-e-pai-e-preso-com-500-notas-falsas-e-explosivos","status":"publish","type":"post","link":"https:\/\/www.europesays.com\/pt\/163895\/","title":{"rendered":"Filho amea\u00e7a colegas de escola e pai \u00e9 preso com 500 notas falsas e explosivos"},"content":{"rendered":"<p data-remotead-prev-elm=\"true\" data-remotead-elm-id=\"inread\">De acordo com informa\u00e7\u00f5es recolhidas pelo JN, foi no in\u00edcio deste ano que o jovem amea\u00e7ou colegas da escola secund\u00e1ria com uma arma de fogo. As amea\u00e7as que foram cometidas fora do recinto escolar levaram as v\u00edtimas a apresentar queixa.<\/p>\n<p>A unidade de Contraterrorismo da PJ do Porto come\u00e7ou a investigar o caso que parecia simples, mas, durante as buscas \u00e0 casa do estudante, os investigadores encontraram &#8220;cinco armas, diversas muni\u00e7\u00f5es de distinto calibre, material explosivo e centenas de notas falsas de valor facial diverso&#8221;.<\/p>\n<p>Pelo que apur\u00e1mos, foram encontradas cerca de 500 notas de 200, 100, 20 e 10 euros contrafeitas. O dinheiro, assim como os explosivos, altamente inst\u00e1veis, foram apreendidos e os dois homens detidos.<\/p>\n<p>Levados ao Tribunal de Instru\u00e7\u00e3o Criminal de Penafiel, pai e filho ficaram sujeitos a apresenta\u00e7\u00f5es bissemanais como medida de coa\u00e7\u00e3o.<\/p>\n","protected":false},"excerpt":{"rendered":"De acordo com informa\u00e7\u00f5es recolhidas pelo JN, foi no in\u00edcio deste ano que o jovem amea\u00e7ou colegas da&hellip;\n","protected":false},"author":2,"featured_media":163896,"comment_status":"","ping_status":"","sticky":false,"template":"","format":"standard","meta":{"footnotes":""},"categories":[10],"tags":[1842,8148,27,28,28149,15,16,14,603,25,26,21,22,12,34677,13,19,20,32,23,24,33,17,18,29,30,31],"class_list":{"0":"post-163895","1":"post","2":"type-post","3":"status-publish","4":"format-standard","5":"has-post-thumbnail","7":"category-portugal","8":"tag-ameaca","9":"tag-baiao","10":"tag-breaking-news","11":"tag-breakingnews","12":"tag-explosivos","13":"tag-featured-news","14":"tag-featurednews","15":"tag-headlines","16":"tag-justica","17":"tag-latest-news","18":"tag-latestnews","19":"tag-main-news","20":"tag-mainnews","21":"tag-news","22":"tag-notas-falsas","23":"tag-noticias","24":"tag-noticias-principais","25":"tag-noticiasprincipais","26":"tag-portugal","27":"tag-principais-noticias","28":"tag-principaisnoticias","29":"tag-pt","30":"tag-top-stories","31":"tag-topstories","32":"tag-ultimas","33":"tag-ultimas-noticias","34":"tag-ultimasnoticias"},"share_on_mastodon":{"url":"https:\/\/pubeurope.com\/@pt\/115606534574676364","error":""},"_links":{"self":[{"href":"https:\/\/www.europesays.com\/pt\/wp-json\/wp\/v2\/posts\/163895","targetHints":{"allow":["GET"]}}],"collection":[{"href":"https:\/\/www.europesays.com\/pt\/wp-json\/wp\/v2\/posts"}],"about":[{"href":"https:\/\/www.europesays.com\/pt\/wp-json\/wp\/v2\/types\/post"}],"author":[{"embeddable":true,"href":"https:\/\/www.europesays.com\/pt\/wp-json\/wp\/v2\/users\/2"}],"replies":[{"embeddable":true,"href":"https:\/\/www.europesays.com\/pt\/wp-json\/wp\/v2\/comments?post=163895"}],"version-history":[{"count":0,"href":"https:\/\/www.europesays.com\/pt\/wp-json\/wp\/v2\/posts\/163895\/revisions"}],"wp:featuredmedia":[{"embeddable":true,"href":"https:\/\/www.europesays.com\/pt\/wp-json\/wp\/v2\/media\/163896"}],"wp:attachment":[{"href":"https:\/\/www.europesays.com\/pt\/wp-json\/wp\/v2\/media?parent=163895"}],"wp:term":[{"taxonomy":"category","embeddable":true,"href":"https:\/\/www.europesays.com\/pt\/wp-json\/wp\/v2\/categories?post=163895"},{"taxonomy":"post_tag","embeddable":true,"href":"https:\/\/www.europesays.com\/pt\/wp-json\/wp\/v2\/tags?post=163895"}],"curies":[{"name":"wp","href":"https:\/\/api.w.org\/{rel}","templated":true}]}}