{"id":163905,"date":"2025-11-24T20:29:12","date_gmt":"2025-11-24T20:29:12","guid":{"rendered":"https:\/\/www.europesays.com\/pt\/163905\/"},"modified":"2025-11-24T20:29:12","modified_gmt":"2025-11-24T20:29:12","slug":"fique-sabendo-em-ribeirao-pires-amplia-testagem-de-ists-abc-do-abc","status":"publish","type":"post","link":"https:\/\/www.europesays.com\/pt\/163905\/","title":{"rendered":"Fique Sabendo em Ribeir\u00e3o Pires amplia testagem de ISTs ABC do ABC"},"content":{"rendered":"<p>A cidade de <strong><a href=\"https:\/\/www.ribeiraopires.sp.gov.br\" target=\"_blank\" rel=\"noreferrer noopener nofollow\">Ribeir\u00e3o Pires<\/a> <\/strong>deu in\u00edcio, nesta segunda-feira (24), \u00e0 <strong>campanha Fique Sabendo<\/strong>. A iniciativa tem como foco principal intensificar a realiza\u00e7\u00e3o de testes para a detec\u00e7\u00e3o de <strong>HIV, s\u00edfilis e hepatites B e C.<\/strong> Os atendimentos ocorrem tanto nas unidades de sa\u00fade e no Servi\u00e7o de Aten\u00e7\u00e3o Especializada quanto em a\u00e7\u00f5es extramuros, garantindo maior alcance da estrat\u00e9gia de preven\u00e7\u00e3o.<\/p>\n<p>A edi\u00e7\u00e3o 2025 da Fique Sabendo atua como uma ferramenta estrat\u00e9gica que mobiliza todo o Estado de S\u00e3o Paulo. O objetivo central \u00e9 aproximar a popula\u00e7\u00e3o dos servi\u00e7os p\u00fablicos de sa\u00fade, facilitando o acesso ao diagn\u00f3stico. Ao<strong> ampliar a testagem<\/strong>, a campanha busca reduzir os \u00edndices de diagn\u00f3sticos tardios de Infec\u00e7\u00f5es Sexualmente Transmiss\u00edveis (ISTs) e, consequentemente, diminuir a cadeia de transmiss\u00e3o.<\/p>\n<p><strong><a href=\"https:\/\/abcdoabc.com.br\/doacao-de-sangue-semana-especial-sp-estoque-baixo\/\" target=\"_blank\" rel=\"noreferrer noopener nofollow\">LEIA MAIS: Doa\u00e7\u00e3o de sangue tem semana especial em SP com estoques baixos<\/a><\/strong><\/p>\n<p>Como participar da testagem<\/p>\n<p>Para quem deseja participar da Fique Sabendo, os servi\u00e7os est\u00e3o dispon\u00edveis de <strong>segunda a sexta-feira, das 8h \u00e0s 17h<\/strong>. O processo \u00e9 desburocratizado: basta comparecer ao local portando o <strong>cart\u00e3o SUS e um documento de identidade<\/strong>. Uma das grandes vantagens da a\u00e7\u00e3o \u00e9 a agilidade, visto que o resultado dos exames \u00e9 liberado em at\u00e9 <strong>30 minutos<\/strong>.<\/p>\n<p>A import\u00e2ncia da campanha Fique Sabendo vai al\u00e9m do diagn\u00f3stico cl\u00ednico; ela atua na conscientiza\u00e7\u00e3o social. Segundo a coordena\u00e7\u00e3o local, \u00e9 vital superar estigmas para garantir a sa\u00fade coletiva.<\/p>\n<p>\u201cFazer o teste \u00e9 um gesto simples, r\u00e1pido e essencial para proteger a pr\u00f3pria sa\u00fade e a de toda a comunidade. Quanto mais pessoas se testam, mais fortalecemos esse trabalho e quebramos os preconceitos que ainda cercam o tema\u201d, destaca <strong>Nanci Garrido<\/strong>, coordenadora do Servi\u00e7o de Aten\u00e7\u00e3o Especializada de Ribeir\u00e3o Pires.<\/p>\n<p>Cronograma de a\u00e7\u00f5es externas<\/p>\n<p>Al\u00e9m do atendimento fixo nas unidades, a Fique Sabendo expande sua atua\u00e7\u00e3o para locais estrat\u00e9gicos da cidade. At\u00e9 a pr\u00f3xima quinta-feira (27), as equipes de sa\u00fade estar\u00e3o focadas em realizar testagens e orienta\u00e7\u00f5es dentro das <strong>cl\u00ednicas terap\u00eauticas<\/strong> do munic\u00edpio.<\/p>\n<p>Para encerrar a semana de mobiliza\u00e7\u00e3o da Fique Sabendo, haver\u00e1 uma a\u00e7\u00e3o especial na sexta-feira (28). A equipe estar\u00e1 posicionada no <strong>Terminal Rodovi\u00e1rio<\/strong>, realizando atendimentos das <strong>16h \u00e0s 20h<\/strong>. Neste local, al\u00e9m das testagens gratuitas, haver\u00e1 distribui\u00e7\u00e3o de preservativos e materiais informativos para a popula\u00e7\u00e3o que transita pela regi\u00e3o central.<\/p>\n<p> <\/p>\n<ul class=\"m-0 p-0\">\n<li class=\"mr-4 is-size-7\">Data: 24\/11\/2025 04:11<\/li>\n<li class=\"mr-4 is-size-7\">\n\t\t\t\t\t\t\t\t\t\tAlterado:24\/11\/2025 16:11\n\t\t\t\t\t\t\t\t\t<\/li>\n<li class=\"mr-4 is-size-7\"> Autor: Reda\u00e7\u00e3o <\/li>\n<li class=\"mr-4 is-size-7\">Fonte: PMETRP<\/li>\n<\/ul>\n<p>\t\t\t\t\t\t\t<img width=\"32\" height=\"32\" src=\"https:\/\/www.europesays.com\/pt\/wp-content\/uploads\/2025\/09\/1758229091_83_good-feedback.png\" loading=\"lazy\" data-count-lazy=\"6\" fetchpriority=\"high\" decoding=\"async\" alt=\"RECOMENDADOS\"\/><\/p>\n","protected":false},"excerpt":{"rendered":"A cidade de Ribeir\u00e3o Pires deu in\u00edcio, nesta segunda-feira (24), \u00e0 campanha Fique Sabendo. A iniciativa tem como&hellip;\n","protected":false},"author":2,"featured_media":77102,"comment_status":"","ping_status":"","sticky":false,"template":"","format":"standard","meta":{"footnotes":""},"categories":[86],"tags":[116,32,33,117],"class_list":{"0":"post-163905","1":"post","2":"type-post","3":"status-publish","4":"format-standard","5":"has-post-thumbnail","7":"category-saude","8":"tag-health","9":"tag-portugal","10":"tag-pt","11":"tag-saude"},"share_on_mastodon":{"url":"https:\/\/pubeurope.com\/@pt\/115606570548529773","error":""},"_links":{"self":[{"href":"https:\/\/www.europesays.com\/pt\/wp-json\/wp\/v2\/posts\/163905","targetHints":{"allow":["GET"]}}],"collection":[{"href":"https:\/\/www.europesays.com\/pt\/wp-json\/wp\/v2\/posts"}],"about":[{"href":"https:\/\/www.europesays.com\/pt\/wp-json\/wp\/v2\/types\/post"}],"author":[{"embeddable":true,"href":"https:\/\/www.europesays.com\/pt\/wp-json\/wp\/v2\/users\/2"}],"replies":[{"embeddable":true,"href":"https:\/\/www.europesays.com\/pt\/wp-json\/wp\/v2\/comments?post=163905"}],"version-history":[{"count":0,"href":"https:\/\/www.europesays.com\/pt\/wp-json\/wp\/v2\/posts\/163905\/revisions"}],"wp:featuredmedia":[{"embeddable":true,"href":"https:\/\/www.europesays.com\/pt\/wp-json\/wp\/v2\/media\/77102"}],"wp:attachment":[{"href":"https:\/\/www.europesays.com\/pt\/wp-json\/wp\/v2\/media?parent=163905"}],"wp:term":[{"taxonomy":"category","embeddable":true,"href":"https:\/\/www.europesays.com\/pt\/wp-json\/wp\/v2\/categories?post=163905"},{"taxonomy":"post_tag","embeddable":true,"href":"https:\/\/www.europesays.com\/pt\/wp-json\/wp\/v2\/tags?post=163905"}],"curies":[{"name":"wp","href":"https:\/\/api.w.org\/{rel}","templated":true}]}}