{"id":163910,"date":"2025-11-24T20:34:14","date_gmt":"2025-11-24T20:34:14","guid":{"rendered":"https:\/\/www.europesays.com\/pt\/163910\/"},"modified":"2025-11-24T20:34:14","modified_gmt":"2025-11-24T20:34:14","slug":"mulher-de-65-anos-acorda-dentro-do-caixao-pouco-antes-de-entrar-no-forno-crematorio","status":"publish","type":"post","link":"https:\/\/www.europesays.com\/pt\/163910\/","title":{"rendered":"Mulher de 65 anos acorda dentro do caix\u00e3o pouco antes de entrar no forno cremat\u00f3rio"},"content":{"rendered":"<p>Uma mulher de 65 anos, considerada morta pela fam\u00edlia, come\u00e7ou a mexer-se dentro do caix\u00e3o enquanto estava a ser preparada para crema\u00e7\u00e3o no templo budista Wat Rat Prakhong Tham, na prov\u00edncia tailandesa de Nonthaburi. Os funcion\u00e1rios do templo foram alertados por um som fraco vindo do caix\u00e3o, que tinha sido transportado na carro\u00e7aria de uma carrinha.<\/p>\n<p>De acordo com o \u201920Minutos\u2019, um v\u00eddeo divulgado pelo templo mostra a mulher, coberta por um pano branco, a movimentar os bra\u00e7os e a cabe\u00e7a. Pairat Soodthoop, respons\u00e1vel financeiro do templo, explicou \u00e0 \u2018ABC News\u2019 que ouviram um ligeiro som de batidas e, suspeitando que algo n\u00e3o estava certo, decidiram abrir o caix\u00e3o. No interior, encontraram a mulher com os olhos abertos e a bater na madeira, aparentemente em tentativa de pedir ajuda.<\/p>\n<p><strong>Dois dias sem responder e uma viagem para cumprir o \u00faltimo desejo<\/strong><\/p>\n<p>A mulher estava acamada havia dois anos e, segundo o irm\u00e3o, tinha deixado de responder e de respirar dois dias antes. Convencido da morte, o homem percorreu cerca de 500 quil\u00f3metros desde a prov\u00edncia de Phitsanulok at\u00e9 Banguecoque para cumprir o alegado \u00faltimo desejo da irm\u00e3: doar \u00f3rg\u00e3os num hospital da capital. No entanto, o centro m\u00e9dico recusou o procedimento por falta de certid\u00e3o de \u00f3bito.<\/p>\n<p>Sem alternativas, o irm\u00e3o dirigiu-se ao templo, que realiza crema\u00e7\u00f5es gratuitas, mas tamb\u00e9m foi impedido de avan\u00e7ar devido \u00e0 falta de documenta\u00e7\u00e3o. Foi durante as explica\u00e7\u00f5es sobre como obter o certificado necess\u00e1rio que se ouviram os sons vindos do caix\u00e3o.<\/p>\n<p>Ap\u00f3s o caix\u00e3o ter sido aberto, os funcion\u00e1rios confirmaram que a mulher apresentava sinais vitais. Foi imediatamente transportada para um hospital pr\u00f3ximo, onde est\u00e1 a receber cuidados m\u00e9dicos. O templo assumiu as despesas do atendimento, segundo adiantou Pairat Soodthoop.<\/p>\n<blockquote class=\"twitter-tweet\">\n<p lang=\"es\" dir=\"ltr\">\ud83d\udd34 | En Tailandia, una mujer de 65 a\u00f1os despert\u00f3 en su ata\u00fad minutos antes de ser cremada. Hab\u00eda sido declarada muerta por un coma hipogluc\u00e9mico. El abad detuvo la ceremonia y la envi\u00f3 al hospital, donde ahora est\u00e1 bajo supervisi\u00f3n m\u00e9dica. <a href=\"https:\/\/t.co\/W8YSGTb8X9\" rel=\"nofollow\">pic.twitter.com\/W8YSGTb8X9<\/a><\/p>\n<p>\u2014 Alerta Mundial (@AlertaMundoNews) <a href=\"https:\/\/twitter.com\/AlertaMundoNews\/status\/1992959507136467390?ref_src=twsrc%5Etfw\" target=\"_blank\" rel=\"noopener nofollow\">November 24, 2025<\/a><\/p>\n<\/blockquote>\n<p><script async src=\"https:\/\/platform.twitter.com\/widgets.js\" charset=\"utf-8\"><\/script><\/p>\n","protected":false},"excerpt":{"rendered":"Uma mulher de 65 anos, considerada morta pela fam\u00edlia, come\u00e7ou a mexer-se dentro do caix\u00e3o enquanto estava a&hellip;\n","protected":false},"author":2,"featured_media":163911,"comment_status":"","ping_status":"","sticky":false,"template":"","format":"standard","meta":{"footnotes":""},"categories":[50],"tags":[27,28,15,16,14,25,26,21,22,62,12,13,19,20,23,24,17,18,29,30,31,63,64,65],"class_list":{"0":"post-163910","1":"post","2":"type-post","3":"status-publish","4":"format-standard","5":"has-post-thumbnail","7":"category-mundo","8":"tag-breaking-news","9":"tag-breakingnews","10":"tag-featured-news","11":"tag-featurednews","12":"tag-headlines","13":"tag-latest-news","14":"tag-latestnews","15":"tag-main-news","16":"tag-mainnews","17":"tag-mundo","18":"tag-news","19":"tag-noticias","20":"tag-noticias-principais","21":"tag-noticiasprincipais","22":"tag-principais-noticias","23":"tag-principaisnoticias","24":"tag-top-stories","25":"tag-topstories","26":"tag-ultimas","27":"tag-ultimas-noticias","28":"tag-ultimasnoticias","29":"tag-world","30":"tag-world-news","31":"tag-worldnews"},"share_on_mastodon":{"url":"https:\/\/pubeurope.com\/@pt\/115606589492625886","error":""},"_links":{"self":[{"href":"https:\/\/www.europesays.com\/pt\/wp-json\/wp\/v2\/posts\/163910","targetHints":{"allow":["GET"]}}],"collection":[{"href":"https:\/\/www.europesays.com\/pt\/wp-json\/wp\/v2\/posts"}],"about":[{"href":"https:\/\/www.europesays.com\/pt\/wp-json\/wp\/v2\/types\/post"}],"author":[{"embeddable":true,"href":"https:\/\/www.europesays.com\/pt\/wp-json\/wp\/v2\/users\/2"}],"replies":[{"embeddable":true,"href":"https:\/\/www.europesays.com\/pt\/wp-json\/wp\/v2\/comments?post=163910"}],"version-history":[{"count":0,"href":"https:\/\/www.europesays.com\/pt\/wp-json\/wp\/v2\/posts\/163910\/revisions"}],"wp:featuredmedia":[{"embeddable":true,"href":"https:\/\/www.europesays.com\/pt\/wp-json\/wp\/v2\/media\/163911"}],"wp:attachment":[{"href":"https:\/\/www.europesays.com\/pt\/wp-json\/wp\/v2\/media?parent=163910"}],"wp:term":[{"taxonomy":"category","embeddable":true,"href":"https:\/\/www.europesays.com\/pt\/wp-json\/wp\/v2\/categories?post=163910"},{"taxonomy":"post_tag","embeddable":true,"href":"https:\/\/www.europesays.com\/pt\/wp-json\/wp\/v2\/tags?post=163910"}],"curies":[{"name":"wp","href":"https:\/\/api.w.org\/{rel}","templated":true}]}}