{"id":163912,"date":"2025-11-24T20:38:12","date_gmt":"2025-11-24T20:38:12","guid":{"rendered":"https:\/\/www.europesays.com\/pt\/163912\/"},"modified":"2025-11-24T20:38:12","modified_gmt":"2025-11-24T20:38:12","slug":"site-especializado-revela-que-diogo-rema-pode-trocar-o-fc-porto-pelo-sporting","status":"publish","type":"post","link":"https:\/\/www.europesays.com\/pt\/163912\/","title":{"rendered":"Site especializado revela que Diogo R\u00eama pode trocar o FC Porto pelo Sporting"},"content":{"rendered":"<p>&#8211; Advertisement &#8211;<\/p>\n<p><strong>Diogo R\u00eama tem sido um dos nomes importantes do andebol nacional. O guarda-redes pode trocar o FC Porto pelo Sporting.<\/strong><\/p>\n<p>Diogo R\u00eama pode realizar uma transfer\u00eancia pol\u00e9mica. De acordo com o site especializado em andebol, Rthandball, o guarda-redes do <a href=\"https:\/\/bolanarede.pt\/etiqueta\/fc-porto\/\" target=\"_blank\" rel=\"noreferrer noopener nofollow\">FC Porto<\/a> interessa ao Sporting e pode mesmo rumar ao Jo\u00e3o Rocha numa das pr\u00f3ximas janelas de transfer\u00eancias.<\/p>\n<p>A mesma fonte indica que Diogo R\u00eama \u00e9 visto como o sucesso ideal para Andr\u00e9 Kristensen, que pode rumar ao campeonato da Noruega. O portugu\u00eas tem apenas 21 anos e \u00e9 visto como um nome importante no panorama nacional. Em 2025\/26 leva 19 encontros.<\/p>\n<p>O jovem \u00e9 titular dos drag\u00f5es desde 2023. Caso rume ao Sporting, voltaria a coincidir com Martim Costa, Francisco Costa e Diogo Branquinho.<\/p>\n","protected":false},"excerpt":{"rendered":"&#8211; Advertisement &#8211; Diogo R\u00eama tem sido um dos nomes importantes do andebol nacional. O guarda-redes pode trocar&hellip;\n","protected":false},"author":2,"featured_media":163913,"comment_status":"","ping_status":"","sticky":false,"template":"","format":"standard","meta":{"footnotes":""},"categories":[8],"tags":[2693,260,27,28,34683,282,15,16,14,25,26,21,22,1830,12,13,19,20,32,23,24,33,17,18,29,30,31],"class_list":{"0":"post-163912","1":"post","2":"type-post","3":"status-publish","4":"format-standard","5":"has-post-thumbnail","7":"category-principais-noticias","8":"tag-andebol","9":"tag-atualidade","10":"tag-breaking-news","11":"tag-breakingnews","12":"tag-diogo-rema","13":"tag-fc-porto","14":"tag-featured-news","15":"tag-featurednews","16":"tag-headlines","17":"tag-latest-news","18":"tag-latestnews","19":"tag-main-news","20":"tag-mainnews","21":"tag-modalidades","22":"tag-news","23":"tag-noticias","24":"tag-noticias-principais","25":"tag-noticiasprincipais","26":"tag-portugal","27":"tag-principais-noticias","28":"tag-principaisnoticias","29":"tag-pt","30":"tag-top-stories","31":"tag-topstories","32":"tag-ultimas","33":"tag-ultimas-noticias","34":"tag-ultimasnoticias"},"share_on_mastodon":{"url":"https:\/\/pubeurope.com\/@pt\/115606605331367026","error":""},"_links":{"self":[{"href":"https:\/\/www.europesays.com\/pt\/wp-json\/wp\/v2\/posts\/163912","targetHints":{"allow":["GET"]}}],"collection":[{"href":"https:\/\/www.europesays.com\/pt\/wp-json\/wp\/v2\/posts"}],"about":[{"href":"https:\/\/www.europesays.com\/pt\/wp-json\/wp\/v2\/types\/post"}],"author":[{"embeddable":true,"href":"https:\/\/www.europesays.com\/pt\/wp-json\/wp\/v2\/users\/2"}],"replies":[{"embeddable":true,"href":"https:\/\/www.europesays.com\/pt\/wp-json\/wp\/v2\/comments?post=163912"}],"version-history":[{"count":0,"href":"https:\/\/www.europesays.com\/pt\/wp-json\/wp\/v2\/posts\/163912\/revisions"}],"wp:featuredmedia":[{"embeddable":true,"href":"https:\/\/www.europesays.com\/pt\/wp-json\/wp\/v2\/media\/163913"}],"wp:attachment":[{"href":"https:\/\/www.europesays.com\/pt\/wp-json\/wp\/v2\/media?parent=163912"}],"wp:term":[{"taxonomy":"category","embeddable":true,"href":"https:\/\/www.europesays.com\/pt\/wp-json\/wp\/v2\/categories?post=163912"},{"taxonomy":"post_tag","embeddable":true,"href":"https:\/\/www.europesays.com\/pt\/wp-json\/wp\/v2\/tags?post=163912"}],"curies":[{"name":"wp","href":"https:\/\/api.w.org\/{rel}","templated":true}]}}