{"id":163914,"date":"2025-11-24T20:39:16","date_gmt":"2025-11-24T20:39:16","guid":{"rendered":"https:\/\/www.europesays.com\/pt\/163914\/"},"modified":"2025-11-24T20:39:16","modified_gmt":"2025-11-24T20:39:16","slug":"revelado-detalhe-sobre-fim-do-namoro-de-cayetano-rivera-e-maria-cerqueira-gomes-a-gota-de-agua","status":"publish","type":"post","link":"https:\/\/www.europesays.com\/pt\/163914\/","title":{"rendered":"Revelado detalhe sobre fim do namoro de Cayetano Rivera e Maria Cerqueira Gomes: &#8220;A gota de \u00e1gua&#8221;"},"content":{"rendered":"<p>Adriano Silva Martins referiu, no arranque do &#8220;V+ Fama&#8221;, do V+, que foi para o ar na manh\u00e3 desta segunda-feira, dia 24, que foi avan\u00e7ado em Espanha que Maria Cerqueira Gomes ter\u00e1 descoberto umas mensagens entre <a href=\"https:\/\/selfie.iol.pt\/famosos\/cayetano-rivera\/ex-de-maria-cerqueira-gomes-reencontra-o-amor-ao-lado-de-outra-apresentadora\/20251118\/691c8b1ad34e3caad84b6aa8\" target=\"_blank\" rel=\"nofollow noopener\">Gemma Camacho e Cayetano Rivera<\/a> quando ainda namorava com o ex-toureiro.<\/p>\n<p>&#8220;Maria Cerqueira Gomes volta a ser protagonista em Espanha. Segundo avan\u00e7a o programa &#8216;Vamos a ver&#8217;, da Telecinco, umas mensagens entre Gemma e Cayetano foram aquelas que ditaram a gota de \u00e1gua e o fim da rela\u00e7\u00e3o entre Cayetano Rivera e Maria Cerqueira Gomes. Trocando isto por mi\u00fados, parece, segundo a informa\u00e7\u00e3o do programa &#8216;Vamos a ver&#8217;, que a Maria teria apanhado umas conversas entre Cayetano Rivera e Gemma Camacho, a sua nova namorada, n\u00e3o ter\u00e1 gostado e ter\u00e1 decidido p\u00f4r t\u00e9rmino \u00e0 rela\u00e7\u00e3o&#8221;, come\u00e7ou por dizer o apresentador do formato.<\/p>\n<p>&#8220;O que me parece \u00e9 que esta querida, que curiosamente tamb\u00e9m trabalha na Telecinco, e \u00e9 um programa da Telecinco que avan\u00e7a com esta informa\u00e7\u00e3o, n\u00e3o deixa de levantar aqui, no meu entender, algumas suspeitas em rela\u00e7\u00e3o \u00e0 fonte de onde partiu esta informa\u00e7\u00e3o. Uma fonte muito pr\u00f3xima, uma fonte que tem gema, que tem clara, \u00e9 um ovo portanto. Eu acho que esta informa\u00e7\u00e3o veio por parte da Gemma, ponho quase as minhas m\u00e3os no fogo e n\u00e3o me queimo, alegadamente. Acho que isto foi aqui a Gemma mais uma vez a querer aparecer. Ela aparece rodeada de microfones e sente-se uma crian\u00e7a numa loja de brinquedos, ao contr\u00e1rio da Maria. A Maria nunca quis deixar a sua profiss\u00e3o e a vida que tinha em Portugal em prol de uma rela\u00e7\u00e3o vivida em solo espanhol. \u00c9 muito mais independente, muito mais discreta. E esta mi\u00fada, esta Gemma, est\u00e1 ceguinha de todo com este mediatismo todo \u00e0 volta dela&#8221;, comentou Pedro Capit\u00e3o.<\/p>\n<p>Recorde-se que a imprensa espanhola avan\u00e7ou que Cayetano Rivera e Gemma Camacho se encontram a viver um romance.<\/p>\n","protected":false},"excerpt":{"rendered":"Adriano Silva Martins referiu, no arranque do &#8220;V+ Fama&#8221;, do V+, que foi para o ar na manh\u00e3&hellip;\n","protected":false},"author":2,"featured_media":163915,"comment_status":"","ping_status":"","sticky":false,"template":"","format":"standard","meta":{"footnotes":""},"categories":[145],"tags":[8559,28027,211,210,114,115,980,18318,619,17125,32,33,1012,162,8560,10040],"class_list":{"0":"post-163914","1":"post","2":"type-post","3":"status-publish","4":"format-standard","5":"has-post-thumbnail","7":"category-celebridades","8":"tag-adriano-silva-martins","9":"tag-cayetano-rivera","10":"tag-celebridades","11":"tag-celebrities","12":"tag-entertainment","13":"tag-entretenimento","14":"tag-famosos","15":"tag-maria-cerqueira-gomes","16":"tag-nacional","17":"tag-pedro-capitao","18":"tag-portugal","19":"tag-pt","20":"tag-selfie","21":"tag-tvi","22":"tag-vmais-fama","23":"tag-vmaistvi"},"share_on_mastodon":{"url":"https:\/\/pubeurope.com\/@pt\/115606609189610752","error":""},"_links":{"self":[{"href":"https:\/\/www.europesays.com\/pt\/wp-json\/wp\/v2\/posts\/163914","targetHints":{"allow":["GET"]}}],"collection":[{"href":"https:\/\/www.europesays.com\/pt\/wp-json\/wp\/v2\/posts"}],"about":[{"href":"https:\/\/www.europesays.com\/pt\/wp-json\/wp\/v2\/types\/post"}],"author":[{"embeddable":true,"href":"https:\/\/www.europesays.com\/pt\/wp-json\/wp\/v2\/users\/2"}],"replies":[{"embeddable":true,"href":"https:\/\/www.europesays.com\/pt\/wp-json\/wp\/v2\/comments?post=163914"}],"version-history":[{"count":0,"href":"https:\/\/www.europesays.com\/pt\/wp-json\/wp\/v2\/posts\/163914\/revisions"}],"wp:featuredmedia":[{"embeddable":true,"href":"https:\/\/www.europesays.com\/pt\/wp-json\/wp\/v2\/media\/163915"}],"wp:attachment":[{"href":"https:\/\/www.europesays.com\/pt\/wp-json\/wp\/v2\/media?parent=163914"}],"wp:term":[{"taxonomy":"category","embeddable":true,"href":"https:\/\/www.europesays.com\/pt\/wp-json\/wp\/v2\/categories?post=163914"},{"taxonomy":"post_tag","embeddable":true,"href":"https:\/\/www.europesays.com\/pt\/wp-json\/wp\/v2\/tags?post=163914"}],"curies":[{"name":"wp","href":"https:\/\/api.w.org\/{rel}","templated":true}]}}