{"id":163926,"date":"2025-11-24T20:50:20","date_gmt":"2025-11-24T20:50:20","guid":{"rendered":"https:\/\/www.europesays.com\/pt\/163926\/"},"modified":"2025-11-24T20:50:20","modified_gmt":"2025-11-24T20:50:20","slug":"bolsonaro-vai-ficar-em-prisao-preventiva","status":"publish","type":"post","link":"https:\/\/www.europesays.com\/pt\/163926\/","title":{"rendered":"Bolsonaro vai ficar em pris\u00e3o preventiva"},"content":{"rendered":"<p class=\"category\"><a href=\"https:\/\/sicnoticias.pt\/mundo\/brasil\" rel=\"nofollow noopener\" target=\"_blank\">Brasil<\/a><\/p>\n<p>A decis\u00e3o foi votada esta segunda-feira no Supremo Tribunal Federal do Brasil. O antigo presidente do Brasil foi detido preventivamente no s\u00e1bado depois de ter tentado abrir a pulseira eletr\u00f3nica com um ferro de soldar. <\/p>\n<p><img decoding=\"async\" src=\"https:\/\/www.europesays.com\/pt\/wp-content\/uploads\/2025\/11\/1764017420_726_original.webp\" alt=\"Bolsonaro vai ficar em pris\u00e3o preventiva\"\/><\/p>\n<p>MATEUS BONOMI\/Reuters<\/p>\n<p><strong>Jair Bolsonaro vai ficar em pris\u00e3o preventiva. A decis\u00e3o foi votada esta segunda-feira no Supremo Tribunal Federal do Brasil. No s\u00e1bado, o antigo Presidente brasileiro foi detido preventivamente <\/strong><a href=\"https:\/\/sicnoticias.pt\/mundo\/brasil\/2025-11-22-bolsonaro-tentou-romper-pulseira-eletronica-e-tinha-elevado-risco-de-fuga-1aa3089f\" target=\"_blank\" rel=\"noopener noreferrer nofollow\"><strong>ap\u00f3s ter tentado abrir a pulseira eletr\u00f3nica<\/strong><\/a><strong> com um ferro de soldar.\u00a0<\/strong><\/p>\n<p>Dos quatro ju\u00edzes que pertencem ao plen\u00e1rio da Primeira Turma do STF, tr\u00eas j\u00e1 votaram pela perman\u00eancia de Jair Bolsonaro em pris\u00e3o preventiva na Superintend\u00eancia da Pol\u00edcia Federal, em Bras\u00edlia. Falta apenas votar a ju\u00edza C\u00e1rmen L\u00facia, mas os votos de Alexandre de Moares, Fl\u00e1vio Dino e Cristiano Zanin s\u00e3o j\u00e1 suficientes para a decis\u00e3o ser mantida.<\/p>\n<blockquote><p>&#8220;A continuidade no desrespeito \u00e0s medidas cautelares, entretanto, n\u00e3o cessou. Pelo contr\u00e1rio, ampliou-se na \u00faltima sexta-feira, dia 21\/11, quando Jair Messias Bolsonaro violou dolosa e conscientemente o equipamento de monitoriza\u00e7\u00e3o eletr\u00f3nica&#8221;, escreveu no seu voto Alexandre de Moraes, o juiz que no s\u00e1bado decretou as novas medidas cautelares ao ex-Presidente brasileiro.<\/p><\/blockquote>\n<p>De acordo com o juiz Alexandre de Moares, Bolsonaro, durante a audi\u00eancia de cust\u00f3dia realizada no domingo, assumiu que &#8220;<strong>inutilizou a tornozeleira eletr\u00f3nica com cometimento de falta grave, ostensivo descumprimento da medida cautelar e patente desrespeito \u00e0 Justi\u00e7a&#8221;. <\/strong><\/p>\n<p><strong>&#8220;Curiosidade&#8221;<\/strong><\/p>\n<p>Bolsonaro diz que tentou romper a pulseira por <a href=\"https:\/\/sicnoticias.pt\/mundo\/brasil\/2025-11-22-video-curiosidade-o-momento-em-que-bolsonaro-confessa-que-danificou-pulseira-eletronica-com-ferro-de-soldar-2dbf77b3\" target=\"_blank\" rel=\"noopener noreferrer nofollow\">&#8220;curiosidade<\/a>&#8220;, mas a justi\u00e7a acusou-o, na mesma, de ter tentado fugir. Na audi\u00eancia de domingo, Bolsonaro declarou que <a href=\"https:\/\/sicnoticias.pt\/mundo\/brasil\/2025-11-23-video-paranoia-e-alucinacoes-bolsonaro-diz-que-teve-um-surto-e-danificou-pulseira-eletronica-3567d88a\" target=\"_blank\" rel=\"noopener noreferrer nofollow\">entrou num estado de &#8220;paranoia&#8221; e &#8220;alucina\u00e7\u00f5es&#8221;<\/a>, como consequ\u00eancia da ingest\u00e3o de medicamentos prescritos por diferentes m\u00e9dicos, que provocaram rea\u00e7\u00f5es adversas.<\/p>\n<p><strong>Os dois medicamentos citados s\u00e3o pregabalina (antiepil\u00e9ptico) e sertralina (antidepressivo).<\/strong><strong>\u00a0<\/strong>Bolsonaro, de 70 anos, alegou tamb\u00e9m que n\u00e3o dorme bem e que estava\u00a0<strong>&#8220;alucinado&#8221;,<\/strong><strong>\u00a0<\/strong>porque acreditava que dentro da pulseira havia um sistema de escuta.<\/p>\n<p>O ex-presidente relatou que come\u00e7ou a manipular o aparelho desde a tarde de sexta-feira at\u00e9 \u00e0 meia-noite de s\u00e1bado, quando o dispositivo lan\u00e7ou um alerta \u00e0s autoridades brasileiras, que compareceram imediatamente para verificar o que havia acontecido<strong>.\u00a0<\/strong><\/p>\n<p>Jair Bolsonaro recebeu a visita da mulher na pris\u00e3o, em Bras\u00edlia. \u00c0 chegada, acenou aos apoiantes do ex-presidente, mas n\u00e3o prestou declara\u00e7\u00f5es. At\u00e9 ent\u00e3o, s\u00f3 m\u00e9dicos e advogados tinham sido autorizados a visitar o ex-presidente brasileiro na pris\u00e3o. <\/p>\n<p>Eraldo Peres<\/p>\n<p>Jair Bolsonaro estava em pris\u00e3o domicili\u00e1ria desde 4 de agosto, ap\u00f3s ter sido condenado a 27 anos e tr\u00eas meses de pris\u00e3o, juntamente com sete dos seus colaboradores mais pr\u00f3ximos, entre antigos ministros e altos oficiais militares, por &#8220;liderar uma conspira\u00e7\u00e3o golpista&#8221; para reverter a sua derrota eleitoral em 2022 e &#8220;manter-se no poder&#8221;.<\/p>\n<p>No dia 11 de setembro, quatro dos cinco ju\u00edzes da Primeira Turma do Supremo Tribunal Federal formaram maioria para condenar o antigo Presidente brasileiro. Defendem que o golpe de Estado s\u00f3 ter\u00e1 fracassado devido \u00e0 recusa dos comandantes do Ex\u00e9rcito e da For\u00e7a A\u00e9rea, quando os acusados j\u00e1 tinham tudo pronto para decretar um estado de exce\u00e7\u00e3o, intervir na Justi\u00e7a Eleitoral e manter-se no poder.<\/p>\n","protected":false},"excerpt":{"rendered":"Brasil A decis\u00e3o foi votada esta segunda-feira no Supremo Tribunal Federal do Brasil. O antigo presidente do Brasil&hellip;\n","protected":false},"author":2,"featured_media":163927,"comment_status":"","ping_status":"","sticky":false,"template":"","format":"standard","meta":{"footnotes":""},"categories":[50],"tags":[27,28,15,16,14,25,26,21,22,62,12,13,19,20,23,24,17,18,29,30,31,63,64,65],"class_list":{"0":"post-163926","1":"post","2":"type-post","3":"status-publish","4":"format-standard","5":"has-post-thumbnail","7":"category-mundo","8":"tag-breaking-news","9":"tag-breakingnews","10":"tag-featured-news","11":"tag-featurednews","12":"tag-headlines","13":"tag-latest-news","14":"tag-latestnews","15":"tag-main-news","16":"tag-mainnews","17":"tag-mundo","18":"tag-news","19":"tag-noticias","20":"tag-noticias-principais","21":"tag-noticiasprincipais","22":"tag-principais-noticias","23":"tag-principaisnoticias","24":"tag-top-stories","25":"tag-topstories","26":"tag-ultimas","27":"tag-ultimas-noticias","28":"tag-ultimasnoticias","29":"tag-world","30":"tag-world-news","31":"tag-worldnews"},"share_on_mastodon":{"url":"https:\/\/pubeurope.com\/@pt\/115606652639106547","error":""},"_links":{"self":[{"href":"https:\/\/www.europesays.com\/pt\/wp-json\/wp\/v2\/posts\/163926","targetHints":{"allow":["GET"]}}],"collection":[{"href":"https:\/\/www.europesays.com\/pt\/wp-json\/wp\/v2\/posts"}],"about":[{"href":"https:\/\/www.europesays.com\/pt\/wp-json\/wp\/v2\/types\/post"}],"author":[{"embeddable":true,"href":"https:\/\/www.europesays.com\/pt\/wp-json\/wp\/v2\/users\/2"}],"replies":[{"embeddable":true,"href":"https:\/\/www.europesays.com\/pt\/wp-json\/wp\/v2\/comments?post=163926"}],"version-history":[{"count":0,"href":"https:\/\/www.europesays.com\/pt\/wp-json\/wp\/v2\/posts\/163926\/revisions"}],"wp:featuredmedia":[{"embeddable":true,"href":"https:\/\/www.europesays.com\/pt\/wp-json\/wp\/v2\/media\/163927"}],"wp:attachment":[{"href":"https:\/\/www.europesays.com\/pt\/wp-json\/wp\/v2\/media?parent=163926"}],"wp:term":[{"taxonomy":"category","embeddable":true,"href":"https:\/\/www.europesays.com\/pt\/wp-json\/wp\/v2\/categories?post=163926"},{"taxonomy":"post_tag","embeddable":true,"href":"https:\/\/www.europesays.com\/pt\/wp-json\/wp\/v2\/tags?post=163926"}],"curies":[{"name":"wp","href":"https:\/\/api.w.org\/{rel}","templated":true}]}}