{"id":163930,"date":"2025-11-24T20:53:09","date_gmt":"2025-11-24T20:53:09","guid":{"rendered":"https:\/\/www.europesays.com\/pt\/163930\/"},"modified":"2025-11-24T20:53:09","modified_gmt":"2025-11-24T20:53:09","slug":"miss-jamaica-recebe-alta-apos-queda-do-palco-no-miss-universo","status":"publish","type":"post","link":"https:\/\/www.europesays.com\/pt\/163930\/","title":{"rendered":"Miss Jamaica recebe alta ap\u00f3s queda do palco no Miss Universo"},"content":{"rendered":"<p>A Miss Jamaica 2025, Dra. Gabrielle Henry, est\u00e1 prestes a receber alta hospitalar ap\u00f3s <a href=\"https:\/\/www.otempo.com.br\/mundo\/2025\/11\/20\/miss-jamaica-sofre-queda-durante-desfile-miss-universo-e-e-retirada-em-maca\" target=\"_blank\" rel=\"noopener nofollow\">sofrer uma queda durante o desfile preliminar do Miss Universo na Tail\u00e2ndia<\/a>. A informa\u00e7\u00e3o foi divulgada nesta segunda-feira (24\/11) pela Organiza\u00e7\u00e3o Miss Universo Jamaica, que atualizou o estado de sa\u00fade da candidata de 28 anos, que <a href=\"https:\/\/www.otempo.com.br\/mundo\/2025\/11\/23\/miss-jamaica-2025-segue-na-uti-apos-queda-no-palco-durante-o-miss-universo-na-tailandia\" target=\"_blank\" rel=\"noopener nofollow\">chegou a ficar internada em UTI ap\u00f3s o incidente<\/a>.<\/p>\n<p>O presidente da organiza\u00e7\u00e3o, Ra\u00fal Rocha explicou que a organiza\u00e7\u00e3o mant\u00e9m discri\u00e7\u00e3o sobre detalhes espec\u00edficos do estado m\u00e9dico da candidata. &#8220;Acreditamos que assuntos relacionados \u00e0 sua sa\u00fade devem ser comunicados apenas no momento apropriado e exclusivamente a crit\u00e9rio da fam\u00edlia, ou pela pr\u00f3pria Dra. Henry, caso ela opte por faz\u00ea-lo&#8221;, acrescentou.<\/p>\n<p>O presidente relatou oenvolvimento pessoal no atendimento \u00e0 Miss Jamaica desde o momento do acidente. &#8220;Entrei pessoalmente no palco para ajud\u00e1-la, coordenei atendimento m\u00e9dico urgente e supervisionei sua transfer\u00eancia imediata para o hospital&#8221;, detalhou Rocha, que tamb\u00e9m afirmou que acompanhou a candidata na sala de emerg\u00eancia com familiares.\u00a0<\/p>\n<p>O comunicado informa que especialistas m\u00e9dicos adicionais foram chamados para fornecer m\u00faltiplas avalia\u00e7\u00f5es profissionais e garantir total clareza sobre a condi\u00e7\u00e3o da candidata.<\/p>\n<p>Acidente em concurso<\/p>\n<p>O acidente aconteceu em 19 de novembro, durante a rodada preliminar de trajes de gala do Miss Universo 2025 na Tail\u00e2ndia. Henry caiu do palco e atingiu o rosto. Espectadores se levantaram para verificar seu estado e ela foi levada em uma maca.<\/p>\n<p>Nos quatro dias ap\u00f3s o incidente, houve &#8220;momentos dif\u00edceis e preocupa\u00e7\u00f5es inesperadas&#8221;, conforme admitiu Rocha. &#8220;Gra\u00e7as ao excelente atendimento m\u00e9dico fornecido, cada problema foi resolvido com sucesso&#8221;, ressaltou.<\/p>\n<p>&#8220;Hoje, temos o prazer de compartilhar que o \u00faltimo relat\u00f3rio m\u00e9dico confirma que a Dra. Gabrielle Henry est\u00e1 com boa sa\u00fade e pr\u00f3xima de receber alta&#8221;, revelou o presidente da organiza\u00e7\u00e3o. Ele acrescentou que continuar\u00e3o a comunicar apenas informa\u00e7\u00f5es essenciais com profissionalismo, sensibilidade e respeito.<\/p>\n<p>Na sexta-feira passada, a irm\u00e3 de Henry havia revelado que ela n\u00e3o estava &#8220;t\u00e3o bem quanto esper\u00e1vamos&#8221;. A organiza\u00e7\u00e3o do Miss Universo informou na ocasi\u00e3o que a candidata permaneceria na UTI por mais uma semana. A situa\u00e7\u00e3o evoluiu positivamente nos dias seguintes.<\/p>\n<p>Quem \u00e9 a Miss Jamaica<\/p>\n<p>Gabrielle Henry \u00e9 oftalmologista e fundadora da See Me Foundation, institui\u00e7\u00e3o de caridade que auxilia pessoas com defici\u00eancia visual na Jamaica. Ela estava programada para competir na 47\u00aa edi\u00e7\u00e3o anual do concurso Miss Universo, vencido pela <a href=\"https:\/\/www.otempo.com.br\/mundo\/2025\/11\/6\/escandalo-no-miss-universo-mexicana-e-chamada-de-estupida-e-causa-revolta-entre-competidoras\" target=\"_blank\" rel=\"noopener nofollow\">Miss M\u00e9xico, F\u00e1tima Bosch Fern\u00e1ndez, que esteve envolvida em uma pol\u00eamica durante o concurso<\/a>.<\/p>\n","protected":false},"excerpt":{"rendered":"A Miss Jamaica 2025, Dra. Gabrielle Henry, est\u00e1 prestes a receber alta hospitalar ap\u00f3s sofrer uma queda durante&hellip;\n","protected":false},"author":2,"featured_media":163931,"comment_status":"","ping_status":"","sticky":false,"template":"","format":"standard","meta":{"footnotes":""},"categories":[145],"tags":[59,211,210,114,115,34684,31479,32,33,9414],"class_list":{"0":"post-163930","1":"post","2":"type-post","3":"status-publish","4":"format-standard","5":"has-post-thumbnail","7":"category-celebridades","8":"tag-acidente","9":"tag-celebridades","10":"tag-celebrities","11":"tag-entertainment","12":"tag-entretenimento","13":"tag-miss-jamaica","14":"tag-miss-universo","15":"tag-portugal","16":"tag-pt","17":"tag-queda"},"share_on_mastodon":{"url":"https:\/\/pubeurope.com\/@pt\/115606664192141706","error":""},"_links":{"self":[{"href":"https:\/\/www.europesays.com\/pt\/wp-json\/wp\/v2\/posts\/163930","targetHints":{"allow":["GET"]}}],"collection":[{"href":"https:\/\/www.europesays.com\/pt\/wp-json\/wp\/v2\/posts"}],"about":[{"href":"https:\/\/www.europesays.com\/pt\/wp-json\/wp\/v2\/types\/post"}],"author":[{"embeddable":true,"href":"https:\/\/www.europesays.com\/pt\/wp-json\/wp\/v2\/users\/2"}],"replies":[{"embeddable":true,"href":"https:\/\/www.europesays.com\/pt\/wp-json\/wp\/v2\/comments?post=163930"}],"version-history":[{"count":0,"href":"https:\/\/www.europesays.com\/pt\/wp-json\/wp\/v2\/posts\/163930\/revisions"}],"wp:featuredmedia":[{"embeddable":true,"href":"https:\/\/www.europesays.com\/pt\/wp-json\/wp\/v2\/media\/163931"}],"wp:attachment":[{"href":"https:\/\/www.europesays.com\/pt\/wp-json\/wp\/v2\/media?parent=163930"}],"wp:term":[{"taxonomy":"category","embeddable":true,"href":"https:\/\/www.europesays.com\/pt\/wp-json\/wp\/v2\/categories?post=163930"},{"taxonomy":"post_tag","embeddable":true,"href":"https:\/\/www.europesays.com\/pt\/wp-json\/wp\/v2\/tags?post=163930"}],"curies":[{"name":"wp","href":"https:\/\/api.w.org\/{rel}","templated":true}]}}