{"id":163938,"date":"2025-11-24T21:00:10","date_gmt":"2025-11-24T21:00:10","guid":{"rendered":"https:\/\/www.europesays.com\/pt\/163938\/"},"modified":"2025-11-24T21:00:10","modified_gmt":"2025-11-24T21:00:10","slug":"privacao-de-sono-faz-o-cerebro-se-desconectar-durante-o-dia","status":"publish","type":"post","link":"https:\/\/www.europesays.com\/pt\/163938\/","title":{"rendered":"Priva\u00e7\u00e3o de sono faz o c\u00e9rebro se &#8216;desconectar&#8217; durante o dia"},"content":{"rendered":"<p>Passar uma noite em claro vai muito al\u00e9m de acordar <a href=\"https:\/\/www.bonsfluidos.com.br\/no-prato\/energeticos-naturais-confira-alimentos-que-ajudam-a-combater-o-cansaco.phtml\" rel=\"nofollow noopener\" target=\"_blank\">cansado<\/a>. Segundo uma pesquisa publicada na Nature Neuroscience, o c\u00e9rebro literalmente muda de modo quando est\u00e1 privado de sono \u2013 e isso afeta diretamente a aten\u00e7\u00e3o, mem\u00f3ria e desempenho mental.<\/p>\n<p>O estudo, conduzido por pesquisadores da Universidade de <strong>Boston<\/strong> e do MIT, mostrou que, mesmo acordado, o <a href=\"https:\/\/www.bonsfluidos.com.br\/comportamento\/sintonia-cerebro-e-capaz-de-prever-amizades-antes-de-acontecerem-diz-estudo.phtml\" rel=\"nofollow noopener\" target=\"_blank\">c\u00e9rebro<\/a> exausto tenta ativar processos t\u00edpicos do sono profundo para se manter funcionando.<\/p>\n<p> <strong>O c\u00e9rebro tenta \u201climpar\u201d enquanto voc\u00ea est\u00e1 acordado<\/strong> <\/p>\n<p>Durante o sono profundo, o c\u00e9rebro recebe pulsos de l\u00edquido cefalorraquidiano (LCR), uma subst\u00e2ncia essencial para lavar res\u00edduos metab\u00f3licos e manter o <a href=\"https:\/\/www.bonsfluidos.com.br\/coluna-halu-gamashi\/halu-gamashi-chama-atencao-sobre-o-nosso-sistema-nervoso-e-suas-manifestacoes-como-o-bruxismo-e-a-irritabilidade.phtml\" rel=\"nofollow noopener\" target=\"_blank\">sistema nervoso<\/a> funcionando. A descoberta surpreendente foi que esse mesmo processo aparece enquanto a pessoa est\u00e1 acordada, mas somente quando h\u00e1 priva\u00e7\u00e3o de sono.<\/p>\n<p>Ou seja: quando estamos exaustos, o c\u00e9rebro come\u00e7a a entrar, por segundos, em um estado de \u201cmanuten\u00e7\u00e3o interna\u201d \u2013 mesmo sem estarmos <a href=\"https:\/\/www.bonsfluidos.com.br\/saude\/dormir-apenas-4-horas-causa-o-mesmo-impacto-que-tomar-6-cervejas-diz-especialista.phtml\" rel=\"nofollow noopener\" target=\"_blank\">dormindo<\/a> de fato. Esses lapsos criam momentos de queda s\u00fabita de aten\u00e7\u00e3o, lentid\u00e3o cognitiva, atrasos nas respostas e sensa\u00e7\u00e3o de \u201cdesconex\u00e3o\u201d mental. \u00c9 como se o c\u00e9rebro tivesse que escolher entre continuar funcionando ou realizar reparos urgentes \u2013 e, por instantes, ele escolhe a manuten\u00e7\u00e3o.<\/p>\n<p> <strong>Como o estudo foi feito<\/strong> <\/p>\n<p>A pesquisa analisou 26 jovens adultos em duas situa\u00e7\u00f5es diferentes: depois de uma noite de sono adequada e ap\u00f3s ficarem completamente acordados durante a <a href=\"https:\/\/www.bonsfluidos.com.br\/comportamento\/por-que-acordamos-de-madrugada-entenda-os-sinais-do-corpo.phtml\" rel=\"nofollow noopener\" target=\"_blank\">madrugada<\/a>. No dia seguinte, todos participaram de testes de aten\u00e7\u00e3o enquanto estavam dentro de uma m\u00e1quina de resson\u00e2ncia magn\u00e9tica, usavam gorro de EEG e tinham pupilas, pulso e respira\u00e7\u00e3o monitorados. Esse conjunto de an\u00e1lises permitiu capturar, segundo a segundo, como o c\u00e9rebro reagia \u00e0 fadiga extrema.<\/p>\n<p>E o resultado foi claro: as falhas de aten\u00e7\u00e3o coincidiam exatamente com ondas de LCR, que sa\u00edam e retornavam ao <a href=\"https:\/\/www.bonsfluidos.com.br\/comportamento\/como-estimular-o-cerebro-para-o-vestibular-confira-essas-tecnicas.phtml\" rel=\"nofollow noopener\" target=\"_blank\">c\u00e9rebro<\/a> poucos segundos depois. Esses pulsos n\u00e3o apareceram nas pessoas que dormiram bem.<\/p>\n<p> <strong>Por que isso acontece?<\/strong> <\/p>\n<p>A falta de sono desregula o sistema de alerta do c\u00e9rebro. Como o <a href=\"https:\/\/www.bonsfluidos.com.br\/no-prato\/consumo-de-batata-doce-pode-trazer-uma-serie-de-beneficios-ao-organismo-confira.phtml\" rel=\"nofollow noopener\" target=\"_blank\">organismo<\/a> n\u00e3o pode simplesmente adiar sua \u201cfaxina interna\u201d, ele tenta compensar realizando microciclos de limpeza durante a vig\u00edlia. Esses pequenos \u201capag\u00f5es\u201d, embora curt\u00edssimos, s\u00e3o suficientes para reduzir o tempo de rea\u00e7\u00e3o, comprometer a tomada de decis\u00f5es, diminuir a concentra\u00e7\u00e3o, afetar a mem\u00f3ria e aumentar o risco de erros e acidentes. \u00c9 como dirigir com a mente piscando entre \u201cligado\u201d e \u201cmodo manuten\u00e7\u00e3o\u201d.<\/p>\n<p>Os pesquisadores refor\u00e7am: o c\u00e9rebro n\u00e3o consegue funcionar bem sem <a href=\"https:\/\/www.bonsfluidos.com.br\/autoconhecimento\/o-que-e-o-descanso-energetico-e-qual-e-a-sua-importancia.phtml\" rel=\"nofollow noopener\" target=\"_blank\">descanso<\/a>. Quando est\u00e1 cansado demais, ativa seus mecanismos de limpeza mesmo durante o dia, prejudicando a aten\u00e7\u00e3o de formas muitas vezes impercept\u00edveis. Por isso, dormir bem \u00e9 uma das decis\u00f5es mais simples e poderosas para manter a mente clara, est\u00e1vel e saud\u00e1vel.<\/p>\n<p><strong>Leia tamb\u00e9m:<\/strong> \u201c<a href=\"https:\/\/www.bonsfluidos.com.br\/comportamento\/cerebro-diminui-a-produtividade-apos-o-almoco-diz-pesquisa.phtml\" rel=\"nofollow noopener\" target=\"_blank\">C\u00e9rebro diminui a produtividade ap\u00f3s o almo\u00e7o, diz pesquisa\u201d<\/a><\/p>\n","protected":false},"excerpt":{"rendered":"Passar uma noite em claro vai muito al\u00e9m de acordar cansado. Segundo uma pesquisa publicada na Nature Neuroscience,&hellip;\n","protected":false},"author":2,"featured_media":163939,"comment_status":"","ping_status":"","sticky":false,"template":"","format":"standard","meta":{"footnotes":""},"categories":[86],"tags":[4288,9051,116,32,34562,33,117,13464,1030,536],"class_list":{"0":"post-163938","1":"post","2":"type-post","3":"status-publish","4":"format-standard","5":"has-post-thumbnail","7":"category-saude","8":"tag-cerebro","9":"tag-cognicao","10":"tag-health","11":"tag-portugal","12":"tag-privacao-de-sono","13":"tag-pt","14":"tag-saude","15":"tag-saude-cognitiva","16":"tag-saude-mental","17":"tag-sono"},"share_on_mastodon":{"url":"https:\/\/pubeurope.com\/@pt\/115606691770710726","error":""},"_links":{"self":[{"href":"https:\/\/www.europesays.com\/pt\/wp-json\/wp\/v2\/posts\/163938","targetHints":{"allow":["GET"]}}],"collection":[{"href":"https:\/\/www.europesays.com\/pt\/wp-json\/wp\/v2\/posts"}],"about":[{"href":"https:\/\/www.europesays.com\/pt\/wp-json\/wp\/v2\/types\/post"}],"author":[{"embeddable":true,"href":"https:\/\/www.europesays.com\/pt\/wp-json\/wp\/v2\/users\/2"}],"replies":[{"embeddable":true,"href":"https:\/\/www.europesays.com\/pt\/wp-json\/wp\/v2\/comments?post=163938"}],"version-history":[{"count":0,"href":"https:\/\/www.europesays.com\/pt\/wp-json\/wp\/v2\/posts\/163938\/revisions"}],"wp:featuredmedia":[{"embeddable":true,"href":"https:\/\/www.europesays.com\/pt\/wp-json\/wp\/v2\/media\/163939"}],"wp:attachment":[{"href":"https:\/\/www.europesays.com\/pt\/wp-json\/wp\/v2\/media?parent=163938"}],"wp:term":[{"taxonomy":"category","embeddable":true,"href":"https:\/\/www.europesays.com\/pt\/wp-json\/wp\/v2\/categories?post=163938"},{"taxonomy":"post_tag","embeddable":true,"href":"https:\/\/www.europesays.com\/pt\/wp-json\/wp\/v2\/tags?post=163938"}],"curies":[{"name":"wp","href":"https:\/\/api.w.org\/{rel}","templated":true}]}}