{"id":163956,"date":"2025-11-24T21:21:15","date_gmt":"2025-11-24T21:21:15","guid":{"rendered":"https:\/\/www.europesays.com\/pt\/163956\/"},"modified":"2025-11-24T21:21:15","modified_gmt":"2025-11-24T21:21:15","slug":"saiba-quem-e-o-ator-polemico-que-vai-interpretar-bolsonaro-em-filme-sobre-o-ex-presidente-r7-entretenimento","status":"publish","type":"post","link":"https:\/\/www.europesays.com\/pt\/163956\/","title":{"rendered":"Saiba quem \u00e9 o ator pol\u00eamico que vai interpretar Bolsonaro em filme sobre o ex-presidente \u2013 R7 Entretenimento"},"content":{"rendered":"<p>LEIA AQUI O RESUMO DA NOT\u00cdCIA<\/p>\n<ul class=\"b-article-body-custom-embed-brief-news__list\" style=\"margin: 0; padding-left: 20px; list-style-type: disc;\">\n<li>O ator Jim Caviezel foi escalado para interpretar Jair Bolsonaro no filme &#8220;Dark Horse&#8221;.<\/li>\n<li>O longa, previsto para 2026, abordar\u00e1 a trajet\u00f3ria de Bolsonaro, incluindo a facada em 2018.<\/li>\n<li>O roteiro \u00e9 assinado pelo deputado Mario Frias e dirigido por Cyrus Nowrasteh.<\/li>\n<li>A repercuss\u00e3o vem em meio \u00e0 pris\u00e3o preventiva de Bolsonaro, decidida pelo ministro Alexandre de Moraes.<\/li>\n<\/ul>\n<p style=\"font-size: 0.8em; font-style: italic; text-align: right; margin-top: 15px; padding-bottom: 5px; margin-bottom: 0;\">Produzido pela Ri7a &#8211; a Intelig\u00eancia Artificial do R7<\/p>\n<p><img decoding=\"async\" data-chromatic=\"ignore\" alt=\"\" class=\"c-image\" loading=\"lazy\" src=\"https:\/\/www.europesays.com\/pt\/wp-content\/uploads\/2025\/11\/5I7B4G5JGBD2NIYR2AQQF4RD2M.png\"  width=\"1920\" height=\"1080\"\/>Ator de 57 anos est\u00e1 envolvido em pol\u00eamicas antivacina e conspirat\u00f3rias Reprodu\u00e7\u00e3o\/Instagram\/@therealjimcaviezel e Fabio Rodrigues-Pozzebom\/Ag\u00eancia Brasil <\/p>\n<p class=\"jarvics:base-text-neutral-high-400 base-text-[calc(theme(fontSize.xs)_*_var(--font-size,_1))] base-font-normal base-font-primary base-text-neutral-low-500 base-text-left\">O filme Dark Horse (O azar\u00e3o), que retrata a trajet\u00f3ria do ex-presidente <a href=\"https:\/\/www.r7.com\/tudo-sobre\/jair-bolsonaro\/\" target=\"_self\" rel=\"nofollow noopener\" title=\"https:\/\/www.r7.com\/tudo-sobre\/jair-bolsonaro\/\">Jair Bolsonaro<\/a>, est\u00e1 tomando forma. A produ\u00e7\u00e3o norte-americana <a href=\"https:\/\/entretenimento.r7.com\/cinema\/\" target=\"_self\" rel=\"nofollow noopener\" title=\"https:\/\/entretenimento.r7.com\/cinema\/\">escalou o ator<\/a> Jim Caviezel, conhecido por interpretar Jesus em A Paix\u00e3o de Cristo, como protagonista.<\/p>\n<p class=\"jarvics:base-text-neutral-high-400 base-text-[calc(theme(fontSize.xs)_*_var(--font-size,_1))] base-font-normal base-font-primary base-text-neutral-low-500 base-text-left\">Caviezel, de 57 anos, tamb\u00e9m atuou em <a href=\"https:\/\/noticias.r7.com\/mato-grosso\/momento-mt\/cdh-debatedores-defendem-apoio-global-contra-trafico-humano-no-brasil-20052025\/\" target=\"_self\" rel=\"nofollow noopener\" title=\"https:\/\/noticias.r7.com\/mato-grosso\/momento-mt\/cdh-debatedores-defendem-apoio-global-contra-trafico-humano-no-brasil-20052025\/\">Som da Liberdade<\/a>, O Conde de Monte Cristo, Alta Frequ\u00eancia e na s\u00e9rie Pessoa de Interesse. Ele est\u00e1 envolvido em uma s\u00e9rie de pol\u00eamicas que incluem discursos antivacina e teorias da conspira\u00e7\u00e3o. <\/p>\n<p class=\"jarvics:base-text-neutral-high-400 base-text-[calc(theme(fontSize.xs)_*_var(--font-size,_1))] base-font-normal base-font-primary base-text-neutral-low-500 base-text-left\">O longa, previsto para ser lan\u00e7ado em 2026, conta com dire\u00e7\u00e3o de Cyrus Nowrasteh, conhecido por filmes com temas religiosos, e roteiro assinado pelo deputado brasileiro Mario Frias (PL-SP). <\/p>\n<p class=\"jarvics:base-text-neutral-high-400 base-text-[calc(theme(fontSize.xs)_*_var(--font-size,_1))] base-font-normal base-font-primary base-text-neutral-low-500 base-text-left\">A trama pretende abordar as elei\u00e7\u00f5es presidenciais de 2018, com foco principalmente na facada sofrida por Bolsonaro em Juiz de Fora, Minas Gerais. O filme tamb\u00e9m deve incluir o passado militar do ex-presidente, com a proposta de retrat\u00e1-lo como um \u201cher\u00f3i\u201d.<\/p>\n<p class=\"jarvics:base-text-neutral-high-400 base-text-[calc(theme(fontSize.xs)_*_var(--font-size,_1))] base-font-normal base-font-primary base-text-neutral-low-500 base-text-left\">Os filhos de Bolsonaro tamb\u00e9m estar\u00e3o na hist\u00f3ria. O ator mexicano Marcus Ornellas ser\u00e1 Fl\u00e1vio e o norte-americano Eddie Finlay interpretar\u00e1 Eduardo. J\u00e1 Carlos ser\u00e1 representado pelo brasileiro S\u00e9rgio Barreto.<\/p>\n<p class=\"jarvics:base-text-neutral-high-400 base-text-[calc(theme(fontSize.xs)_*_var(--font-size,_1))] base-font-normal base-font-primary base-text-neutral-low-500 base-text-left\">A repercuss\u00e3o do elenco vem em meio \u00e0 pris\u00e3o preventiva de Bolsonaro, detido na manh\u00e3 de s\u00e1bado (22), em Bras\u00edlia. A decis\u00e3o partiu do ministro Alexandre de Moraes, que apontou ind\u00edcios de que o ex-presidente, ent\u00e3o em pris\u00e3o domiciliar, planejava uma fuga.<\/p>\n<p><video controls=\"\" class=\"video-js\" preload=\"metadata\" poster=\"https:\/\/d22yf0mxeu0gma.cloudfront.net\/11-24-2025\/t_3e765a63c72a49bebc026f1597e93e0f_name_file_960x540_1600_v4_.jpg\" title=\"STF mant&#xE9;m previs&#xE3;o preventiva de Bolsonaro\" data-sprite-url=\"\" data-metadata=\"{&quot;title&quot;:&quot;STF mant&#xE9;m previs&#xE3;o preventiva de Bolsonaro&quot;,&quot;sectionName&quot;:&quot;R7&quot;,&quot;mainSection&quot;:&quot;Cinema&quot;,&quot;subSection&quot;:&quot;&quot;,&quot;views&quot;:&quot;&quot;,&quot;disableAdv&quot;:&quot;false&quot;,&quot;createdDate&quot;:&quot;2025-11-24T17:48:20Z&quot;,&quot;mainSectionUrl&quot;:&quot;https:\/\/noticias.r7.com\/record-news\/conexao-record-news\/video\/stf-mantem-previsao-preventiva-de-bolsonaro-24112025\/&quot;,&quot;sectionPath&quot;:&quot;https:\/\/noticias.r7.com\/record-news\/conexao-record-news&quot;,&quot;ageRating&quot;:&quot;&quot;,&quot;ageRatingDescription&quot;:&quot;&quot;,&quot;duration&quot;:547733,&quot;playerUrl&quot;:&quot;https:\/\/noticias.r7.com\/player\/019a9918-6c9e-42e5-bcb7-249a6dd169fe\/&quot;}\" data-player-params=\"{&quot;p&quot;:&quot;true&quot;,&quot;autoPlay&quot;:&quot;false&quot;,&quot;logo&quot;:&quot;true&quot;,&quot;playlistId&quot;:&quot;false&quot;,&quot;calhau&quot;:&quot;false&quot;,&quot;share&quot;:&quot;true&quot;,&quot;sz&quot;:&quot;false&quot;,&quot;full&quot;:&quot;true&quot;,&quot;customAdHash&quot;:&quot;\/7542\/R7entretenimento\/cinema&quot;,&quot;referrerUrl&quot;:&quot;&quot;,&quot;externalLinks&quot;:&quot;true&quot;,&quot;debug&quot;:&quot;false&quot;,&quot;debugHash&quot;:&quot;false&quot;,&quot;debugRelated&quot;:&quot;false&quot;,&quot;timerRelated&quot;:&quot;true&quot;,&quot;logoRecord&quot;:&quot;false&quot;,&quot;contextModal&quot;:&quot;false&quot;,&quot;parentUrl&quot;:&quot;https:\/\/record.r7.com\/&quot;,&quot;t&quot;:&quot;0&quot;,&quot;noTitle&quot;:false,&quot;endBehavior&quot;:&quot;default&quot;}\" data-related-videos=\"[{&quot;title&quot;:&quot;Defesa de Bolsonaro cita confus&#xE3;o mental como justificativa&quot;,&quot;thumb&quot;:&quot;https:\/\/d22yf0mxeu0gma.cloudfront.net\/11-24-2025\/t_67261be3d91b41139d30e298e0e09cea_name_12.jpg&quot;,&quot;url&quot;:&quot;https:\/\/noticias.r7.com\/record-news\/hora-news\/video\/defesa-de-bolsonaro-cita-confusao-mental-como-justificativa-24112025\/&quot;,&quot;embedUrl&quot;:&quot;https:\/\/noticias.r7.com\/player\/e5b99d2f-e7b4-4716-9e58-47357c76ae2a\/&quot;},{&quot;title&quot;:&quot;Veja as primeiras imagens de Jair Bolsonaro depois de ser preso&quot;,&quot;thumb&quot;:&quot;https:\/\/d22yf0mxeu0gma.cloudfront.net\/11-23-2025\/t_5fee6a963ffa4ad3ba33e9799fd3a0be_name_file_960x540_1600_v4_.jpg&quot;,&quot;url&quot;:&quot;https:\/\/noticias.r7.com\/brasilia\/video\/veja-as-primeiras-imagens-de-jair-bolsonaro-depois-de-ser-preso-23112025\/&quot;,&quot;embedUrl&quot;:&quot;https:\/\/noticias.r7.com\/player\/cc4b3f48-4dfe-4293-8f0a-a391c45dffa5\/&quot;},{&quot;title&quot;:&quot;Presidente Lula indica Jorge Messias para vaga no STF&quot;,&quot;thumb&quot;:&quot;https:\/\/d22yf0mxeu0gma.cloudfront.net\/11-21-2025\/t_0e6a53a57aa641ed80cc61ff142cbe96_name_file_960x540_1600_v4_.jpg&quot;,&quot;url&quot;:&quot;https:\/\/noticias.r7.com\/record-news\/jornal-da-record-news\/video\/presidente-lula-indica-jorge-messias-para-vaga-no-stf-21112025\/&quot;,&quot;embedUrl&quot;:&quot;https:\/\/noticias.r7.com\/player\/c83533dc-ffb8-4606-94d2-5e1d7a61a45b\/&quot;}]\" data-player-url=\"https:\/\/noticias.r7.com\/player\/019a9918-6c9e-42e5-bcb7-249a6dd169fe\/\" data-arc-video=\"\" data-arc-id=\"019a9918-6c9e-42e5-bcb7-249a6dd169fe\" data-short=\"false\" style=\"visibility:hidden\"><\/video><\/p>\n","protected":false},"excerpt":{"rendered":"LEIA AQUI O RESUMO DA NOT\u00cdCIA O ator Jim Caviezel foi escalado para interpretar Jair Bolsonaro no filme&hellip;\n","protected":false},"author":2,"featured_media":163957,"comment_status":"","ping_status":"","sticky":false,"template":"","format":"standard","meta":{"footnotes":""},"categories":[145],"tags":[211,210,470,114,115,3034,1125,32,33],"class_list":{"0":"post-163956","1":"post","2":"type-post","3":"status-publish","4":"format-standard","5":"has-post-thumbnail","7":"category-celebridades","8":"tag-celebridades","9":"tag-celebrities","10":"tag-cinema","11":"tag-entertainment","12":"tag-entretenimento","13":"tag-famosos-e-celebridades","14":"tag-jair-bolsonaro","15":"tag-portugal","16":"tag-pt"},"share_on_mastodon":{"url":"https:\/\/pubeurope.com\/@pt\/115606774517647800","error":""},"_links":{"self":[{"href":"https:\/\/www.europesays.com\/pt\/wp-json\/wp\/v2\/posts\/163956","targetHints":{"allow":["GET"]}}],"collection":[{"href":"https:\/\/www.europesays.com\/pt\/wp-json\/wp\/v2\/posts"}],"about":[{"href":"https:\/\/www.europesays.com\/pt\/wp-json\/wp\/v2\/types\/post"}],"author":[{"embeddable":true,"href":"https:\/\/www.europesays.com\/pt\/wp-json\/wp\/v2\/users\/2"}],"replies":[{"embeddable":true,"href":"https:\/\/www.europesays.com\/pt\/wp-json\/wp\/v2\/comments?post=163956"}],"version-history":[{"count":0,"href":"https:\/\/www.europesays.com\/pt\/wp-json\/wp\/v2\/posts\/163956\/revisions"}],"wp:featuredmedia":[{"embeddable":true,"href":"https:\/\/www.europesays.com\/pt\/wp-json\/wp\/v2\/media\/163957"}],"wp:attachment":[{"href":"https:\/\/www.europesays.com\/pt\/wp-json\/wp\/v2\/media?parent=163956"}],"wp:term":[{"taxonomy":"category","embeddable":true,"href":"https:\/\/www.europesays.com\/pt\/wp-json\/wp\/v2\/categories?post=163956"},{"taxonomy":"post_tag","embeddable":true,"href":"https:\/\/www.europesays.com\/pt\/wp-json\/wp\/v2\/tags?post=163956"}],"curies":[{"name":"wp","href":"https:\/\/api.w.org\/{rel}","templated":true}]}}