{"id":163960,"date":"2025-11-24T21:25:10","date_gmt":"2025-11-24T21:25:10","guid":{"rendered":"https:\/\/www.europesays.com\/pt\/163960\/"},"modified":"2025-11-24T21:25:10","modified_gmt":"2025-11-24T21:25:10","slug":"filha-de-noel-gallagher-fala-sobre-reuniao-do-oasis-em-tom-de-adeus","status":"publish","type":"post","link":"https:\/\/www.europesays.com\/pt\/163960\/","title":{"rendered":"Filha de Noel Gallagher fala sobre reuni\u00e3o do Oasis em tom de adeus"},"content":{"rendered":"<p>Chegou ao fim ontem (23), em S\u00e3o Paulo, a t\u00e3o aguardada turn\u00ea de reuni\u00e3o do<strong> Oasis<\/strong>, <strong>Live \u201925<\/strong>. E <strong>Ana\u00efs Gallagher<\/strong>, filha de <strong>Noel Gallagher<\/strong>, publicou uma mensagem pra l\u00e1 de emocionante para celebrar o encerramento desse ciclo.<\/p>\n<p>A modelo e influencer, que acompanhou a banda do pai em boa parte das 41 apresenta\u00e7\u00f5es da turn\u00ea neste ano, usou o <a href=\"https:\/\/www.instagram.com\/gallagher_anais\/?e=ab9c2e1f-22f1-4aab-a368-9b50f34a448c&amp;g=5\" target=\"_blank\" rel=\"noreferrer noopener nofollow\">Instagram<\/a> para falar da experi\u00eancia. No texto, al\u00e9m de agradecer ao pai, ao tio <strong>Liam Gallagher<\/strong>, e \u00e0 equipe do <a href=\"https:\/\/www.tenhomaisdiscosqueamigos.com\/?s=oasis\" target=\"_blank\" rel=\"noreferrer noopener nofollow\">grupo<\/a>, Ana\u00efs ainda se dirigiu aos f\u00e3s que estiveram nos shows.<\/p>\n<p>O texto diz:<\/p>\n<blockquote class=\"wp-block-quote is-layout-flow wp-block-quote-is-layout-flow\">\n<p><strong>O melhor ano da minha vida, passado com as melhores pessoas, embalado pela melhor banda. O que antes parecia imposs\u00edvel se tornou poss\u00edvel. 41 shows. 142 dias. Uma vida inteira de mem\u00f3rias.<\/strong><\/p>\n<p><strong>Um enorme agradecimento a todos que fizeram deste ano o que ele foi: meu pai, Tio Liam, Bonehead, Gem, Andy, Joey, Christian, Debbie, Kat, Amy, Angus, Alec, Marcus, Steve, Dan, Josh, Vov\u00f3, Lennon, Gene, Donovan, Sonny, Molly, Zion \u2014 e, claro, a cada um de voc\u00eas, pessoas maravilhosas, que vieram, cantaram, choraram e vibraram conosco.<\/strong><\/p>\n<p><strong>Te amo, Oasis. Te amo, Live 25. Mas, acima de tudo, te amo, Gallaghers.<\/strong><\/p>\n<p><strong>E pela \u00faltima vez: \u201cIsso \u00e9 Rock n\u2019 Roll, baby.\u201d<\/strong><\/p>\n<\/blockquote>\n<p>Emocionante!<\/p>\n<p>Turn\u00ea de reuni\u00e3o do Oasis<\/p>\n<p>Ap\u00f3s percorrer diversos pa\u00edses neste ano, a turn\u00ea Live \u201925 chegou ao fim com dois shows em S\u00e3o Paulo, no Est\u00e1dio MorumBIS, nos dias 22 e 23 de novembro.<\/p>\n<p>At\u00e9 o momento, o grupo ainda n\u00e3o anunciou novas datas para o pr\u00f3ximo ano, e o texto de Ana\u00efs tamb\u00e9m n\u00e3o deixa entender que haver\u00e3o novos shows.<\/p>\n<p>O que ser\u00e1 que 2026 reserva para o Oasis?<\/p>\n<p>\t<script async src=\"\/\/www.instagram.com\/embed.js\"><\/script><\/p>\n","protected":false},"excerpt":{"rendered":"Chegou ao fim ontem (23), em S\u00e3o Paulo, a t\u00e3o aguardada turn\u00ea de reuni\u00e3o do Oasis, Live \u201925.&hellip;\n","protected":false},"author":2,"featured_media":163961,"comment_status":"","ping_status":"","sticky":false,"template":"","format":"standard","meta":{"footnotes":""},"categories":[141],"tags":[114,115,149,150,34055,1638,32,33],"class_list":{"0":"post-163960","1":"post","2":"type-post","3":"status-publish","4":"format-standard","5":"has-post-thumbnail","7":"category-musica","8":"tag-entertainment","9":"tag-entretenimento","10":"tag-music","11":"tag-musica","12":"tag-noel-gallagher","13":"tag-oasis","14":"tag-portugal","15":"tag-pt"},"share_on_mastodon":{"url":"https:\/\/pubeurope.com\/@pt\/115606790187921584","error":""},"_links":{"self":[{"href":"https:\/\/www.europesays.com\/pt\/wp-json\/wp\/v2\/posts\/163960","targetHints":{"allow":["GET"]}}],"collection":[{"href":"https:\/\/www.europesays.com\/pt\/wp-json\/wp\/v2\/posts"}],"about":[{"href":"https:\/\/www.europesays.com\/pt\/wp-json\/wp\/v2\/types\/post"}],"author":[{"embeddable":true,"href":"https:\/\/www.europesays.com\/pt\/wp-json\/wp\/v2\/users\/2"}],"replies":[{"embeddable":true,"href":"https:\/\/www.europesays.com\/pt\/wp-json\/wp\/v2\/comments?post=163960"}],"version-history":[{"count":0,"href":"https:\/\/www.europesays.com\/pt\/wp-json\/wp\/v2\/posts\/163960\/revisions"}],"wp:featuredmedia":[{"embeddable":true,"href":"https:\/\/www.europesays.com\/pt\/wp-json\/wp\/v2\/media\/163961"}],"wp:attachment":[{"href":"https:\/\/www.europesays.com\/pt\/wp-json\/wp\/v2\/media?parent=163960"}],"wp:term":[{"taxonomy":"category","embeddable":true,"href":"https:\/\/www.europesays.com\/pt\/wp-json\/wp\/v2\/categories?post=163960"},{"taxonomy":"post_tag","embeddable":true,"href":"https:\/\/www.europesays.com\/pt\/wp-json\/wp\/v2\/tags?post=163960"}],"curies":[{"name":"wp","href":"https:\/\/api.w.org\/{rel}","templated":true}]}}