{"id":163964,"date":"2025-11-24T21:27:08","date_gmt":"2025-11-24T21:27:08","guid":{"rendered":"https:\/\/www.europesays.com\/pt\/163964\/"},"modified":"2025-11-24T21:27:08","modified_gmt":"2025-11-24T21:27:08","slug":"incrivel-medio-do-everton-expulso-por-quezilia-com-colega-de-equipa","status":"publish","type":"post","link":"https:\/\/www.europesays.com\/pt\/163964\/","title":{"rendered":"INCR\u00cdVEL: m\u00e9dio do Everton expulso por quez\u00edlia com colega de equipa"},"content":{"rendered":"<p>Aos 14 minutos do <strong><a href=\"https:\/\/maisfutebol.iol.pt\/jogo\/manchesterunited\/everton\/13825465\" rel=\"nofollow noopener\" target=\"_blank\">Manchester United-Everton<\/a><\/strong> desta segunda-feira, em duelo da 12.\u00aa jornada da Liga inglesa, aconteceu um momento raro e ins\u00f3lito. Um jogador foi expulso ap\u00f3s um desentendimento com um colega de equipa.<\/p>\n<p>Idrissa &#8216;Gana&#8217; Gueye e Michael Keane foram os protagonistas desta hist\u00f3ria. Ap\u00f3s a bola sair das quatro linhas, num lance defensivo dos visitantes, Gueye (m\u00e9dio) foi tirar satisfa\u00e7\u00f5es com o defesa-central experiente.<\/p>\n<p>Houve uma troca de palavras, empurr\u00f5es&#8230; e o \u00e1rbitro Tony Harrington decidiu expulsar Idrissa Gueye por conduta violenta. Neste caso, contra um colega de equipa. Quem agradeceu foi o Manchester United de Ruben Amorim, que ficou a jogar contra dez.<\/p>\n<p><strong>Veja o v\u00eddeo:<\/strong><\/p>\n","protected":false},"excerpt":{"rendered":"Aos 14 minutos do Manchester United-Everton desta segunda-feira, em duelo da 12.\u00aa jornada da Liga inglesa, aconteceu um&hellip;\n","protected":false},"author":2,"featured_media":163965,"comment_status":"","ping_status":"","sticky":false,"template":"","format":"standard","meta":{"footnotes":""},"categories":[87],"tags":[135,3016,34693,82,46,663,34694,32,33,47,1052,134],"class_list":{"0":"post-163964","1":"post","2":"type-post","3":"status-publish","4":"format-standard","5":"has-post-thumbnail","7":"category-desporto","8":"tag-desporto","9":"tag-everton","10":"tag-idrissa-gueye","11":"tag-internacional","12":"tag-maisfutebol","13":"tag-manchester-united","14":"tag-michael-keane","15":"tag-portugal","16":"tag-pt","17":"tag-pura-paixao","18":"tag-ruben-amorim","19":"tag-sports"},"share_on_mastodon":{"url":"https:\/\/pubeurope.com\/@pt\/115606798097006105","error":""},"_links":{"self":[{"href":"https:\/\/www.europesays.com\/pt\/wp-json\/wp\/v2\/posts\/163964","targetHints":{"allow":["GET"]}}],"collection":[{"href":"https:\/\/www.europesays.com\/pt\/wp-json\/wp\/v2\/posts"}],"about":[{"href":"https:\/\/www.europesays.com\/pt\/wp-json\/wp\/v2\/types\/post"}],"author":[{"embeddable":true,"href":"https:\/\/www.europesays.com\/pt\/wp-json\/wp\/v2\/users\/2"}],"replies":[{"embeddable":true,"href":"https:\/\/www.europesays.com\/pt\/wp-json\/wp\/v2\/comments?post=163964"}],"version-history":[{"count":0,"href":"https:\/\/www.europesays.com\/pt\/wp-json\/wp\/v2\/posts\/163964\/revisions"}],"wp:featuredmedia":[{"embeddable":true,"href":"https:\/\/www.europesays.com\/pt\/wp-json\/wp\/v2\/media\/163965"}],"wp:attachment":[{"href":"https:\/\/www.europesays.com\/pt\/wp-json\/wp\/v2\/media?parent=163964"}],"wp:term":[{"taxonomy":"category","embeddable":true,"href":"https:\/\/www.europesays.com\/pt\/wp-json\/wp\/v2\/categories?post=163964"},{"taxonomy":"post_tag","embeddable":true,"href":"https:\/\/www.europesays.com\/pt\/wp-json\/wp\/v2\/tags?post=163964"}],"curies":[{"name":"wp","href":"https:\/\/api.w.org\/{rel}","templated":true}]}}