{"id":163966,"date":"2025-11-24T21:28:12","date_gmt":"2025-11-24T21:28:12","guid":{"rendered":"https:\/\/www.europesays.com\/pt\/163966\/"},"modified":"2025-11-24T21:28:12","modified_gmt":"2025-11-24T21:28:12","slug":"semana-estadual-reforca-acoes-de-prevencao-e-convoca-populacao-no-combate-ao-aedes-aegypti","status":"publish","type":"post","link":"https:\/\/www.europesays.com\/pt\/163966\/","title":{"rendered":"Semana Estadual refor\u00e7a a\u00e7\u00f5es de preven\u00e7\u00e3o e convoca popula\u00e7\u00e3o no combate ao Aedes aegypti"},"content":{"rendered":"<p>&#13;<br \/>\n        &#13;<br \/>\n            &#13;<br \/>\n&#13;<br \/>\n            &#13;<br \/>\n&#13;<br \/>\n            &#13;<br \/>\n                <a href=\"\">24 de novembro de 2025 &#8211; 17:47<\/a>&#13;<br \/>\n                                      #<a href=\"https:\/\/www.saude.ce.gov.br\/tag\/arboviroses\/\" rel=\"tag nofollow noopener\" target=\"_blank\">arboviroses<\/a> #<a href=\"https:\/\/www.saude.ce.gov.br\/tag\/chikungunya\/\" rel=\"tag nofollow noopener\" target=\"_blank\">chikungunya<\/a> #<a href=\"https:\/\/www.saude.ce.gov.br\/tag\/dengue\/\" rel=\"tag nofollow noopener\" target=\"_blank\">dengue<\/a> #<a href=\"https:\/\/www.saude.ce.gov.br\/tag\/zika\/\" rel=\"tag nofollow noopener\" target=\"_blank\">zika<\/a> &#13;<br \/>\n                            &#13;<br \/>\n&#13;<\/p>\n<p>Assessoria de Comunica\u00e7\u00e3o da Sesa<br \/>&#13;<br \/>\nTexto: Jessika Sampaio<br \/>&#13;<br \/>\nFoto: Ascom<\/p>\n<p>                &#13;<br \/>\n            &#13;<\/p>\n<p style=\"text-align: center\"><img fetchpriority=\"high\" decoding=\"async\" class=\"aligncenter wp-image-149023\" src=\"https:\/\/www.europesays.com\/pt\/wp-content\/uploads\/2025\/11\/arboviroses-planta-600x375.jpg\" alt=\"\" width=\"775\" height=\"485\"  \/>As a\u00e7\u00f5es incluem palestras, rodas de conversa em escolas e orienta\u00e7\u00f5es nas unidades de sa\u00fade de todo o Estado<\/p>\n<p><strong>A Secretaria da Sa\u00fade do Estado do Cear\u00e1 (Sesa) realiza, no per\u00edodo de 23 a 29 de novembro,<\/strong> a<b> Mobiliza\u00e7\u00e3o Estadual contra as Arboviroses <\/b>nos 184 munic\u00edpios do Estado. <strong>As atividades t\u00eam o objetivo de sensibilizar a popula\u00e7\u00e3o, fortalecer equipes municipais e interromper o ciclo de transmiss\u00e3o do mosquito <\/strong><strong>Aedes aegypti<\/strong><strong>, antes da quadra chuvosa.<\/strong> As a\u00e7\u00f5es ser\u00e3o encerradas no pr\u00f3ximo s\u00e1bado (29) com o Dia D estadual de combate \u00e0s arboviroses, em Aquiraz. <br \/>A programa\u00e7\u00e3o \u00e9 organizada pela Secretaria Executiva de Vigil\u00e2ncia em Sa\u00fade (Sevig), por meio da C\u00e9lula de Vigil\u00e2ncia Entomol\u00f3gica e Controle Vetorial (Cevet). As arboviroses s\u00e3o doen\u00e7as causadas por v\u00edrus transmitidos por artr\u00f3podes, como o Aedes aegypti, respons\u00e1vel pelos casos de dengue, zika e chikungunya, ainda predominantes no Cear\u00e1. <br \/>O secret\u00e1rio executivo de Vigil\u00e2ncia em Sa\u00fade, <strong>Antonio Silva Lima Neto (Tanta), refor\u00e7a que a redu\u00e7\u00e3o de agravos depende diretamente do comportamento da popula\u00e7\u00e3o. Ele lembra que a maior parte dos focos continua dentro das resid\u00eancias<\/strong>, o que evidencia o peso da preven\u00e7\u00e3o dom\u00e9stica. \u201cCerca de 85% dos criadouros est\u00e3o nos domic\u00edlios. Por isso, esse Dia D \u00e9 um chamamento \u00e0 popula\u00e7\u00e3o. \u00c9 o momento de refor\u00e7ar a import\u00e2ncia de fiscalizar a pr\u00f3pria casa, os quintais e os ambientes de conv\u00edvio\u201d, afirma.<\/p>\n<p>A principal frente da semana de mobiliza\u00e7\u00e3o \u00e9 a educa\u00e7\u00e3o nos territ\u00f3rios, estrat\u00e9gia central para interromper o ciclo de transmiss\u00e3o. Ao longo desses dias, equipes estaduais e municipais, por meio dos agentes de combate \u00e0s endemias, realizam<strong> atividades educativas voltadas \u00e0 comunidade. As a\u00e7\u00f5es incluem palestras, rodas de conversa em escolas e orienta\u00e7\u00f5es nas unidades de sa\u00fade de todo o Estado,<\/strong> detalhando as principais formas de preven\u00e7\u00e3o ao Aedes aegypti e refor\u00e7ando pr\u00e1ticas simples que evitam a prolifera\u00e7\u00e3o do mosquito.<\/p>\n<p>Os principais pontos de p<strong>rolifera\u00e7\u00e3o do mosquito est\u00e3o no lixo dom\u00e9stico, pontua o secret\u00e1rio:<\/strong> \u201ccriadouros antes frequentes, como pneus e pratinhos de plantas, t\u00eam impacto menor quando comparados aos reservat\u00f3rios de \u00e1gua parada e ao descarte inadequado de res\u00edduos\u201d.<\/p>\n<p style=\"text-align: center\"><img loading=\"lazy\" decoding=\"async\" class=\"aligncenter wp-image-149024\" src=\"https:\/\/www.europesays.com\/pt\/wp-content\/uploads\/2025\/11\/vaso-dengue-600x450.jpg\" alt=\"\" width=\"775\" height=\"581\"  \/>A\u00e7\u00f5es importantes: lavar bacias, baldes, bebedouros de animais, vasinhos e tambores, al\u00e9m de descartar o lixo no dia correto e sempre bem-acondicionado<\/p>\n<p>A assessora t\u00e9cnica do Controle Vetorial das Arboviroses da Sesa, Amanda Rocha, acrescenta que medidas simples dentro de casa continuam sendo decisivas para barrar o ciclo do Aedes aegypti. \u201c\u00c9 preciso evitar qualquer ac\u00famulo de \u00e1gua: lavar bacias, baldes, bebedouros de animais, vasinhos e tambores, al\u00e9m de descartar o lixo no dia correto e sempre bem-acondicionado\u201d, orienta.<br \/>Amanda enfatiza que esse \u00e9 um per\u00edodo estrat\u00e9gico para sensibilizar a popula\u00e7\u00e3o e que \u00e9 preciso n\u00e3o deixar o mosquito nascer. \u201cO cuidado deve acontecer o ano inteiro, mas \u00e9 imprescind\u00edvel nesse per\u00edodo anterior \u00e0s chuvas. \u00c9 fundamental que a gente mantenha a nossa casa limpa e livre de focos para evitar que, no per\u00edodo chuvoso, a situa\u00e7\u00e3o se agrave\u201d, comenta.<\/p>\n<p>&#13;<br \/>\n            &#13;<br \/>\n&#13;<br \/>\n&#13;<\/p>\n","protected":false},"excerpt":{"rendered":"&#13; &#13; &#13; &#13; &#13; &#13; &#13; 24 de novembro de 2025 &#8211; 17:47&#13; #arboviroses #chikungunya #dengue #zika&hellip;\n","protected":false},"author":2,"featured_media":163967,"comment_status":"","ping_status":"","sticky":false,"template":"","format":"standard","meta":{"footnotes":""},"categories":[86],"tags":[1889,5725,1891,116,32,33,117,1892],"class_list":{"0":"post-163966","1":"post","2":"type-post","3":"status-publish","4":"format-standard","5":"has-post-thumbnail","7":"category-saude","8":"tag-arboviroses","9":"tag-chikungunya","10":"tag-dengue","11":"tag-health","12":"tag-portugal","13":"tag-pt","14":"tag-saude","15":"tag-zika"},"share_on_mastodon":{"url":"https:\/\/pubeurope.com\/@pt\/115606802304068990","error":""},"_links":{"self":[{"href":"https:\/\/www.europesays.com\/pt\/wp-json\/wp\/v2\/posts\/163966","targetHints":{"allow":["GET"]}}],"collection":[{"href":"https:\/\/www.europesays.com\/pt\/wp-json\/wp\/v2\/posts"}],"about":[{"href":"https:\/\/www.europesays.com\/pt\/wp-json\/wp\/v2\/types\/post"}],"author":[{"embeddable":true,"href":"https:\/\/www.europesays.com\/pt\/wp-json\/wp\/v2\/users\/2"}],"replies":[{"embeddable":true,"href":"https:\/\/www.europesays.com\/pt\/wp-json\/wp\/v2\/comments?post=163966"}],"version-history":[{"count":0,"href":"https:\/\/www.europesays.com\/pt\/wp-json\/wp\/v2\/posts\/163966\/revisions"}],"wp:featuredmedia":[{"embeddable":true,"href":"https:\/\/www.europesays.com\/pt\/wp-json\/wp\/v2\/media\/163967"}],"wp:attachment":[{"href":"https:\/\/www.europesays.com\/pt\/wp-json\/wp\/v2\/media?parent=163966"}],"wp:term":[{"taxonomy":"category","embeddable":true,"href":"https:\/\/www.europesays.com\/pt\/wp-json\/wp\/v2\/categories?post=163966"},{"taxonomy":"post_tag","embeddable":true,"href":"https:\/\/www.europesays.com\/pt\/wp-json\/wp\/v2\/tags?post=163966"}],"curies":[{"name":"wp","href":"https:\/\/api.w.org\/{rel}","templated":true}]}}