{"id":163968,"date":"2025-11-24T21:30:30","date_gmt":"2025-11-24T21:30:30","guid":{"rendered":"https:\/\/www.europesays.com\/pt\/163968\/"},"modified":"2025-11-24T21:30:30","modified_gmt":"2025-11-24T21:30:30","slug":"riomar-recife-oportunidades-de-eletronicos-veja-a-selecao-de-eletroeletronicos","status":"publish","type":"post","link":"https:\/\/www.europesays.com\/pt\/163968\/","title":{"rendered":"RioMar Recife | Oportunidades de eletr\u00f4nicos: veja a sele\u00e7\u00e3o de eletroeletr\u00f4nicos"},"content":{"rendered":"<p><strong>Por Camile Barros e Thays Martins<\/strong><br \/>Do RioMar Recife<\/p>\n<p>Os eletr\u00f4nicos s\u00e3o itens muito buscados neste per\u00edodo do final de ano, seja para renovar os itens de casa ou os acess\u00f3rios da rotina. S\u00e3o op\u00e7\u00f5es como geladeira, sanduicheira, smartphone ou notebook que podem otimizar o dia a dia, facilitando as atividades.<\/p>\n<p>Aqui no <strong>RioMar Recife<\/strong> voc\u00ea encontra diversas oportunidades de compras com descontos e, para ajudar no momento da escolha, traremos uma sele\u00e7\u00e3o de produtos para voc\u00ea escolher o que precisa ser renovado.<\/p>\n<p><strong>7 lugares para garantir seu eletr\u00f4nico ou eletrodom\u00e9stico<\/strong><br \/>\n<strong>\u00bb Magazine Luiza<\/strong><\/p>\n<p>        &#13;<\/p>\n<p>                <img decoding=\"async\" src=\"https:\/\/www.europesays.com\/pt\/wp-content\/uploads\/2025\/11\/1_magazine-36077636.png\" alt=\"Foto: Camile Barros\/RioMar Recife\"\/><\/p>\n<p>            &#13;<br \/>\n            Uma televis\u00e3o Smart TV TCL 4K QLED de 65 polegadas est\u00e1 em destaque em uma loja. Um cartaz vermelho de oferta Black Friday anuncia que ela pode ser parcelada em 21 vezes de R$ 148,58. &#8211; <strong>Foto: Camile Barros\/RioMar Recife<\/strong>&#13;<\/p>\n<p>        &#13;<\/p>\n<p>                <img decoding=\"async\" src=\"https:\/\/www.europesays.com\/pt\/wp-content\/uploads\/2025\/11\/1_magazine__2_-36077640.png\" alt=\"Foto: Camile Barros\/RioMar Recife\"\/><\/p>\n<p>            &#13;<br \/>\n            Uma m\u00e1quina de lavar roupas branca de abertura superior \u00e9 o item central em uma loja. Um cartaz de oferta grande e amarelo exibe um pre\u00e7o de R$ 1.699,00, com uma parcela de R$ 90,00. &#8211; <strong>Foto: Camile Barros\/RioMar Recife<\/strong>&#13;<\/p>\n<p>A lavadora de roupas C\u00f4nsul de 13kg de R$ 2.399 por R$ 1.699. Enquanto que a TV TLC 65\u201d de R$ 4.999 por R$ 3.1200. A oferta \u00e9 v\u00e1lida at\u00e9 o dia 27 ou enquanto durar o estoque.<\/p>\n<p><strong>\u00bb Pre\u00e7olandia<\/strong><\/p>\n<p>        &#13;<\/p>\n<p>                <img decoding=\"async\" src=\"https:\/\/www.europesays.com\/pt\/wp-content\/uploads\/2025\/11\/1_precolandia-36077616.png\" alt=\"Foto: Camile Barros\/RioMar Recife\"\/><\/p>\n<p>            &#13;<br \/>\n            Dois aspiradores de p\u00f3 verticais, com design fino e alongado, est\u00e3o expostos em uma bancada branca, o mais central na cor preta e vermelha. O fundo mostra uma loja de eletrodom\u00e9sticos com o nome &#8220;Pre\u00e7ol\u00e2ndia&#8221; ao longe. &#8211; <strong>Foto: Camile Barros\/RioMar Recife<\/strong>&#13;<\/p>\n<p>        &#13;<\/p>\n<p>                <img decoding=\"async\" src=\"https:\/\/www.europesays.com\/pt\/wp-content\/uploads\/2025\/11\/1_precolandia__2_-36077620.png\" alt=\"Foto: Camile Barros\/RioMar Recife\"\/><\/p>\n<p>            &#13;<br \/>\n            Um liquidificador individual preto e prateado com um copo transparente, ao lado de um copo menor cheio de frutas picadas. Ao fundo e \u00e0 esquerda, h\u00e1 um cartaz de desconto anunciando um Aspirador de P\u00f3 Vertical por R$ 189,90. &#8211; <strong>Foto: Camile Barros\/RioMar Recife<\/strong>&#13;<\/p>\n<p>O aspirador de p\u00f3 vertical Duo Cyclone de R$ 229,90 est\u00e1 por R$ 189,90. J\u00e1 o liquidificador shake de R$ 279,90 est\u00e1 por R$ 229,90.<\/p>\n<p><strong>\u00bb Fast Shop<\/strong><\/p>\n<p>        &#13;<\/p>\n<p>                <img decoding=\"async\" src=\"https:\/\/www.europesays.com\/pt\/wp-content\/uploads\/2025\/11\/1_fast_shop-36077660.png\" alt=\"Foto: Camile Barros\/RioMar Recife\"\/><\/p>\n<p>            &#13;<br \/>\n            Um purificador de \u00e1gua cinza e branco da marca Electrolux, com bot\u00f5es para diferentes temperaturas, est\u00e1 em uma bancada de cozinha. Ao fundo, h\u00e1 eletrodom\u00e9sticos embutidos, como fornos. &#8211; <strong>Foto: Camile Barros\/RioMar Recife<\/strong>&#13;<\/p>\n<p>        &#13;<\/p>\n<p>                <img decoding=\"async\" src=\"https:\/\/www.europesays.com\/pt\/wp-content\/uploads\/2025\/11\/1_fast_shop__2_-36077664.png\" alt=\"Foto: Camile Barros\/RioMar Recife\"\/><\/p>\n<p>            &#13;<br \/>\n            Um vaporizador de roupas port\u00e1til amarelo e preto da marca Arno Pure Pop, em formato de pistola, est\u00e1 exposto em uma base branca. O cen\u00e1rio \u00e9 um mostru\u00e1rio de cozinha com um cooktop preto. &#8211; <strong>Foto: Camile Barros\/RioMar Recife<\/strong>&#13;<\/p>\n<p>O purificador de \u00e1gua Electrolux de R$ 947 est\u00e1 por R$789 no pagamento via pix at\u00e9 o dia 30 de novembro. J\u00e1 o vaporizador de roupas Arno de R$ 209 est\u00e1 por R$ 169 no pagamento via pix enquanto durar o estoque.<\/p>\n<p><strong>\u00bb Kalunga<\/strong><\/p>\n<p>        &#13;<\/p>\n<p>                <img decoding=\"async\" src=\"https:\/\/www.europesays.com\/pt\/wp-content\/uploads\/2025\/11\/1_kalunga-36077644.png\" alt=\"Foto: Camile Barros\/RioMar Recife\"\/><\/p>\n<p>            &#13;<br \/>\n            Um notebook ASUS Vivobook Go 15, na cor prata, est\u00e1 aberto em um expositor de loja, com informa\u00e7\u00f5es sobre suas caracter\u00edsticas na tela. H\u00e1 dois avisos de &#8220;N\u00e3o Toque&#8221; em destaque e uma caixa da Black Friday. &#8211; <strong>Foto: Camile Barros\/RioMar Recife<\/strong>&#13;<\/p>\n<p>        &#13;<\/p>\n<p>                <img decoding=\"async\" src=\"https:\/\/www.europesays.com\/pt\/wp-content\/uploads\/2025\/11\/1_kalunga__2_-36077648.png\" alt=\"Foto: Camile Barros\/RioMar Recife\"\/><\/p>\n<p>            &#13;<br \/>\n            Uma grande caixa de som amplificada preta, com duas grades de alto-falantes vis\u00edveis, est\u00e1 em uma mesa de exposi\u00e7\u00e3o em uma loja Kalunga. Ao fundo, h\u00e1 prateleiras com monitores de computador e caixas de produtos. &#8211; <strong>Foto: Camile Barros\/RioMar Recife<\/strong>&#13;<\/p>\n<p>O Notebook Asus Vivobook de R$ 3.200,68 est\u00e1 por R$ 2.786,68 at\u00e9 o dia 1\u00ba de dezembro. A caixa de som pulsebox de R$ 1.284,21 est\u00e1 por R$ 946,08 at\u00e9 31 de dezembro ou enquanto durar o estoque.<\/p>\n<p><strong>\u00bb Polishop<\/strong><\/p>\n<p>        &#13;<\/p>\n<p>                <img decoding=\"async\" src=\"https:\/\/www.europesays.com\/pt\/wp-content\/uploads\/2025\/11\/1_polishop__1_-36077624.png\" alt=\"Foto: Camile Barros\/RioMar Recife\"\/><\/p>\n<p>            &#13;<br \/>\n            Uma poltrona de massagem preta, com um apoio para os p\u00e9s cinza e arredondado, est\u00e1 exposta no ch\u00e3o de uma loja. Ao fundo, \u00e9 poss\u00edvel ver outros equipamentos de gin\u00e1stica. &#8211; <strong>Foto: Camile Barros\/RioMar Recife<\/strong>&#13;<\/p>\n<p>        &#13;<\/p>\n<p>                <img decoding=\"async\" src=\"https:\/\/www.europesays.com\/pt\/wp-content\/uploads\/2025\/11\/1_polishop__3_-36077628.png\" alt=\"Foto: Camile Barros\/RioMar Recife\"\/><\/p>\n<p>            &#13;<br \/>\n            Uma Air Fryer (fritadeira sem \u00f3leo), est\u00e1 em uma bancada. Ao lado, h\u00e1 duas frigideiras pretas da marca iChef. &#8211; <strong>Foto: Camile Barros\/RioMar Recife<\/strong>&#13;<\/p>\n<p>        &#13;<\/p>\n<p>                <img decoding=\"async\" src=\"https:\/\/www.europesays.com\/pt\/wp-content\/uploads\/2025\/11\/1_polishop__2_-36077632.png\" alt=\"Foto: Camile Barros\/RioMar Recife\"\/><\/p>\n<p>            &#13;<br \/>\n            Um secador de cabelo em formato de escova, nas cores verde-\u00e1gua e preto, est\u00e1 ao lado de duas pranchas de cabelo (chapinhas). Os produtos est\u00e3o em um expositor de vidro com informa\u00e7\u00f5es sobre tecnologia capilar ao fundo. &#8211; <strong>Foto: Camile Barros\/RioMar Recife<\/strong>&#13;<\/p>\n<p>O combo massageador, composto por assento massageador e massageador dos p\u00e9s, de R$ 3.800 est\u00e1 por R$ 2.000. J\u00e1 o combo beleza, composto por escova rotativa hyaluronic e prancha shine, de R$ 1.400 est\u00e1 por R$ 999,90. Por fim, o combo cozinha, onde inclui a airfryer e duas frigideiras, de R$ 1.500 est\u00e1 por R$ 799. As promo\u00e7\u00f5es est\u00e3o v\u00e1lidas enquanto durar o estoque.<\/p>\n<p><strong>\u00bb Casas Bahia<\/strong><\/p>\n<p>        &#13;<\/p>\n<p>                <img decoding=\"async\" src=\"https:\/\/www.europesays.com\/pt\/wp-content\/uploads\/2025\/11\/1_casas_bahia-36077668.png\" alt=\"Foto: Camile Barros\/RioMar Recife\"\/><\/p>\n<p>            &#13;<br \/>\n            Uma m\u00e3o segura um tablet de tela ampla da marca Lenovo, que exibe uma imagem promocional com a frase: &#8220;Em qualquer lugar e a qualquer hora&#8221;. O aparelho est\u00e1 conectado por um cabo. &#8211; <strong>Foto: Camile Barros\/RioMar Recife<\/strong>&#13;<\/p>\n<p>        &#13;<\/p>\n<p>                <img decoding=\"async\" src=\"https:\/\/www.europesays.com\/pt\/wp-content\/uploads\/2025\/11\/1_casas_bahia__2_-36077672.png\" alt=\"Foto: Camile Barros\/RioMar Recife\"\/><\/p>\n<p>            &#13;<br \/>\n            Uma m\u00e3o segura um smartphone Samsung Galaxy A56 5G, que est\u00e1 com a tela de inicializa\u00e7\u00e3o clara e limpa. A cena se passa em uma loja de eletr\u00f4nicos, com televisores e a placa &#8220;Sa\u00edda&#8221; ao fundo. &#8211; <strong>Foto: Camile Barros\/RioMar Recife<\/strong>&#13;<\/p>\n<p>O Samsung Galaxy A56 de R$ 2.299 est\u00e1 por R$ 1.699. O tablet Lenovo de R$ 999 est\u00e1 por R$ 749. As promo\u00e7\u00f5es est\u00e3o v\u00e1lidas at\u00e9 o dia 26 de novembro.<\/p>\n<p><strong>\u00bb Imp\u00e9rio<\/strong><\/p>\n<p>        &#13;<\/p>\n<p>                <img decoding=\"async\" src=\"https:\/\/www.europesays.com\/pt\/wp-content\/uploads\/2025\/11\/1_imperio-36077652.png\" alt=\"Foto: Camile Barros\/RioMar Recife\"\/><\/p>\n<p>            &#13;<br \/>\n            ma televis\u00e3o de tela grande exibe uma imagem colorida e v\u00edvida com um close de flores, incluindo rosas e g\u00e9rberas vermelhas e tulipas roxas. Um grande cartaz amarelo \u00e0 direita anuncia a &#8220;Oferta da TV Imp\u00e9rio&#8221;. &#8211; <strong>Foto: Camile Barros\/RioMar Recife<\/strong>&#13;<\/p>\n<p>        &#13;<\/p>\n<p>                <img decoding=\"async\" src=\"https:\/\/www.europesays.com\/pt\/wp-content\/uploads\/2025\/11\/1_imperio__2_-36077656.png\" alt=\"Foto: Camile Barros\/RioMar Recife\"\/><\/p>\n<p>            &#13;<br \/>\n            Uma m\u00e3o segura um smartphone Motorola em uma loja, exibindo na tela uma modelo segurando outro celular. Um cartaz branco no topo indica ser um &#8220;moto g35&#8221; com c\u00e2mera 4K, durante o evento &#8220;moto friday&#8221;. &#8211; <strong>Foto: Camile Barros\/RioMar Recife<\/strong>&#13;<\/p>\n<p>A TV Semp 65\u201d de R$ 3.299 est\u00e1 por R$ 2.899 enquanto que o smartphone Motorola G35 de R$ 1.799 est\u00e1 por R$ 999. A promo\u00e7\u00e3o \u00e9 v\u00e1lida at\u00e9 26 de novembro ou enquanto durar o estoque.<\/p>\n<p>*Pre\u00e7os e estoque s\u00e3o de responsabilidade de cada loja.<\/p>\n<p>\u00a0<\/p>\n","protected":false},"excerpt":{"rendered":"Por Camile Barros e Thays MartinsDo RioMar Recife Os eletr\u00f4nicos s\u00e3o itens muito buscados neste per\u00edodo do final&hellip;\n","protected":false},"author":2,"featured_media":163969,"comment_status":"","ping_status":"","sticky":false,"template":"","format":"standard","meta":{"footnotes":""},"categories":[84],"tags":[109,107,108,3969,315,115,870,754,294,16869,1079,7227,32,33,16870,16868,105,103,104,10685,106,110],"class_list":{"0":"post-163968","1":"post","2":"type-post","3":"status-publish","4":"format-standard","5":"has-post-thumbnail","7":"category-ciencia-e-tecnologia","8":"tag-ciencia","9":"tag-ciencia-e-tecnologia","10":"tag-cienciaetecnologia","11":"tag-compras","12":"tag-cultura","13":"tag-entretenimento","14":"tag-eventos","15":"tag-gastronomia","16":"tag-lazer","17":"tag-mall","18":"tag-moda","19":"tag-pernambuco","20":"tag-portugal","21":"tag-pt","22":"tag-recife","23":"tag-riomar-recife","24":"tag-science","25":"tag-science-and-technology","26":"tag-scienceandtechnology","27":"tag-shopping","28":"tag-technology","29":"tag-tecnologia"},"share_on_mastodon":{"url":"https:\/\/pubeurope.com\/@pt\/115606810045064273","error":""},"_links":{"self":[{"href":"https:\/\/www.europesays.com\/pt\/wp-json\/wp\/v2\/posts\/163968","targetHints":{"allow":["GET"]}}],"collection":[{"href":"https:\/\/www.europesays.com\/pt\/wp-json\/wp\/v2\/posts"}],"about":[{"href":"https:\/\/www.europesays.com\/pt\/wp-json\/wp\/v2\/types\/post"}],"author":[{"embeddable":true,"href":"https:\/\/www.europesays.com\/pt\/wp-json\/wp\/v2\/users\/2"}],"replies":[{"embeddable":true,"href":"https:\/\/www.europesays.com\/pt\/wp-json\/wp\/v2\/comments?post=163968"}],"version-history":[{"count":0,"href":"https:\/\/www.europesays.com\/pt\/wp-json\/wp\/v2\/posts\/163968\/revisions"}],"wp:featuredmedia":[{"embeddable":true,"href":"https:\/\/www.europesays.com\/pt\/wp-json\/wp\/v2\/media\/163969"}],"wp:attachment":[{"href":"https:\/\/www.europesays.com\/pt\/wp-json\/wp\/v2\/media?parent=163968"}],"wp:term":[{"taxonomy":"category","embeddable":true,"href":"https:\/\/www.europesays.com\/pt\/wp-json\/wp\/v2\/categories?post=163968"},{"taxonomy":"post_tag","embeddable":true,"href":"https:\/\/www.europesays.com\/pt\/wp-json\/wp\/v2\/tags?post=163968"}],"curies":[{"name":"wp","href":"https:\/\/api.w.org\/{rel}","templated":true}]}}