{"id":163970,"date":"2025-11-24T21:32:10","date_gmt":"2025-11-24T21:32:10","guid":{"rendered":"https:\/\/www.europesays.com\/pt\/163970\/"},"modified":"2025-11-24T21:32:10","modified_gmt":"2025-11-24T21:32:10","slug":"eua-o-cartel-de-los-soles-e-um-grupo-terrorista-chefiado-por-maduro-venezuela","status":"publish","type":"post","link":"https:\/\/www.europesays.com\/pt\/163970\/","title":{"rendered":"EUA: o Cartel de Los Soles \u00e9 um grupo terrorista chefiado por Maduro? | Venezuela"},"content":{"rendered":"<p>Os Estados Unidos oficializaram a inclus\u00e3o do Cartel de los Soles, da Venezuela, na lista de organiza\u00e7\u00f5es terroristas internacionais, depois de uma declara\u00e7\u00e3o assinada a 16 de Novembro por Marco Rubio, secret\u00e1rio de Estado norte-americano, ter entrado em vigor esta segunda-feira, 24 de Novembro. A Administra\u00e7\u00e3o Trump acusa <a href=\"https:\/\/www.publico.pt\/nicolas-maduro\" rel=\"nofollow noopener\" target=\"_blank\">Nicolas Maduro<\/a> de liderar o grupo criminoso.<\/p>\n<p>De acordo com o Departamento de Estado norte-americano, o Cartel dos S\u00f3is, na tradu\u00e7\u00e3o para portugu\u00eas, \u00e9 respons\u00e1vel por parte do tr\u00e1fico de droga da Am\u00e9rica Latina para os Estados Unidos e Europa, em conjunto com o <a href=\"https:\/\/www.publico.pt\/2025\/10\/20\/mundo\/noticia\/grupo-criminoso-tren-aragua-quer-negociar-paz-colombia-2151516\" rel=\"nofollow noopener\" target=\"_blank\">Tren de Aragua<\/a> e o Cartel de Sinaloa.<\/p>\n<p>&#8220;O Cartel dos S\u00f3is, enquanto tal, n\u00e3o existe. \u00c9 uma express\u00e3o jornal\u00edstica criada para se referir ao envolvimento das autoridades venezuelanas no narcotr\u00e1fico\u201d, afirma Phil Gunson, investigador do International Crisis Group, em declara\u00e7\u00f5es \u00e0 CNN.<\/p>\n<p>A mesma tese \u00e9 defendida por Jeremy McDermott, co-fundador do grupo de especialistas em crime organizado Insight Crime: \u201cO Cartel dos S\u00f3is n\u00e3o \u00e9 uma organiza\u00e7\u00e3o tradicional de [tr\u00e1fico de] droga, verticalmente organizada, mas sim uma s\u00e9rie de c\u00e9lulas normalmente desconectadas, incorporadas nas for\u00e7as militares da Venezuela.\u201d<\/p>\n<p>O termo n\u00e3o denomina um grupo criminoso organizado, mas sim o envolvimento isolado de membros das For\u00e7as Armadas da Venezuela no tr\u00e1fico de droga e ter\u00e1 sido utilizado pela primeira vez em 1993 para descrever as ac\u00e7\u00f5es de dois generais venezuelanos ligados ao narcotr\u00e1fico, avan\u00e7aram \u00e0 CNN os peritos do Insight Crime.<\/p>\n<p>A nova designa\u00e7\u00e3o, por parte dos EUA, poder\u00e1 permitir aos militares norte-americanos novos ataques a activos e infra-estruturas de Maduro na Venezuela, avan\u00e7ou Donald Trump, a 16 de Novembro, na mesma ocasi\u00e3o em que, ainda assim, entreabriu a porta a uma poss\u00edvel resolu\u00e7\u00e3o diplom\u00e1tica.<\/p>\n<p>Para o secret\u00e1rio de Defesa dos EUA, Pete Hegseth, o novo r\u00f3tulo de Maduro &#8220;traz v\u00e1rias <a href=\"https:\/\/www.publico.pt\/2025\/11\/15\/mundo\/noticia\/trump-discute-pentagono-varias-opcoes-possivel-accao-militar-venezuela-2154741\" rel=\"nofollow noopener\" target=\"_blank\">novas op\u00e7\u00f5es<\/a> para os Estados Unidos&#8221;, que t\u00eam aumentado a presen\u00e7a militar no Sul das Cara\u00edbas e no Pac\u00edfico, com repetidos <a href=\"https:\/\/www.publico.pt\/2025\/11\/16\/mundo\/noticia\/pentagono-afirma-atacado-barco-suspeito-trafico-pacifico-tres-pessoas-morreram-2154856?ref=venezuela&amp;cx=page__content\" rel=\"nofollow noopener\" target=\"_blank\">ataques a embarca\u00e7\u00f5es<\/a> alegadamente envolvidas no tr\u00e1fico de droga internacional.<\/p>\n<p>Maduro e o Governo venezuelano t\u00eam negado qualquer envolvimento em crimes, acusando os EUA de for\u00e7arem uma mudan\u00e7a de regime na Venezuela, com o objectivo \u00faltimo de controlar as vastas reservas de petr\u00f3leo do pa\u00eds.<\/p>\n<p>Desde Agosto, a presen\u00e7a militar dos EUA nas Cara\u00edbas tem-se acentuado e cerca de 10 mil soldados norte-americanos foram mobilizados no \u00e2mbito da opera\u00e7\u00e3o <a href=\"https:\/\/www.publico.pt\/2025\/11\/14\/mundo\/noticia\/pentagono-anuncia-operacao-lanca-sul-narcoterroristas-america-latina-2154601\" rel=\"nofollow noopener\" target=\"_blank\">Lan\u00e7a do Sul<\/a>, que visa combater os \u201cnarcoterroristas\u201d da Am\u00e9rica Latina.\u200b Um dos principais navios da Marinha dos EUA, o porta-avi\u00f5es USS Gerald R. Ford, foi tamb\u00e9m posicionado junto \u00e0 costa venezuelana.<\/p>\n","protected":false},"excerpt":{"rendered":"Os Estados Unidos oficializaram a inclus\u00e3o do Cartel de los Soles, da Venezuela, na lista de organiza\u00e7\u00f5es terroristas&hellip;\n","protected":false},"author":2,"featured_media":163971,"comment_status":"","ping_status":"","sticky":false,"template":"","format":"standard","meta":{"footnotes":""},"categories":[50],"tags":[27,28,92,353,15,16,14,25,26,21,22,62,12,3025,13,19,20,542,23,24,17,18,29,30,31,3023,63,64,65],"class_list":{"0":"post-163970","1":"post","2":"type-post","3":"status-publish","4":"format-standard","5":"has-post-thumbnail","7":"category-mundo","8":"tag-breaking-news","9":"tag-breakingnews","10":"tag-donald-trump","11":"tag-em-destaque","12":"tag-featured-news","13":"tag-featurednews","14":"tag-headlines","15":"tag-latest-news","16":"tag-latestnews","17":"tag-main-news","18":"tag-mainnews","19":"tag-mundo","20":"tag-news","21":"tag-nicolas-maduro","22":"tag-noticias","23":"tag-noticias-principais","24":"tag-noticiasprincipais","25":"tag-para-redes","26":"tag-principais-noticias","27":"tag-principaisnoticias","28":"tag-top-stories","29":"tag-topstories","30":"tag-ultimas","31":"tag-ultimas-noticias","32":"tag-ultimasnoticias","33":"tag-venezuela","34":"tag-world","35":"tag-world-news","36":"tag-worldnews"},"share_on_mastodon":{"url":"https:\/\/pubeurope.com\/@pt\/115606817515685762","error":""},"_links":{"self":[{"href":"https:\/\/www.europesays.com\/pt\/wp-json\/wp\/v2\/posts\/163970","targetHints":{"allow":["GET"]}}],"collection":[{"href":"https:\/\/www.europesays.com\/pt\/wp-json\/wp\/v2\/posts"}],"about":[{"href":"https:\/\/www.europesays.com\/pt\/wp-json\/wp\/v2\/types\/post"}],"author":[{"embeddable":true,"href":"https:\/\/www.europesays.com\/pt\/wp-json\/wp\/v2\/users\/2"}],"replies":[{"embeddable":true,"href":"https:\/\/www.europesays.com\/pt\/wp-json\/wp\/v2\/comments?post=163970"}],"version-history":[{"count":0,"href":"https:\/\/www.europesays.com\/pt\/wp-json\/wp\/v2\/posts\/163970\/revisions"}],"wp:featuredmedia":[{"embeddable":true,"href":"https:\/\/www.europesays.com\/pt\/wp-json\/wp\/v2\/media\/163971"}],"wp:attachment":[{"href":"https:\/\/www.europesays.com\/pt\/wp-json\/wp\/v2\/media?parent=163970"}],"wp:term":[{"taxonomy":"category","embeddable":true,"href":"https:\/\/www.europesays.com\/pt\/wp-json\/wp\/v2\/categories?post=163970"},{"taxonomy":"post_tag","embeddable":true,"href":"https:\/\/www.europesays.com\/pt\/wp-json\/wp\/v2\/tags?post=163970"}],"curies":[{"name":"wp","href":"https:\/\/api.w.org\/{rel}","templated":true}]}}