{"id":163978,"date":"2025-11-24T21:39:36","date_gmt":"2025-11-24T21:39:36","guid":{"rendered":"https:\/\/www.europesays.com\/pt\/163978\/"},"modified":"2025-11-24T21:39:36","modified_gmt":"2025-11-24T21:39:36","slug":"grupo-de-rap-de-sao-paulo-detona-bolsonaro-em-novo-clipe","status":"publish","type":"post","link":"https:\/\/www.europesays.com\/pt\/163978\/","title":{"rendered":"Grupo de rap de S\u00e3o Paulo detona Bolsonaro em novo clipe"},"content":{"rendered":"<p>Cr\u00edtica a\u00a0Lula<\/p>\n<p>Bolsonaro e seus apoiadores aparecem em v\u00e1rias cenas, mas tamb\u00e9m h\u00e1 um momento em que surge o presidente Luiz In\u00e1cio Lula da Silva (PT) abra\u00e7ando o pastor Silas Malafaia, em tom cr\u00edtico.<\/p>\n<p>Por outro lado, personalidades como Galo de Luta, Chavoso da USP e Renato Freitas, que se tornaram populares nos \u00faltimos anos por se oporem \u00e0 direita nacional, s\u00e3o exaltadas.<\/p>\n<p>Beco \u00e9 formado por Mema Fita, Cicerone e Laz Beatz, que assina a produ\u00e7\u00e3o musical do lan\u00e7amento. O clipe conta ainda com a participa\u00e7\u00e3o de Nug\u00ea.<\/p>\n","protected":false},"excerpt":{"rendered":"Cr\u00edtica a\u00a0Lula Bolsonaro e seus apoiadores aparecem em v\u00e1rias cenas, mas tamb\u00e9m h\u00e1 um momento em que surge&hellip;\n","protected":false},"author":2,"featured_media":163979,"comment_status":"","ping_status":"","sticky":false,"template":"","format":"standard","meta":{"footnotes":""},"categories":[141],"tags":[315,114,115,1125,149,150,32,33],"class_list":{"0":"post-163978","1":"post","2":"type-post","3":"status-publish","4":"format-standard","5":"has-post-thumbnail","7":"category-musica","8":"tag-cultura","9":"tag-entertainment","10":"tag-entretenimento","11":"tag-jair-bolsonaro","12":"tag-music","13":"tag-musica","14":"tag-portugal","15":"tag-pt"},"share_on_mastodon":{"url":"https:\/\/pubeurope.com\/@pt\/115606845216987474","error":""},"_links":{"self":[{"href":"https:\/\/www.europesays.com\/pt\/wp-json\/wp\/v2\/posts\/163978","targetHints":{"allow":["GET"]}}],"collection":[{"href":"https:\/\/www.europesays.com\/pt\/wp-json\/wp\/v2\/posts"}],"about":[{"href":"https:\/\/www.europesays.com\/pt\/wp-json\/wp\/v2\/types\/post"}],"author":[{"embeddable":true,"href":"https:\/\/www.europesays.com\/pt\/wp-json\/wp\/v2\/users\/2"}],"replies":[{"embeddable":true,"href":"https:\/\/www.europesays.com\/pt\/wp-json\/wp\/v2\/comments?post=163978"}],"version-history":[{"count":0,"href":"https:\/\/www.europesays.com\/pt\/wp-json\/wp\/v2\/posts\/163978\/revisions"}],"wp:featuredmedia":[{"embeddable":true,"href":"https:\/\/www.europesays.com\/pt\/wp-json\/wp\/v2\/media\/163979"}],"wp:attachment":[{"href":"https:\/\/www.europesays.com\/pt\/wp-json\/wp\/v2\/media?parent=163978"}],"wp:term":[{"taxonomy":"category","embeddable":true,"href":"https:\/\/www.europesays.com\/pt\/wp-json\/wp\/v2\/categories?post=163978"},{"taxonomy":"post_tag","embeddable":true,"href":"https:\/\/www.europesays.com\/pt\/wp-json\/wp\/v2\/tags?post=163978"}],"curies":[{"name":"wp","href":"https:\/\/api.w.org\/{rel}","templated":true}]}}