{"id":163984,"date":"2025-11-24T21:42:09","date_gmt":"2025-11-24T21:42:09","guid":{"rendered":"https:\/\/www.europesays.com\/pt\/163984\/"},"modified":"2025-11-24T21:42:09","modified_gmt":"2025-11-24T21:42:09","slug":"melhora-circulacao-equilibrio-e-sistema-linfatico","status":"publish","type":"post","link":"https:\/\/www.europesays.com\/pt\/163984\/","title":{"rendered":"Melhora circula\u00e7\u00e3o, equil\u00edbrio e sistema linf\u00e1tico"},"content":{"rendered":"<p>Mover o corpo \u00e9 uma das formas mais eficazes de preservar a <a href=\"https:\/\/www.meon.com.br\/noticias\/vale-do-paraiba-regiao\/litoral-norte\/ubatuba-intensifica-testagem-gratuita-de-hiv-e-sifilis?no-cache=1\" target=\"_blank\" rel=\"nofollow noopener\">sa\u00fade<\/a> e a autonomia ao longo da vida. Embora muitas pessoas associem exerc\u00edcios a treinos intensos, a verdade \u00e9 que come\u00e7ar pode ser simples: basta caminhar. Essa modalidade \u00e9 uma das principais recomenda\u00e7\u00f5es para idosos, gestantes e pessoas que desejam iniciar a pr\u00e1tica de atividades f\u00edsicas.<\/p>\n<p><a href=\"https:\/\/chat.whatsapp.com\/J9tOJR941pSCHetlODmHS2?mode=wwt\" target=\"_blank\" rel=\"nofollow noopener\">+ Receba as not\u00edcias de sa\u00fade e bem-estar \u2013 clique AQUI para seguir o canal MEON no WhatsApp<\/a><\/p>\n<p>A caminhada, quando praticada com regularidade, \u00e9 capaz de promover um equil\u00edbrio f\u00edsico e mental seguro.<\/p>\n<p>\u201cCaminhar \u00e9 um exerc\u00edcio de baixo impacto que estimula m\u00faltiplos sistemas do corpo (cardiovascular, respirat\u00f3rio e musculoesquel\u00e9tico) de forma equilibrada e segura\u201d, explica J\u00e9ssica Ramalho, fisioterapeuta e CEO da Acuidar, maior Rede de cuidadores da Am\u00e9rica Latina.<\/p>\n<p>Cuidados e Acompanhamento Profissional<\/p>\n<p>J\u00e9ssica Ramalho ressalta que o ideal \u00e9 que o in\u00edcio da pr\u00e1tica seja orientado por um profissional de sa\u00fade, com o uso de cal\u00e7ados adequados e aten\u00e7\u00e3o ao ritmo individual, especialmente em casos de gesta\u00e7\u00e3o, idosos ou pessoas com limita\u00e7\u00f5es motoras.<\/p>\n<p>Dependendo da condi\u00e7\u00e3o de sa\u00fade, a <a href=\"https:\/\/www.meon.com.br\/noticias\/vale-do-paraiba-regiao\/taubate\/abertas-inscricoes-solidarias-para-3a-corrida-unitau-7k?no-cache=1\" target=\"_blank\" rel=\"nofollow noopener\">caminhada<\/a> pode ser realizada com o acompanhamento de um cuidador, garantindo seguran\u00e7a durante o trajeto e estimulando a continuidade da pr\u00e1tica.<\/p>\n<p>Os 5 Benef\u00edcios Pouco Comentados da Caminhada<\/p>\n<p>O poder da caminhada vai al\u00e9m da queima cal\u00f3rica e do fortalecimento cardiovascular. Confira cinco efeitos menos comentados, mas igualmente importantes, que influenciam o corpo de diferentes maneiras:<\/p>\n<p>\u2022\u00a01. Est\u00edmulo ao Equil\u00edbrio e \u00e0 Coordena\u00e7\u00e3o Motora O movimento alternado das pernas e bra\u00e7os aprimora a comunica\u00e7\u00e3o entre m\u00fasculos e sistema nervoso. Isso treina a estabilidade, reduzindo o risco de quedas. &#8220;Caminhar em superf\u00edcies diferentes como areia, grama, cal\u00e7adas, desafia a propriocep\u00e7\u00e3o e estimula reflexos mais \u00e1geis, essenciais para manter a independ\u00eancia e a seguran\u00e7a&#8221;, afirma J\u00e9ssica.<\/p>\n<p>\u2022\u00a02. Fortalecimento da Sa\u00fade Venosa Os m\u00fasculos das pernas, ativados pela caminhada, funcionam como uma bomba perif\u00e9rica. Este processo impulsiona o sangue de volta ao cora\u00e7\u00e3o, melhorando a circula\u00e7\u00e3o, diminuindo o incha\u00e7o e contribuindo para a preven\u00e7\u00e3o de varizes.<\/p>\n<p>\u2022\u00a03. Regula\u00e7\u00e3o Natural da Temperatura Corporal O exerc\u00edcio estimula o sistema termorregulador. Com o tempo, o organismo se torna mais eficiente em ajustar a temperatura interna, o que favorece o bem-estar em dias quentes e reduz desconfortos, sendo especialmente importante para idosos e gestantes.<\/p>\n<p>\u2022\u00a04. Est\u00edmulo \u00e0 Postura e Consci\u00eancia Corporal &#8220;Quando o caminhar \u00e9 feito com aten\u00e7\u00e3o \u00e0 postura, ele se transforma em uma esp\u00e9cie de reeduca\u00e7\u00e3o do movimento\u201d, comenta a fisioterapeuta. A atividade favorece o alinhamento da coluna, fortalece m\u00fasculos estabilizadores e aumenta a percep\u00e7\u00e3o do corpo no espa\u00e7o.<\/p>\n<p>\u2022\u00a05. Fortalecimento do Sistema Linf\u00e1tico O sistema linf\u00e1tico, respons\u00e1vel por eliminar toxinas e equilibrar fluidos corporais, depende do movimento muscular para impulsionar a linfa. Caminhar ativa essa contra\u00e7\u00e3o, auxiliando na drenagem natural do organismo e contribuindo para o fortalecimento da imunidade.<\/p>\n<p>SERVI\u00c7O<\/p>\n<p>Sobre a Especialista J\u00e9ssica Ramalho \u00e9 fisioterapeuta e CEO da Acuidar, Rede de cuidadores da Am\u00e9rica Latina. A Acuidar oferece servi\u00e7os no domic\u00edlio do cliente ou durante acompanhamento hospitalar. Mais informa\u00e7\u00f5es em: <a href=\"https:\/\/www.acuidarbr.com.br\/\" target=\"_blank\" rel=\"nofollow noopener\">https:\/\/www.acuidarbr.com.br\/<\/a><\/p>\n","protected":false},"excerpt":{"rendered":"Mover o corpo \u00e9 uma das formas mais eficazes de preservar a sa\u00fade e a autonomia ao longo&hellip;\n","protected":false},"author":2,"featured_media":163985,"comment_status":"","ping_status":"","sticky":false,"template":"","format":"standard","meta":{"footnotes":""},"categories":[86],"tags":[34696,116,32,33,117],"class_list":{"0":"post-163984","1":"post","2":"type-post","3":"status-publish","4":"format-standard","5":"has-post-thumbnail","7":"category-saude","8":"tag-caminhada-beneficios-da-caminhada-saude-e-bem-estar-fisioterapia-exercicio-baixo-impacto-saude-venosa-equilibrio","9":"tag-health","10":"tag-portugal","11":"tag-pt","12":"tag-saude"},"share_on_mastodon":{"url":"https:\/\/pubeurope.com\/@pt\/115606857048220089","error":""},"_links":{"self":[{"href":"https:\/\/www.europesays.com\/pt\/wp-json\/wp\/v2\/posts\/163984","targetHints":{"allow":["GET"]}}],"collection":[{"href":"https:\/\/www.europesays.com\/pt\/wp-json\/wp\/v2\/posts"}],"about":[{"href":"https:\/\/www.europesays.com\/pt\/wp-json\/wp\/v2\/types\/post"}],"author":[{"embeddable":true,"href":"https:\/\/www.europesays.com\/pt\/wp-json\/wp\/v2\/users\/2"}],"replies":[{"embeddable":true,"href":"https:\/\/www.europesays.com\/pt\/wp-json\/wp\/v2\/comments?post=163984"}],"version-history":[{"count":0,"href":"https:\/\/www.europesays.com\/pt\/wp-json\/wp\/v2\/posts\/163984\/revisions"}],"wp:featuredmedia":[{"embeddable":true,"href":"https:\/\/www.europesays.com\/pt\/wp-json\/wp\/v2\/media\/163985"}],"wp:attachment":[{"href":"https:\/\/www.europesays.com\/pt\/wp-json\/wp\/v2\/media?parent=163984"}],"wp:term":[{"taxonomy":"category","embeddable":true,"href":"https:\/\/www.europesays.com\/pt\/wp-json\/wp\/v2\/categories?post=163984"},{"taxonomy":"post_tag","embeddable":true,"href":"https:\/\/www.europesays.com\/pt\/wp-json\/wp\/v2\/tags?post=163984"}],"curies":[{"name":"wp","href":"https:\/\/api.w.org\/{rel}","templated":true}]}}