{"id":163990,"date":"2025-11-24T21:46:13","date_gmt":"2025-11-24T21:46:13","guid":{"rendered":"https:\/\/www.europesays.com\/pt\/163990\/"},"modified":"2025-11-24T21:46:13","modified_gmt":"2025-11-24T21:46:13","slug":"presidente-da-coreia-do-sul-alerta-para-risco-de-confronto-com-coreia-do-norte","status":"publish","type":"post","link":"https:\/\/www.europesays.com\/pt\/163990\/","title":{"rendered":"Presidente da Coreia do Sul alerta para risco de confronto com Coreia do Norte"},"content":{"rendered":"<p><strong>O Presidente da Coreia do Sul, Lee Jae-myung, avisou, esta segunda-feira, que a situa\u00e7\u00e3o na fronteira com a Coreia do Norte \u00e9 &#8220;muito perigosa&#8221; e pode conduzir a confrontos acidentais &#8220;a qualquer momento&#8221;, caso n\u00e3o haja di\u00e1logo.<\/strong><\/p>\n<p>Lee indicou que <strong>as rela\u00e7\u00f5es intercoreanas se tornaram &#8220;extremamente hostis&#8221; <\/strong>e que<strong> Pyongyang est\u00e1 a realizar a\u00e7\u00f5es &#8220;muito extremas&#8221;<\/strong> sem qualquer n\u00edvel b\u00e1sico de confian\u00e7a.<\/p>\n<p>O<strong> chefe de Estado apelou \u00e0 realiza\u00e7\u00e3o de uma reuni\u00e3o militar com a Coreia do Norte para prevenir incidentes <\/strong>na fronteira, durante declara\u00e7\u00f5es feitas no percurso entre a \u00c1frica do Sul e a Turquia, ap\u00f3s a cimeira do G20. O apelo surge uma semana depois de Seul ter proposto negocia\u00e7\u00f5es formais, no primeiro pedido oficial de di\u00e1logo desde que Lee assumiu fun\u00e7\u00f5es em junho.<\/p>\n<p>Segundo as autoridades sul-coreanas, as <strong>incurs\u00f5es de militares norte-coreanos na Linha de Demarca\u00e7\u00e3o Militar ultrapassaram a dezena este ano<\/strong>, enquanto realizavam trabalhos como a instala\u00e7\u00e3o de veda\u00e7\u00f5es e minas na Zona Desmilitarizada. O <strong>incidente mais recente ocorreu em 19 de outubro<\/strong>, quando <strong>mais de 20 soldados norte-coreanos atravessaram a linha<\/strong> perto de Paju, no noroeste do pa\u00eds, levando \u00e0 realiza\u00e7\u00e3o de tiros de aviso pelas for\u00e7as sul-coreanas.<\/p>\n<p>Seul defende a necessidade de um acordo sobre uma linha de base clara, uma vez que muitos dos marcos instalados em 1953 desapareceram, originando diverg\u00eancias sobre a demarca\u00e7\u00e3o em algumas zonas.<\/p>\n<p>As \u00faltimas negocia\u00e7\u00f5es intercoreanas de \u00e2mbito geral realizaram-se em 2018, num contexto em que <strong>Pyongyang continua a rejeitar di\u00e1logo com os Estados Unidos se a desnucleariza\u00e7\u00e3o se mantiver como condi\u00e7\u00e3o pr\u00e9via<\/strong>.<\/p>\n","protected":false},"excerpt":{"rendered":"O Presidente da Coreia do Sul, Lee Jae-myung, avisou, esta segunda-feira, que a situa\u00e7\u00e3o na fronteira com a&hellip;\n","protected":false},"author":2,"featured_media":163991,"comment_status":"","ping_status":"","sticky":false,"template":"","format":"standard","meta":{"footnotes":""},"categories":[50],"tags":[27,28,15,16,14,25,26,21,22,62,12,13,19,20,23,24,17,18,29,30,31,63,64,65],"class_list":{"0":"post-163990","1":"post","2":"type-post","3":"status-publish","4":"format-standard","5":"has-post-thumbnail","7":"category-mundo","8":"tag-breaking-news","9":"tag-breakingnews","10":"tag-featured-news","11":"tag-featurednews","12":"tag-headlines","13":"tag-latest-news","14":"tag-latestnews","15":"tag-main-news","16":"tag-mainnews","17":"tag-mundo","18":"tag-news","19":"tag-noticias","20":"tag-noticias-principais","21":"tag-noticiasprincipais","22":"tag-principais-noticias","23":"tag-principaisnoticias","24":"tag-top-stories","25":"tag-topstories","26":"tag-ultimas","27":"tag-ultimas-noticias","28":"tag-ultimasnoticias","29":"tag-world","30":"tag-world-news","31":"tag-worldnews"},"share_on_mastodon":{"url":"https:\/\/pubeurope.com\/@pt\/115606872609053862","error":""},"_links":{"self":[{"href":"https:\/\/www.europesays.com\/pt\/wp-json\/wp\/v2\/posts\/163990","targetHints":{"allow":["GET"]}}],"collection":[{"href":"https:\/\/www.europesays.com\/pt\/wp-json\/wp\/v2\/posts"}],"about":[{"href":"https:\/\/www.europesays.com\/pt\/wp-json\/wp\/v2\/types\/post"}],"author":[{"embeddable":true,"href":"https:\/\/www.europesays.com\/pt\/wp-json\/wp\/v2\/users\/2"}],"replies":[{"embeddable":true,"href":"https:\/\/www.europesays.com\/pt\/wp-json\/wp\/v2\/comments?post=163990"}],"version-history":[{"count":0,"href":"https:\/\/www.europesays.com\/pt\/wp-json\/wp\/v2\/posts\/163990\/revisions"}],"wp:featuredmedia":[{"embeddable":true,"href":"https:\/\/www.europesays.com\/pt\/wp-json\/wp\/v2\/media\/163991"}],"wp:attachment":[{"href":"https:\/\/www.europesays.com\/pt\/wp-json\/wp\/v2\/media?parent=163990"}],"wp:term":[{"taxonomy":"category","embeddable":true,"href":"https:\/\/www.europesays.com\/pt\/wp-json\/wp\/v2\/categories?post=163990"},{"taxonomy":"post_tag","embeddable":true,"href":"https:\/\/www.europesays.com\/pt\/wp-json\/wp\/v2\/tags?post=163990"}],"curies":[{"name":"wp","href":"https:\/\/api.w.org\/{rel}","templated":true}]}}