{"id":163994,"date":"2025-11-24T21:49:09","date_gmt":"2025-11-24T21:49:09","guid":{"rendered":"https:\/\/www.europesays.com\/pt\/163994\/"},"modified":"2025-11-24T21:49:09","modified_gmt":"2025-11-24T21:49:09","slug":"jose-de-abreu-debocha-de-ator-que-apoiou-bolsonaro","status":"publish","type":"post","link":"https:\/\/www.europesays.com\/pt\/163994\/","title":{"rendered":"Jos\u00e9 de Abreu debocha de ator que apoiou Bolsonaro"},"content":{"rendered":"<p>O ator <strong>Jos\u00e9 de Abreu<\/strong>, de 79 anos, ironizou a fala de<strong> Felipe Folgosi<\/strong>, 51, ap\u00f3s o ator criticar a pris\u00e3o de <strong>Jair Bolsonaro (PL) <\/strong>e demonstrar todo o seu apoio ao ex-presidente. Em suas redes sociais, o veterano recordou que j\u00e1 trabalhou ao lado de <strong>Folgosi<\/strong> e que ele tinha falas pol\u00eamicas nos bastidores.<\/p>\n<p>\u201cFiz uma novela com ele. Se orgulhava de n\u00e3o fazer sexo por prazer\u201d, publicou <strong>Jos\u00e9 de Abreu<\/strong> em seu perfil no X\/Twitter. Os dois atores trabalharam juntos na novela <strong>&#8220;Corpo Dourado&#8221; (1998)<\/strong>, na <strong>Globo<\/strong>.<\/p>\n<p>Em entrevista recente, <strong>Felipe Folgosi <\/strong>havia admitido que estava sem sexo h\u00e1 mais de dois anos. &#8220;\u00c9 uma coisa normal para quem \u00e9 evang\u00e9lico, o sexo deve ser durante o casamento&#8221;, declarou ele em 2024.<\/p>\n<p>&#8220;Uma grande parte da hist\u00f3ria da humanidade, isso sempre foi a norma, de se preservar e n\u00e3o queimar uma etapa. \u00c9 uma coisa que pra mim faz sentido. \u00c0s vezes o sexo \u00e9 banalizado&#8221;, completou Felipe Folgosi, na ocasi\u00e3o.<\/p>\n<blockquote class=\"twitter-tweet\"><p>&#13;<\/p>\n<p dir=\"ltr\" lang=\"pt\">Fiz uma novela com ele. Se orgulhava de n\u00e3o fazer sexo por prazer. <a href=\"https:\/\/t.co\/hxw28jzxPl\" rel=\"nofollow\">https:\/\/t.co\/hxw28jzxPl<\/a><\/p>\n<p>&#13;<br \/>\n\u2014 Jose de Abreu (@zehdeabreu) <a href=\"https:\/\/twitter.com\/zehdeabreu\/status\/1992943409922019458?ref_src=twsrc%5Etfw\" rel=\"nofollow noopener\" target=\"_blank\">November 24, 2025<\/a><\/p><\/blockquote>\n<p>            <script async src=\"https:\/\/platform.twitter.com\/widgets.js\" charset=\"utf-8\"><\/script><\/p>\n","protected":false},"excerpt":{"rendered":"O ator Jos\u00e9 de Abreu, de 79 anos, ironizou a fala de Felipe Folgosi, 51, ap\u00f3s o ator&hellip;\n","protected":false},"author":2,"featured_media":163995,"comment_status":"","ping_status":"","sticky":false,"template":"","format":"standard","meta":{"footnotes":""},"categories":[145],"tags":[1543,211,210,114,115,15896,32,33],"class_list":{"0":"post-163994","1":"post","2":"type-post","3":"status-publish","4":"format-standard","5":"has-post-thumbnail","7":"category-celebridades","8":"tag-bolsonaro","9":"tag-celebridades","10":"tag-celebrities","11":"tag-entertainment","12":"tag-entretenimento","13":"tag-jose-de-abreu","14":"tag-portugal","15":"tag-pt"},"share_on_mastodon":{"url":"https:\/\/pubeurope.com\/@pt\/115606884405236994","error":""},"_links":{"self":[{"href":"https:\/\/www.europesays.com\/pt\/wp-json\/wp\/v2\/posts\/163994","targetHints":{"allow":["GET"]}}],"collection":[{"href":"https:\/\/www.europesays.com\/pt\/wp-json\/wp\/v2\/posts"}],"about":[{"href":"https:\/\/www.europesays.com\/pt\/wp-json\/wp\/v2\/types\/post"}],"author":[{"embeddable":true,"href":"https:\/\/www.europesays.com\/pt\/wp-json\/wp\/v2\/users\/2"}],"replies":[{"embeddable":true,"href":"https:\/\/www.europesays.com\/pt\/wp-json\/wp\/v2\/comments?post=163994"}],"version-history":[{"count":0,"href":"https:\/\/www.europesays.com\/pt\/wp-json\/wp\/v2\/posts\/163994\/revisions"}],"wp:featuredmedia":[{"embeddable":true,"href":"https:\/\/www.europesays.com\/pt\/wp-json\/wp\/v2\/media\/163995"}],"wp:attachment":[{"href":"https:\/\/www.europesays.com\/pt\/wp-json\/wp\/v2\/media?parent=163994"}],"wp:term":[{"taxonomy":"category","embeddable":true,"href":"https:\/\/www.europesays.com\/pt\/wp-json\/wp\/v2\/categories?post=163994"},{"taxonomy":"post_tag","embeddable":true,"href":"https:\/\/www.europesays.com\/pt\/wp-json\/wp\/v2\/tags?post=163994"}],"curies":[{"name":"wp","href":"https:\/\/api.w.org\/{rel}","templated":true}]}}