{"id":163996,"date":"2025-11-24T21:52:21","date_gmt":"2025-11-24T21:52:21","guid":{"rendered":"https:\/\/www.europesays.com\/pt\/163996\/"},"modified":"2025-11-24T21:52:21","modified_gmt":"2025-11-24T21:52:21","slug":"casa-dos-segredos-panico-irma-de-fabio-sofre-acidente-apos-gala-do-programa","status":"publish","type":"post","link":"https:\/\/www.europesays.com\/pt\/163996\/","title":{"rendered":"Casa dos Segredos &#8211; P\u00e2nico! Irm\u00e3 de F\u00e1bio sofre acidente ap\u00f3s gala do programa"},"content":{"rendered":"<p>Dentro da <strong>Casa dos Segredos<\/strong>, <strong>F\u00e1bio<\/strong> n\u00e3o tem conhecimento do acontecimento de \u00faltima hora, por\u00e9m, no exterior, a sua fam\u00edlia viveu momento de grande afli\u00e7\u00e3o.<\/p>\n<p>Ap\u00f3s a gala de domingo do reality show da <strong>TVI<\/strong>, <strong>Vanessa Pereira\u00a0<\/strong>e <strong>Cl\u00e1udio Coelho<\/strong>, irm\u00e3 e o cunhado do concorrente, <strong>sofreram um grave acidente na autoestrada<\/strong>.<\/p>\n<blockquote>\n<p><strong>Leia tamb\u00e9m: Casa dos Segredos &#8211; <\/strong><a href=\"https:\/\/www.novagente.pt\/casa-dos-segredos-bruno-de-carvalho-atira-se-concorrente-eu-tenho-dinheiro-ja-tu\" rel=\"nofollow noopener\" target=\"_blank\">Bruno de Carvalho atira-se a concorrente: &#8220;Eu tenho dinheiro, j\u00e1 tu&#8230;&#8221;<\/a><\/p>\n<\/blockquote>\n<p>A informa\u00e7\u00e3o foi avan\u00e7ada pelo site <a href=\"https:\/\/dioguinho.com\/irma-e-cunhado-de-fabio-pereira-da-casa-dos-segredos-sofrem-grave-acidente-fotos-video\/\" rel=\"nofollow noopener\" target=\"_blank\">Dioguinho<\/a>, que adiantiou ainda que<strong> o carro despistou-se na zona de Leiria<\/strong>. Os dois ocupantes que seguiam no Smart<strong> n\u00e3o ficaram feriado<\/strong>, apenas<strong> houve danos materiais.<\/strong><\/p>\n<p>\u00a0<\/p>\n<p>Texto: Carolina Charrua; Fotos: Redes sociais e Impala<\/p>\n<p class=\"intagram-text\">Siga a Nova Gente no Instagram<\/p>\n<p>                        <a href=\"https:\/\/www.instagram.com\/revistanovagente\/\" target=\"_blank\" aria-label=\"instagram\" rel=\"noopener nofollow\"><img decoding=\"async\" style=\"display: block; margin-left: auto; margin-right: auto; width: 250px; height: 83px;\" src=\"https:\/\/www.europesays.com\/pt\/wp-content\/uploads\/2025\/11\/Instagram_NG.png\" alt=\"instagram\"\/><\/a><br \/>\n                    <script async src=\"\/\/www.instagram.com\/embed.js\"><\/script><\/p>\n","protected":false},"excerpt":{"rendered":"Dentro da Casa dos Segredos, F\u00e1bio n\u00e3o tem conhecimento do acontecimento de \u00faltima hora, por\u00e9m, no exterior, a&hellip;\n","protected":false},"author":2,"featured_media":163997,"comment_status":"","ping_status":"","sticky":false,"template":"","format":"standard","meta":{"footnotes":""},"categories":[142],"tags":[59,2632,25015,114,115,24884,19016,32,33,1315,151,162,34044],"class_list":{"0":"post-163996","1":"post","2":"type-post","3":"status-publish","4":"format-standard","5":"has-post-thumbnail","7":"category-tv","8":"tag-acidente","9":"tag-casa-dos-segredos","10":"tag-claudio-coelho","11":"tag-entertainment","12":"tag-entretenimento","13":"tag-fabio-pereira","14":"tag-liliana","15":"tag-portugal","16":"tag-pt","17":"tag-secret-story","18":"tag-tv","19":"tag-tvi","20":"tag-vanessa-pereira"},"share_on_mastodon":{"url":"https:\/\/pubeurope.com\/@pt\/115606896508600055","error":""},"_links":{"self":[{"href":"https:\/\/www.europesays.com\/pt\/wp-json\/wp\/v2\/posts\/163996","targetHints":{"allow":["GET"]}}],"collection":[{"href":"https:\/\/www.europesays.com\/pt\/wp-json\/wp\/v2\/posts"}],"about":[{"href":"https:\/\/www.europesays.com\/pt\/wp-json\/wp\/v2\/types\/post"}],"author":[{"embeddable":true,"href":"https:\/\/www.europesays.com\/pt\/wp-json\/wp\/v2\/users\/2"}],"replies":[{"embeddable":true,"href":"https:\/\/www.europesays.com\/pt\/wp-json\/wp\/v2\/comments?post=163996"}],"version-history":[{"count":0,"href":"https:\/\/www.europesays.com\/pt\/wp-json\/wp\/v2\/posts\/163996\/revisions"}],"wp:featuredmedia":[{"embeddable":true,"href":"https:\/\/www.europesays.com\/pt\/wp-json\/wp\/v2\/media\/163997"}],"wp:attachment":[{"href":"https:\/\/www.europesays.com\/pt\/wp-json\/wp\/v2\/media?parent=163996"}],"wp:term":[{"taxonomy":"category","embeddable":true,"href":"https:\/\/www.europesays.com\/pt\/wp-json\/wp\/v2\/categories?post=163996"},{"taxonomy":"post_tag","embeddable":true,"href":"https:\/\/www.europesays.com\/pt\/wp-json\/wp\/v2\/tags?post=163996"}],"curies":[{"name":"wp","href":"https:\/\/api.w.org\/{rel}","templated":true}]}}