{"id":164004,"date":"2025-11-24T21:56:10","date_gmt":"2025-11-24T21:56:10","guid":{"rendered":"https:\/\/www.europesays.com\/pt\/164004\/"},"modified":"2025-11-24T21:56:10","modified_gmt":"2025-11-24T21:56:10","slug":"nova-caminhonete-fortalece-a-vigilancia","status":"publish","type":"post","link":"https:\/\/www.europesays.com\/pt\/164004\/","title":{"rendered":"Nova caminhonete fortalece a vigil\u00e2ncia&#8230;"},"content":{"rendered":"<p>                                            Nioaque est\u00e1 entre os munic\u00edpios contemplados pelo Governo do Estado com a entrega de novas caminhonetes destinadas ao fortalecimento das a\u00e7\u00f5es de vigil\u00e2ncia em sa\u00fade. A entrega ocorreu nesta segunda-feira (24) e faz parte da estrat\u00e9gia estadual de refor\u00e7ar as atividades de combate \u00e0s endemias e ampliar a estrutura de trabalho das equipes municipais.<\/p>\n<p>Os ve\u00edculos, adquiridos pela Secretaria de Estado de Sa\u00fade (SES), garantem maior mobilidade e agilidade \u00e0s equipes que atuam no controle e na preven\u00e7\u00e3o de doen\u00e7as como dengue, chikungunya e zika. A iniciativa integra o programa \u201cVigil\u00e2ncia em Sa\u00fade \u2013 Vetores SES\u201d, que refor\u00e7a as pol\u00edticas estaduais de preven\u00e7\u00e3o e sa\u00fade ambiental.<\/p>\n<p>O governador Eduardo Riedel destacou a import\u00e2ncia do investimento e das a\u00e7\u00f5es conjuntas com os munic\u00edpios: \u201cO Estado \u00e9 muito grato a todas as a\u00e7\u00f5es que t\u00eam transformado aos poucos essa realidade junto com os munic\u00edpios. E n\u00e3o \u00e9 tarefa f\u00e1cil. \u00c9 um esfor\u00e7o conjunto. Esta caminhonete \u00e9 para j\u00e1 trabalhar, apoiar as a\u00e7\u00f5es de combate com foco na vigil\u00e2ncia, que \u00e9 onde come\u00e7a o sucesso do sistema de sa\u00fade. O trabalho come\u00e7a na preven\u00e7\u00e3o e \u00e9 isso que a gente est\u00e1 buscando fortalecer.\u201d<\/p>\n<p>O secret\u00e1rio de Estado de Sa\u00fade, Maur\u00edcio Sim\u00f5es, tamb\u00e9m refor\u00e7ou o compromisso da SES com os munic\u00edpios: \u201cN\u00f3s estamos cumprindo o compromisso de entregar uma caminhonete para todos os munic\u00edpios, para a vigil\u00e2ncia. As chuvas j\u00e1 chegaram, o calor est\u00e1 a\u00ed, e esses ve\u00edculos v\u00eam em boa hora para intensificar as atividades no combate e controle do mosquito Aedes aegypti.\u201d<\/p>\n<p>Para Nioaque, o novo ve\u00edculo representa um avan\u00e7o significativo na capacidade de atua\u00e7\u00e3o da vigil\u00e2ncia municipal. O prefeito Andr\u00e9 Guimar\u00e3es enfatizou os benef\u00edcios diretos para a popula\u00e7\u00e3o: \u201cA caminhonete refor\u00e7a a estrutura operacional da nossa Vigil\u00e2ncia em Sa\u00fade, garantindo mais agilidade e seguran\u00e7a para as equipes que atuam diariamente na prote\u00e7\u00e3o da nossa popula\u00e7\u00e3o. Agradecemos ao Governo do Estado pela parceria e por reconhecer o trabalho que temos desenvolvido no munic\u00edpio.\u201d<\/p>\n<p>A secret\u00e1ria municipal de Sa\u00fade, Cristiane Regina Gomes de Sousa, destacou os impactos positivos no monitoramento e na preven\u00e7\u00e3o: \u201cEste ve\u00edculo chega para fortalecer as a\u00e7\u00f5es essenciais da vigil\u00e2ncia, que dependem de mobilidade e resposta r\u00e1pida. Com ele, ampliamos nossa capacidade de monitoramento e de combate \u00e0s endemias, assegurando mais prote\u00e7\u00e3o para as fam\u00edlias de Nioaque.\u201d<\/p>\n<p>Com a chegada da caminhonete, Nioaque fortalece sua estrutura de vigil\u00e2ncia em sa\u00fade, ampliando a capacidade das equipes de atuar de forma r\u00e1pida, segura e eficiente em todas as regi\u00f5es do munic\u00edpio. O novo ve\u00edculo passa a integrar as a\u00e7\u00f5es permanentes de combate \u00e0s endemias, monitoramento de \u00e1reas de risco e atendimento \u00e0s demandas da popula\u00e7\u00e3o, garantindo mais prote\u00e7\u00e3o e melhores condi\u00e7\u00f5es de trabalho para os profissionais que atuam na linha de frente da preven\u00e7\u00e3o.                                        <\/p>\n","protected":false},"excerpt":{"rendered":"Nioaque est\u00e1 entre os munic\u00edpios contemplados pelo Governo do Estado com a entrega de novas caminhonetes destinadas ao&hellip;\n","protected":false},"author":2,"featured_media":164005,"comment_status":"","ping_status":"","sticky":false,"template":"","format":"standard","meta":{"footnotes":""},"categories":[86],"tags":[116,32,33,117],"class_list":{"0":"post-164004","1":"post","2":"type-post","3":"status-publish","4":"format-standard","5":"has-post-thumbnail","7":"category-saude","8":"tag-health","9":"tag-portugal","10":"tag-pt","11":"tag-saude"},"share_on_mastodon":{"url":"https:\/\/pubeurope.com\/@pt\/115606912039452252","error":""},"_links":{"self":[{"href":"https:\/\/www.europesays.com\/pt\/wp-json\/wp\/v2\/posts\/164004","targetHints":{"allow":["GET"]}}],"collection":[{"href":"https:\/\/www.europesays.com\/pt\/wp-json\/wp\/v2\/posts"}],"about":[{"href":"https:\/\/www.europesays.com\/pt\/wp-json\/wp\/v2\/types\/post"}],"author":[{"embeddable":true,"href":"https:\/\/www.europesays.com\/pt\/wp-json\/wp\/v2\/users\/2"}],"replies":[{"embeddable":true,"href":"https:\/\/www.europesays.com\/pt\/wp-json\/wp\/v2\/comments?post=164004"}],"version-history":[{"count":0,"href":"https:\/\/www.europesays.com\/pt\/wp-json\/wp\/v2\/posts\/164004\/revisions"}],"wp:featuredmedia":[{"embeddable":true,"href":"https:\/\/www.europesays.com\/pt\/wp-json\/wp\/v2\/media\/164005"}],"wp:attachment":[{"href":"https:\/\/www.europesays.com\/pt\/wp-json\/wp\/v2\/media?parent=164004"}],"wp:term":[{"taxonomy":"category","embeddable":true,"href":"https:\/\/www.europesays.com\/pt\/wp-json\/wp\/v2\/categories?post=164004"},{"taxonomy":"post_tag","embeddable":true,"href":"https:\/\/www.europesays.com\/pt\/wp-json\/wp\/v2\/tags?post=164004"}],"curies":[{"name":"wp","href":"https:\/\/api.w.org\/{rel}","templated":true}]}}