{"id":164030,"date":"2025-11-24T22:17:13","date_gmt":"2025-11-24T22:17:13","guid":{"rendered":"https:\/\/www.europesays.com\/pt\/164030\/"},"modified":"2025-11-24T22:17:13","modified_gmt":"2025-11-24T22:17:13","slug":"no-momento-oportuno-noticias-r7","status":"publish","type":"post","link":"https:\/\/www.europesays.com\/pt\/164030\/","title":{"rendered":"\u2018No momento oportuno\u2019 \u2013 Noticias R7"},"content":{"rendered":"<p>LEIA AQUI O RESUMO DA NOT\u00cdCIA<\/p>\n<ul class=\"b-article-body-custom-embed-brief-news__list\" style=\"margin: 0; padding-left: 20px; list-style-type: disc;\">\n<li>O presidente do Senado, Davi Alcolumbre, respondeu a Jorge Messias sobre sua indica\u00e7\u00e3o ao STF.<\/li>\n<li>A sabatina de Messias ser\u00e1 agendada &#8220;no momento oportuno&#8221; por Alcolumbre.<\/li>\n<li>Messias, atual ministro da AGU, foi indicado para a vaga deixada por Roberto Barroso.<\/li>\n<li>Alcolumbre reafirmou que o Senado respeitar\u00e1 os ritos constitucionais durante o processo de sabatina.<\/li>\n<\/ul>\n<p style=\"font-size: 0.8em; font-style: italic; text-align: right; margin-top: 15px; padding-bottom: 5px; margin-bottom: 0;\">Produzido pela Ri7a &#8211; a Intelig\u00eancia Artificial do R7<\/p>\n<p><img decoding=\"async\" data-chromatic=\"ignore\" alt=\"\" class=\"c-image\" loading=\"lazy\" src=\"https:\/\/www.europesays.com\/pt\/wp-content\/uploads\/2025\/11\/TGOPCUSUHVHNVARJA3Y5KR4QOE.jpg\"  width=\"3794\" height=\"2529\"\/>Davi Alcolumbre dever\u00e1 pautar a sabatina que antecede a posse de  Jorge Messias como ministro do STF Waldemir Barreto\/Ag\u00eancia Senado &#8211; 4.11.2025 <\/p>\n<p class=\"jarvics:base-text-neutral-high-400 base-text-[calc(theme(fontSize.xs)_*_var(--font-size,_1))] base-font-normal base-font-primary base-text-neutral-low-500 base-text-left\">O presidente do <a href=\"https:\/\/noticias.r7.com\/brasilia\/com-pressao-sobre-messias-senado-so-rejeitou-cinco-nomes-ao-stf-em-130-anos-21112025\/\" target=\"_self\" rel=\"nofollow noopener\" title=\"https:\/\/noticias.r7.com\/brasilia\/com-pressao-sobre-messias-senado-so-rejeitou-cinco-nomes-ao-stf-em-130-anos-21112025\/\">Senado<\/a>, Davi Alcolumbre (Uni\u00e3o-AP), divulgou nota em resposta a <a href=\"https:\/\/noticias.r7.com\/brasilia\/sem-previsao-de-sabatina-messias-envia-mensagem-a-alcolumbre-tenho-grande-admiracao-e-apreco-24112025\/\" target=\"_self\" rel=\"nofollow noopener\" title=\"https:\/\/noticias.r7.com\/brasilia\/sem-previsao-de-sabatina-messias-envia-mensagem-a-alcolumbre-tenho-grande-admiracao-e-apreco-24112025\/\">mensagem enviada por Jorge Messias nesta segunda-feira (24),<\/a> O senador afirmou ter tomado conhecimento da manifesta\u00e7\u00e3o p\u00fablica do advogado, <a href=\"https:\/\/noticias.r7.com\/brasilia\/sem-previsao-de-sabatina-messias-envia-mensagem-a-alcolumbre-tenho-grande-admiracao-e-apreco-24112025\/\" target=\"_self\" rel=\"nofollow noopener\" title=\"https:\/\/noticias.r7.com\/brasilia\/sem-previsao-de-sabatina-messias-envia-mensagem-a-alcolumbre-tenho-grande-admiracao-e-apreco-24112025\/\">indicado ao STF<\/a> (Supremo Tribunal Federal) pelo presidente Lula, e informou que a sabatina ser\u00e1 agendada em momento oportuno.<\/p>\n<p class=\"jarvics:base-text-neutral-high-400 base-text-[calc(theme(fontSize.xs)_*_var(--font-size,_1))] base-font-normal base-font-primary base-text-neutral-low-500 base-text-left\">Alcolumbre reiterou, no comunicado, que o Senado cumprir\u00e1 a atribui\u00e7\u00e3o prevista na Constitui\u00e7\u00e3o. \u201cO Senado Federal cumprir\u00e1, com absoluta normalidade, a prerrogativa que lhe confere a Constitui\u00e7\u00e3o: conduzir a sabatina, analisar e deliberar sobre a indica\u00e7\u00e3o feita pelo Presidente da Rep\u00fablica\u201d, escreveu.<\/p>\n<p class=\"jarvics:base-text-neutral-high-400 base-text-[calc(theme(fontSize.xs)_*_var(--font-size,_1))] base-font-normal base-font-primary base-text-neutral-low-500 base-text-left\">O parlamentar ainda destacou a necessidade de equil\u00edbrio entre os Poderes. \u201cCada Poder da Rep\u00fablica atua dentro de suas pr\u00f3prias atribui\u00e7\u00f5es, preservando o equil\u00edbrio institucional e o respeito aos ritos constitucionais\u201d, completou.<\/p>\n<p class=\"jarvics:base-text-neutral-high-400 base-text-[calc(theme(fontSize.xs)_*_var(--font-size,_1))] base-font-normal base-font-primary base-text-neutral-low-500 base-text-left\">Jorge Messias, ministro da AGU, foi escolhido na quinta-feira (20) para a vaga aberta ap\u00f3s a aposentadoria de Lu\u00eds Roberto Barroso. Antes de assumir o cargo, ele deve passar pela sabatina e pela vota\u00e7\u00e3o no Senado, etapas que dependem da defini\u00e7\u00e3o de data por Alcolumbre.<\/p>\n<p class=\"jarvics:base-text-neutral-high-400 base-text-[calc(theme(fontSize.xs)_*_var(--font-size,_1))] base-font-normal base-font-primary base-text-neutral-low-500 base-text-left\">Na manh\u00e3 desta ter\u00e7a-feira, Messias divulgou mensagem dirigida ao presidente do Senado, na qual relatou apre\u00e7o pelo trabalho do parlamentar. <\/p>\n<p class=\"jarvics:base-text-neutral-high-400 base-text-[calc(theme(fontSize.xs)_*_var(--font-size,_1))] base-font-normal base-font-primary base-text-neutral-low-500 base-text-left\">\u201cPude desenvolver uma rela\u00e7\u00e3o saud\u00e1vel, franca e amig\u00e1vel com o presidente Davi, por quem tenho grande admira\u00e7\u00e3o e apre\u00e7o\u201d, registrou.<\/p>\n<p>Confira a \u00edntegra da nota de Alcolumbre<\/p>\n<p class=\"jarvics:base-text-neutral-high-400 base-text-[calc(theme(fontSize.xs)_*_var(--font-size,_1))] base-font-normal base-font-primary base-text-neutral-low-500 base-text-left\">\u201cO Presidente do Senado Federal, Davi Alcolumbre, toma conhecimento, com respeito institucional, da manifesta\u00e7\u00e3o p\u00fablica do indicado ao Supremo Tribunal Federal.Reafirma que o Senado Federal cumprir\u00e1, com absoluta normalidade, a prerrogativa que lhe confere a Constitui\u00e7\u00e3o: conduzir a sabatina, analisar e deliberar sobre a indica\u00e7\u00e3o feita pelo Presidente da Rep\u00fablica.Cada Poder da Rep\u00fablica atua dentro de suas pr\u00f3prias atribui\u00e7\u00f5es, preservando o equil\u00edbrio institucional e o respeito aos ritos constitucionais.E o Senado assim o far\u00e1, no momento oportuno, de maneira que cada senador e cada senadora possa apreciar devidamente a indica\u00e7\u00e3o e manifestar livremente seu voto.\u201d<\/p>\n<p><video controls=\"\" class=\"video-js\" preload=\"metadata\" poster=\"https:\/\/d22yf0mxeu0gma.cloudfront.net\/11-21-2025\/t_0e6a53a57aa641ed80cc61ff142cbe96_name_file_960x540_1600_v4_.jpg\" title=\"Presidente Lula indica Jorge Messias para vaga no STF\" data-sprite-url=\"\" data-metadata=\"{&quot;title&quot;:&quot;Presidente Lula indica Jorge Messias para vaga no STF&quot;,&quot;sectionName&quot;:&quot;R7&quot;,&quot;mainSection&quot;:&quot;Bras&#xED;lia&quot;,&quot;subSection&quot;:&quot;&quot;,&quot;views&quot;:&quot;&quot;,&quot;disableAdv&quot;:&quot;false&quot;,&quot;createdDate&quot;:&quot;2025-11-21T12:52:22Z&quot;,&quot;mainSectionUrl&quot;:&quot;https:\/\/noticias.r7.com\/record-news\/jornal-da-record-news\/video\/presidente-lula-indica-jorge-messias-para-vaga-no-stf-21112025\/&quot;,&quot;sectionPath&quot;:&quot;https:\/\/noticias.r7.com\/record-news\/jornal-da-record-news&quot;,&quot;ageRating&quot;:&quot;&quot;,&quot;ageRatingDescription&quot;:&quot;&quot;,&quot;duration&quot;:459904,&quot;playerUrl&quot;:&quot;https:\/\/noticias.r7.com\/player\/c83533dc-ffb8-4606-94d2-5e1d7a61a45b\/&quot;}\" data-player-params=\"{&quot;p&quot;:&quot;true&quot;,&quot;autoPlay&quot;:&quot;false&quot;,&quot;logo&quot;:&quot;true&quot;,&quot;playlistId&quot;:&quot;false&quot;,&quot;calhau&quot;:&quot;false&quot;,&quot;share&quot;:&quot;true&quot;,&quot;sz&quot;:&quot;false&quot;,&quot;full&quot;:&quot;true&quot;,&quot;customAdHash&quot;:&quot;\/7542\/R7noticias\/brasilia&quot;,&quot;referrerUrl&quot;:&quot;&quot;,&quot;externalLinks&quot;:&quot;true&quot;,&quot;debug&quot;:&quot;false&quot;,&quot;debugHash&quot;:&quot;false&quot;,&quot;debugRelated&quot;:&quot;false&quot;,&quot;timerRelated&quot;:&quot;true&quot;,&quot;logoRecord&quot;:&quot;false&quot;,&quot;contextModal&quot;:&quot;false&quot;,&quot;parentUrl&quot;:&quot;https:\/\/record.r7.com\/&quot;,&quot;t&quot;:&quot;0&quot;,&quot;noTitle&quot;:false,&quot;endBehavior&quot;:&quot;default&quot;}\" data-related-videos=\"[{&quot;title&quot;:&quot;Defesa de Bolsonaro cita confus&#xE3;o mental como justificativa&quot;,&quot;thumb&quot;:&quot;https:\/\/d22yf0mxeu0gma.cloudfront.net\/11-24-2025\/t_67261be3d91b41139d30e298e0e09cea_name_12.jpg&quot;,&quot;url&quot;:&quot;https:\/\/noticias.r7.com\/record-news\/hora-news\/video\/defesa-de-bolsonaro-cita-confusao-mental-como-justificativa-24112025\/&quot;,&quot;embedUrl&quot;:&quot;https:\/\/noticias.r7.com\/player\/e5b99d2f-e7b4-4716-9e58-47357c76ae2a\/&quot;},{&quot;title&quot;:&quot;STF mant&#xE9;m previs&#xE3;o preventiva de Bolsonaro&quot;,&quot;thumb&quot;:&quot;https:\/\/d22yf0mxeu0gma.cloudfront.net\/11-24-2025\/t_3e765a63c72a49bebc026f1597e93e0f_name_file_960x540_1600_v4_.jpg&quot;,&quot;url&quot;:&quot;https:\/\/noticias.r7.com\/record-news\/conexao-record-news\/video\/stf-mantem-previsao-preventiva-de-bolsonaro-24112025\/&quot;,&quot;embedUrl&quot;:&quot;https:\/\/noticias.r7.com\/player\/019a9918-6c9e-42e5-bcb7-249a6dd169fe\/&quot;},{&quot;title&quot;:&quot;Veja as primeiras imagens de Jair Bolsonaro depois de ser preso&quot;,&quot;thumb&quot;:&quot;https:\/\/d22yf0mxeu0gma.cloudfront.net\/11-23-2025\/t_5fee6a963ffa4ad3ba33e9799fd3a0be_name_file_960x540_1600_v4_.jpg&quot;,&quot;url&quot;:&quot;https:\/\/noticias.r7.com\/brasilia\/video\/veja-as-primeiras-imagens-de-jair-bolsonaro-depois-de-ser-preso-23112025\/&quot;,&quot;embedUrl&quot;:&quot;https:\/\/noticias.r7.com\/player\/cc4b3f48-4dfe-4293-8f0a-a391c45dffa5\/&quot;}]\" data-player-url=\"https:\/\/noticias.r7.com\/player\/c83533dc-ffb8-4606-94d2-5e1d7a61a45b\/\" data-arc-video=\"\" data-arc-id=\"c83533dc-ffb8-4606-94d2-5e1d7a61a45b\" data-short=\"false\" style=\"visibility:hidden\"><\/video><\/p>\n<p class=\"jarvics:base-text-neutral-high-400 base-text-[calc(theme(fontSize.xs)_*_var(--font-size,_1))] base-font-normal base-font-primary base-text-neutral-low-500 base-text-left\"><b>Fique por dentro das principais not\u00edcias do dia no Brasil e no mundo. <\/b><a href=\"https:\/\/whatsapp.com\/channel\/0029Va6eEELGZNCyryabmO1m\" rel=\"nofollow noopener\" target=\"_blank\"><b>Siga o canal do R7<\/b><\/a><b>, o portal de not\u00edcias da RECORD, no WhatsApp<\/b><\/p>\n","protected":false},"excerpt":{"rendered":"LEIA AQUI O RESUMO DA NOT\u00cdCIA O presidente do Senado, Davi Alcolumbre, respondeu a Jorge Messias sobre sua&hellip;\n","protected":false},"author":2,"featured_media":164031,"comment_status":"","ping_status":"","sticky":false,"template":"","format":"standard","meta":{"footnotes":""},"categories":[145],"tags":[211,210,16437,114,115,34699,32,33,9065,4179],"class_list":{"0":"post-164030","1":"post","2":"type-post","3":"status-publish","4":"format-standard","5":"has-post-thumbnail","7":"category-celebridades","8":"tag-celebridades","9":"tag-celebrities","10":"tag-davi-alcolumbre","11":"tag-entertainment","12":"tag-entretenimento","13":"tag-jorge-messias","14":"tag-portugal","15":"tag-pt","16":"tag-senado","17":"tag-stf"},"share_on_mastodon":{"url":"https:\/\/pubeurope.com\/@pt\/115606994818340714","error":""},"_links":{"self":[{"href":"https:\/\/www.europesays.com\/pt\/wp-json\/wp\/v2\/posts\/164030","targetHints":{"allow":["GET"]}}],"collection":[{"href":"https:\/\/www.europesays.com\/pt\/wp-json\/wp\/v2\/posts"}],"about":[{"href":"https:\/\/www.europesays.com\/pt\/wp-json\/wp\/v2\/types\/post"}],"author":[{"embeddable":true,"href":"https:\/\/www.europesays.com\/pt\/wp-json\/wp\/v2\/users\/2"}],"replies":[{"embeddable":true,"href":"https:\/\/www.europesays.com\/pt\/wp-json\/wp\/v2\/comments?post=164030"}],"version-history":[{"count":0,"href":"https:\/\/www.europesays.com\/pt\/wp-json\/wp\/v2\/posts\/164030\/revisions"}],"wp:featuredmedia":[{"embeddable":true,"href":"https:\/\/www.europesays.com\/pt\/wp-json\/wp\/v2\/media\/164031"}],"wp:attachment":[{"href":"https:\/\/www.europesays.com\/pt\/wp-json\/wp\/v2\/media?parent=164030"}],"wp:term":[{"taxonomy":"category","embeddable":true,"href":"https:\/\/www.europesays.com\/pt\/wp-json\/wp\/v2\/categories?post=164030"},{"taxonomy":"post_tag","embeddable":true,"href":"https:\/\/www.europesays.com\/pt\/wp-json\/wp\/v2\/tags?post=164030"}],"curies":[{"name":"wp","href":"https:\/\/api.w.org\/{rel}","templated":true}]}}