{"id":164054,"date":"2025-11-24T22:42:42","date_gmt":"2025-11-24T22:42:42","guid":{"rendered":"https:\/\/www.europesays.com\/pt\/164054\/"},"modified":"2025-11-24T22:42:42","modified_gmt":"2025-11-24T22:42:42","slug":"critical-software-e-airbus-criam-nova-empresa-em-coimbra-para-o-aeroespacial","status":"publish","type":"post","link":"https:\/\/www.europesays.com\/pt\/164054\/","title":{"rendered":"Critical Software e Airbus criam nova empresa em Coimbra para o aeroespacial"},"content":{"rendered":"\n<p>A Critical Software e a Airbus criaram uma empresa conjunta. Chama-se \u2018Critical FlyTech\u2019, e tem por objetivo desenvolver software embebido e servi\u00e7os para aplica\u00e7\u00f5es aeroespaciais para a Airbus e suas subsidi\u00e1rias.<\/p>\n<p class=\"text-paragraph\">\u201cEsta joint venture ser\u00e1 detida em 51% pela Airbus e em 49% pela Critical Software\u201d, informaram hoje as empresas.<\/p>\n<p class=\"text-paragraph\">Em comunicado enviado \u00e0 ag\u00eancia Lusa, \u00e9 explicado que esta parceria refor\u00e7a o investimento da Airbus em Portugal, \u201ccombinando a sua grande experi\u00eancia aeroespacial com a compet\u00eancia comprovada da Critical Software em engenharia de software embebido com seguran\u00e7a cr\u00edtica\u201d.<\/p>\n<p class=\"text-paragraph\">\u201cA Critical FlyTech, com sede em Coimbra e um escrit\u00f3rio em Lisboa, vai refor\u00e7ar a lideran\u00e7a competitiva da Airbus no setor aeroespacial atrav\u00e9s da conce\u00e7\u00e3o e desenvolvimento de solu\u00e7\u00f5es de alta garantia de funcionamento e de software certific\u00e1vel, para sistemas e miss\u00f5es cr\u00edticas, em v\u00e1rios dom\u00ednios, incluindo sistemas de avi\u00f3nica, sistemas de cabine e solu\u00e7\u00f5es de conectividade\u201d, descreveram.<\/p>\n<p class=\"text-paragraph\">Liderada por Ricardo Armas, a Critical FlyTech iniciar\u00e1 atividade no in\u00edcio de 2026, com uma equipa de 120 colaboradores, prevendo-se que chegue aos 300 colaboradores at\u00e9 ao final de 2028.<\/p>\n<p class=\"text-paragraph\">\u201cAo integrar o ecossistema especializado da Airbus e a sua presen\u00e7a global, esta equipa vai reunir compet\u00eancias estrat\u00e9gicas a longo prazo, que s\u00e3o fundamentais para a seguran\u00e7a, desempenho e certifica\u00e7\u00e3o em todas as plataformas, alinhadas com a crescente complexidade e digitaliza\u00e7\u00e3o dos sistemas aeroespaciais\u201d.<\/p>\n<p class=\"text-paragraph\">Para o \u2018chairman\u2019 da Critical Software, Gon\u00e7alo Quadros, esta parceria representa um novo cap\u00edtulo para a constru\u00e7\u00e3o de \u201cum mundo melhor e mais seguro\u201d.<\/p>\n<p class=\"text-paragraph\">\u201cA Critical FlyTech reflete tudo o que Critical Software sempre representou, a convic\u00e7\u00e3o de que uma engenharia de excel\u00eancia, curiosidade e coragem podem ter um impacto duradouro. Em conjunto com a Airbus, estamos a transformar essa convic\u00e7\u00e3o em realidade e a criar tecnologia que n\u00e3o s\u00f3 voa como tamb\u00e9m inspira&#8221;, referiu.<\/p>\n<p class=\"text-paragraph\">Para Quadros, ao conjugar as for\u00e7as da Airbus e da Critical Software, est\u00e1 a ser criado \u201cum novo centro de excel\u00eancia em software aeroespacial de elevada garantia\u201d.<\/p>\n<p class=\"text-paragraph\">\u201cA nossa miss\u00e3o \u00e9 clara: disponibilizar solu\u00e7\u00f5es tecnol\u00f3gicas que cumprem os mais rigorosos crit\u00e9rios de seguran\u00e7a, fiabilidade e inova\u00e7\u00e3o, e que moldam o futuro da avia\u00e7\u00e3o, espa\u00e7o e defesa&#8221;, destacou Ricardo Armas, que assumir\u00e1 o cargo de CEO da Critical FlyTech.<\/p>\n<p class=\"text-paragraph\">J\u00e1 Marc Fischer, vice-presidente senior para Engineering &#8211; Cabin &amp; Cargo da Airbus, evidenciou que a Airbus valoriza parcerias com empresas que partilham uma vis\u00e3o transformadora da hist\u00f3ria.<\/p>\n<p class=\"text-paragraph\">\u201cEsta joint venture permite aproveitar plenamente a agilidade e experi\u00eancia da Critical Software para fortalecer a nossa base de software embebido num contexto de crescente digitaliza\u00e7\u00e3o aeroespacial. A Critical FlyTech simboliza essa ambi\u00e7\u00e3o conjunta e reafirma o compromisso de ambas as entidades na inova\u00e7\u00e3o aeroespacial&#8221;, afirmou.<\/p>\n<p class=\"text-paragraph\">A conclus\u00e3o da opera\u00e7\u00e3o est\u00e1 sujeita \u00e0s condi\u00e7\u00f5es habituais, incluindo as autoriza\u00e7\u00f5es regulamentares.<\/p>\n<p class=\"text-paragraph\">Fundada em 1998, a Critical Software \u00e9 uma multinacional de tecnologia especializada em solu\u00e7\u00f5es de software e servi\u00e7os de engenharia para o suporte de sistemas cr\u00edticos orientados \u00e0 seguran\u00e7a, \u00e0 miss\u00e3o e ao neg\u00f3cio de empresas.<\/p>\n<p class=\"text-paragraph\">Atua em setores de elevada garantia, como espa\u00e7o, aeron\u00e1utica, e defesa, e emprega mais de 1.400 pessoas em quatro pa\u00edses (Portugal, Reino Unido, EUA, Alemanha).<\/p>\n<p class=\"text-paragraph\">A Airbus lidera o setor aeroespacial sustent\u00e1vel para \u201cum mundo seguro e unido\u201d, inovando constantemente para fornecer solu\u00e7\u00f5es eficientes e tecnologicamente avan\u00e7adas para defesa e servi\u00e7os conectados.<\/p>\n<p class=\"text-paragraph\">Na avia\u00e7\u00e3o comercial, a Airbus concebe e fabrica aeronaves modernas e economicamente eficientes e servi\u00e7os associados. A Airbus \u00e9 tamb\u00e9m l\u00edder europeia em sistemas espaciais, defesa e seguran\u00e7a.<\/p>\n<p class=\"text-paragraph\">Na divis\u00e3o de helic\u00f3pteros, a Airbus fornece solu\u00e7\u00f5es e servi\u00e7os eficientes de helic\u00f3pteros civis e militares em todo o mundo.<\/p>\n","protected":false},"excerpt":{"rendered":"A Critical Software e a Airbus criaram uma empresa conjunta. Chama-se \u2018Critical FlyTech\u2019, e tem por objetivo desenvolver&hellip;\n","protected":false},"author":2,"featured_media":164055,"comment_status":"","ping_status":"","sticky":false,"template":"","format":"standard","meta":{"footnotes":""},"categories":[83],"tags":[88,89,90,32,33],"class_list":{"0":"post-164054","1":"post","2":"type-post","3":"status-publish","4":"format-standard","5":"has-post-thumbnail","7":"category-empresas","8":"tag-business","9":"tag-economy","10":"tag-empresas","11":"tag-portugal","12":"tag-pt"},"share_on_mastodon":{"url":"https:\/\/pubeurope.com\/@pt\/115607092954874346","error":""},"_links":{"self":[{"href":"https:\/\/www.europesays.com\/pt\/wp-json\/wp\/v2\/posts\/164054","targetHints":{"allow":["GET"]}}],"collection":[{"href":"https:\/\/www.europesays.com\/pt\/wp-json\/wp\/v2\/posts"}],"about":[{"href":"https:\/\/www.europesays.com\/pt\/wp-json\/wp\/v2\/types\/post"}],"author":[{"embeddable":true,"href":"https:\/\/www.europesays.com\/pt\/wp-json\/wp\/v2\/users\/2"}],"replies":[{"embeddable":true,"href":"https:\/\/www.europesays.com\/pt\/wp-json\/wp\/v2\/comments?post=164054"}],"version-history":[{"count":0,"href":"https:\/\/www.europesays.com\/pt\/wp-json\/wp\/v2\/posts\/164054\/revisions"}],"wp:featuredmedia":[{"embeddable":true,"href":"https:\/\/www.europesays.com\/pt\/wp-json\/wp\/v2\/media\/164055"}],"wp:attachment":[{"href":"https:\/\/www.europesays.com\/pt\/wp-json\/wp\/v2\/media?parent=164054"}],"wp:term":[{"taxonomy":"category","embeddable":true,"href":"https:\/\/www.europesays.com\/pt\/wp-json\/wp\/v2\/categories?post=164054"},{"taxonomy":"post_tag","embeddable":true,"href":"https:\/\/www.europesays.com\/pt\/wp-json\/wp\/v2\/tags?post=164054"}],"curies":[{"name":"wp","href":"https:\/\/api.w.org\/{rel}","templated":true}]}}