{"id":164103,"date":"2025-11-24T23:21:09","date_gmt":"2025-11-24T23:21:09","guid":{"rendered":"https:\/\/www.europesays.com\/pt\/164103\/"},"modified":"2025-11-24T23:21:09","modified_gmt":"2025-11-24T23:21:09","slug":"dentistas-podem-prescrever-mounjaro-entenda","status":"publish","type":"post","link":"https:\/\/www.europesays.com\/pt\/164103\/","title":{"rendered":"Dentistas podem prescrever Mounjaro? Entenda"},"content":{"rendered":"<p data-component-name=\"paragraph\" class=\"styles__ParagraphStyled-sc-6adecn-0 gsLklW  \">A autoriza\u00e7\u00e3o da Ag\u00eancia Nacional de Vigil\u00e2ncia Sanit\u00e1ria (<a href=\"https:\/\/www.estadao.com.br\/tudo-sobre\/anvisa-agencia-nacional-de-vigilancia-sanitaria\/\" target=\"_blank\" rel=\"nofollow noopener\" title=\"https:\/\/www.estadao.com.br\/tudo-sobre\/anvisa-agencia-nacional-de-vigilancia-sanitaria\/\">Anvisa<\/a>) para uso do <a href=\"https:\/\/www.estadao.com.br\/tudo-sobre\/mounjaro\/\" target=\"_blank\" rel=\"nofollow noopener\" title=\"https:\/\/www.estadao.com.br\/tudo-sobre\/mounjaro\/\">Mounjaro<\/a> (tirzepatida) no <a href=\"https:\/\/www.estadao.com.br\/saude\/uso-de-mounjaro-contra-apneia-obstrutiva-do-sono-e-aprovado-pela-anvisa-nprm\/\" target=\"_blank\" rel=\"nofollow noopener\" title=\"https:\/\/www.estadao.com.br\/saude\/uso-de-mounjaro-contra-apneia-obstrutiva-do-sono-e-aprovado-pela-anvisa-nprm\/\">tratamento da apneia obstrutiva do sono<\/a> (AOS), em outubro, gerou d\u00favidas sobre os profissionais aptos a prescrever o medicamento. Como a condi\u00e7\u00e3o tamb\u00e9m \u00e9 acompanhada na odontologia, dentistas passaram a poder indicar o rem\u00e9dio.<\/p>\n<p><img  loading=\"lazy\" class=\"lazy-load-img\"\/><\/p>\n<p>Em outubro, a Anvisa autorizou o uso de Mounjaro no tratamento da apneia obstrutiva do sono moderada e grave para pessoas com obesidade.\u00a0Foto:  Wirestock\/Adobe Stock<\/p>\n<p>O Conselho Federal de Odontologia (CFO), por\u00e9m, faz ressalvas. A entidade refor\u00e7a que a prescri\u00e7\u00e3o deve seguir os limites \u00e9ticos da profiss\u00e3o e priorizar a seguran\u00e7a do paciente. Tamb\u00e9m destaca que os dentistas s\u00f3 podem prescrever a tirzepatida para aqueles cuja apneia esteja diretamente associada \u00e0 <a href=\"https:\/\/www.estadao.com.br\/tudo-sobre\/obesidade\/\" target=\"_blank\" rel=\"nofollow noopener\" title=\"https:\/\/www.estadao.com.br\/tudo-sobre\/obesidade\/\">obesidade<\/a> \u2014 doen\u00e7a que requer acompanhamento m\u00e9dico.<\/p>\n<p>\u201cO dentista pode prescrever, mas somente para pacientes com apneia associada \u00e0 obesidade e sempre garantindo que haja acompanhamento m\u00e9dico. A obesidade n\u00e3o \u00e9 tratada pela odontologia\u201d, diz a conselheira e cirurgi\u00e3-dentista Bianca Zambiasi.<\/p>\n<p data-component-name=\"paragraph\" class=\"styles__ParagraphStyled-sc-6adecn-0 gsLklW  \">Segundo ela, houve inicialmente um ru\u00eddo que sugeria que qualquer caso de AOS poderia receber a indica\u00e7\u00e3o de Mounjaro, o que n\u00e3o est\u00e1 autorizado. \u201cO medicamento \u00e9 indicado para obesidade e melhora a apneia como consequ\u00eancia. Uma pessoa com apneia sem obesidade n\u00e3o tem benef\u00edcio com a tirzepatida\u201d, afirma.<\/p>\n<p data-component-name=\"paragraph\" class=\"styles__ParagraphStyled-sc-6adecn-0 gsLklW  \">Zambiasi enfatiza que o tratamento deve ocorrer em contexto multidisciplinar, com endocrinologista, nutr\u00f3logo, otorrinolaringologista e outros profissionais. Se o paciente n\u00e3o estiver sendo acompanhado para tratar a obesidade, o dentista n\u00e3o deve manter a prescri\u00e7\u00e3o, para evitar extrapola\u00e7\u00e3o de compet\u00eancia.<\/p>\n<p data-component-name=\"paragraph\" class=\"styles__ParagraphStyled-sc-6adecn-0 gsLklW  \">O ideal, afirma a conselheira, \u00e9 que o dentista respons\u00e1vel pela prescri\u00e7\u00e3o tenha forma\u00e7\u00e3o espec\u00edfica em sono. Caso haja prescri\u00e7\u00e3o fora das regras, o profissional pode sofrer san\u00e7\u00f5es \u00e9ticas. As den\u00fancias podem ser feitas por qualquer pessoa nos canais dos Conselhos Regionais de Odontologia.<\/p>\n<p>O que dizem os endocrinologistas<\/p>\n<p data-component-name=\"paragraph\" class=\"styles__ParagraphStyled-sc-6adecn-0 gsLklW  \">Em resposta ao <strong>Estad\u00e3o<\/strong>, a Sociedade Brasileira de Endocrinologia e Metabologia (Sbem) afirmou seguir as normas do <a href=\"https:\/\/www.estadao.com.br\/tudo-sobre\/conselho-federal-de-medicina\/\" target=\"_blank\" rel=\"nofollow noopener\" title=\"https:\/\/www.estadao.com.br\/tudo-sobre\/conselho-federal-de-medicina\/\">Conselho Federal de Medicina<\/a> (CFM) e considerar que decis\u00f5es de outros conselhos que possam representar invas\u00e3o de \u00e1rea devem ser debatidas.<\/p>\n<p data-component-name=\"paragraph\" class=\"styles__ParagraphStyled-sc-6adecn-0 gsLklW  \">A entidade destaca que o dentista tem papel reconhecido no tratamento de doen\u00e7as dentro de sua \u00e1rea de atua\u00e7\u00e3o. A AOS \u00e9 um dist\u00farbio respirat\u00f3rio marcado por epis\u00f3dios de obstru\u00e7\u00e3o parcial ou total das vias a\u00e9reas durante o sono, tendo como principais fatores de risco a obesidade e altera\u00e7\u00f5es anat\u00f4micas, como pesco\u00e7o largo, am\u00edgdalas grandes, desvio de septo ou hipoplasia mandibular.<\/p>\n<p data-component-name=\"paragraph\" class=\"styles__ParagraphStyled-sc-6adecn-0 gsLklW  \">Na odontologia, o tratamento costuma envolver dispositivos intraorais ou procedimentos para avan\u00e7ar estruturas \u00f3sseas. \u201cPor\u00e9m cirurgi\u00f5es-dentistas n\u00e3o podem realizar cirurgias de am\u00edgdalas, adenoides ou septoplastias. Do mesmo modo, n\u00e3o devem tratar o principal fator, que \u00e9 a obesidade\u201d, afirma a Sbem.<\/p>\n<p data-component-name=\"paragraph\" class=\"styles__ParagraphStyled-sc-6adecn-0 gsLklW  \">A sociedade considera que dentistas n\u00e3o deveriam prescrever medicamentos sist\u00eamicos para apneia e v\u00ea com preocupa\u00e7\u00e3o os riscos associados ao uso dessas drogas, especialmente quando h\u00e1 efeitos colaterais que n\u00e3o podem ser manejados pelo dentista. <\/p>\n<p>Mounjaro e apneia<\/p>\n<p data-component-name=\"paragraph\" class=\"styles__ParagraphStyled-sc-6adecn-0 gsLklW  \">No Brasil, a tirzepatida, assim como <a href=\"https:\/\/www.estadao.com.br\/saude\/oms-adiciona-ozempic-e-mounjaro-a-sua-lista-de-medicamentos-essenciais-nprm\/\" target=\"_blank\" rel=\"nofollow noopener\" title=\"https:\/\/www.estadao.com.br\/saude\/oms-adiciona-ozempic-e-mounjaro-a-sua-lista-de-medicamentos-essenciais-nprm\/\">outros agonistas de GLP-1<\/a>, \u00e9 indicada para o tratamento de diabetes e obesidade e passou a ser vendida apenas sob prescri\u00e7\u00e3o em junho deste ano. <\/p>\n<p>Estudos recentes sugeriram que o medicamento tamb\u00e9m pode ajudar em casos de apneia obstrutiva do sono, o que levou a Anvisa a autorizar sua prescri\u00e7\u00e3o para o tratamento da condi\u00e7\u00e3o moderada e grave para pessoas com obesidade.<\/p>\n<p>Os <a href=\"https:\/\/www.nejm.org\/doi\/full\/10.1056\/NEJMoa2404881\" target=\"_blank\" rel=\"nofollow noopener\" title=\"https:\/\/www.nejm.org\/doi\/full\/10.1056\/NEJMoa2404881\">resultados do estudo cl\u00ednico de fase 3 SURMOUNT-OSA<\/a> mostraram que o Mounjaro reduziu de forma significativa as interrup\u00e7\u00f5es respirat\u00f3rias durante o sono. No in\u00edcio da pesquisa, os participantes apresentavam cerca de 50 interrup\u00e7\u00f5es por hora. Ap\u00f3s um ano de tratamento, aqueles que utilizaram o Mounjaro e a terapia com press\u00e3o positiva nas vias a\u00e9reas (CPAP) apresentavam cerca de 29,3 eventos a menos, contra 5,5 com placebo, e o grupo que usou apenas Mounjaro apresentava uma m\u00e9dia de 25,3 interrup\u00e7\u00f5es a menos, contra 5,3 com placebo.<\/p>\n","protected":false},"excerpt":{"rendered":"A autoriza\u00e7\u00e3o da Ag\u00eancia Nacional de Vigil\u00e2ncia Sanit\u00e1ria (Anvisa) para uso do Mounjaro (tirzepatida) no tratamento da apneia&hellip;\n","protected":false},"author":2,"featured_media":164104,"comment_status":"","ping_status":"","sticky":false,"template":"","format":"standard","meta":{"footnotes":""},"categories":[86],"tags":[34715,21275,7670,3615,14766,1027,34716,34717,1785,13181,34718,34719,116,7364,33495,7367,13186,22151,186,34720,1794,13190,1795,4123,1798,1113,32,33,117,14780,7502,1808,34721,34722],"class_list":{"0":"post-164103","1":"post","2":"type-post","3":"status-publish","4":"format-standard","5":"has-post-thumbnail","7":"category-saude","8":"tag-blood-sugar","9":"tag-chronic","10":"tag-clinical","11":"tag-close-up","12":"tag-control","13":"tag-diabetes","14":"tag-diabetic","15":"tag-diabetic-care","16":"tag-disease","17":"tag-drug","18":"tag-endocrine","19":"tag-glucose","20":"tag-health","21":"tag-healthcare","22":"tag-hormone","23":"tag-illness","24":"tag-injection","25":"tag-insulin","26":"tag-lifestyle","27":"tag-management","28":"tag-medical","29":"tag-medication","30":"tag-medicine","31":"tag-mounjaro","32":"tag-patient","33":"tag-person","34":"tag-portugal","35":"tag-pt","36":"tag-saude","37":"tag-syringe","38":"tag-therapy","39":"tag-treatment","40":"tag-treatment-plan","41":"tag-type-2"},"share_on_mastodon":{"url":"https:\/\/pubeurope.com\/@pt\/115607246159764122","error":""},"_links":{"self":[{"href":"https:\/\/www.europesays.com\/pt\/wp-json\/wp\/v2\/posts\/164103","targetHints":{"allow":["GET"]}}],"collection":[{"href":"https:\/\/www.europesays.com\/pt\/wp-json\/wp\/v2\/posts"}],"about":[{"href":"https:\/\/www.europesays.com\/pt\/wp-json\/wp\/v2\/types\/post"}],"author":[{"embeddable":true,"href":"https:\/\/www.europesays.com\/pt\/wp-json\/wp\/v2\/users\/2"}],"replies":[{"embeddable":true,"href":"https:\/\/www.europesays.com\/pt\/wp-json\/wp\/v2\/comments?post=164103"}],"version-history":[{"count":0,"href":"https:\/\/www.europesays.com\/pt\/wp-json\/wp\/v2\/posts\/164103\/revisions"}],"wp:featuredmedia":[{"embeddable":true,"href":"https:\/\/www.europesays.com\/pt\/wp-json\/wp\/v2\/media\/164104"}],"wp:attachment":[{"href":"https:\/\/www.europesays.com\/pt\/wp-json\/wp\/v2\/media?parent=164103"}],"wp:term":[{"taxonomy":"category","embeddable":true,"href":"https:\/\/www.europesays.com\/pt\/wp-json\/wp\/v2\/categories?post=164103"},{"taxonomy":"post_tag","embeddable":true,"href":"https:\/\/www.europesays.com\/pt\/wp-json\/wp\/v2\/tags?post=164103"}],"curies":[{"name":"wp","href":"https:\/\/api.w.org\/{rel}","templated":true}]}}