{"id":164105,"date":"2025-11-24T23:25:10","date_gmt":"2025-11-24T23:25:10","guid":{"rendered":"https:\/\/www.europesays.com\/pt\/164105\/"},"modified":"2025-11-24T23:25:10","modified_gmt":"2025-11-24T23:25:10","slug":"vulcao-entra-em-erupcao-na-etiopia-pela-primeira-vez-em-12-000-anos-sapo","status":"publish","type":"post","link":"https:\/\/www.europesays.com\/pt\/164105\/","title":{"rendered":"Vulc\u00e3o entra em erup\u00e7\u00e3o na Eti\u00f3pia pela primeira vez em 12.000 anos &#8211; SAPO"},"content":{"rendered":"<ol>\n<li><a href=\"https:\/\/news.google.com\/rss\/articles\/CBMitgFBVV95cUxNZHNlSHhoNU5INW5CQkt4Q1F0V0UyM3YzLWM2REVBRVNTUW9aZDNUbmR1enBCTmtTak9TOHdlYjFmam1qVjJFQkFEa3YtY28xZXJzTDNQMDVuOHNrdEE3X01MQ3lqVDhvUEVud1ZFTTBEMEpLZnZYemYzWEhNRUo2TkdRS2R4RGFTUm1XaXV1Rm9yMW1KR216cEhjWVZxTjh6T3gwX2dXZXZTeWstejItcTVyZ1YzQQ?oc=5\" target=\"_blank\" rel=\"nofollow noopener\">Vulc\u00e3o entra em erup\u00e7\u00e3o na Eti\u00f3pia pela primeira vez em 12.000 anos<\/a>&nbsp;&nbsp;SAPO<\/li>\n<li><a href=\"https:\/\/news.google.com\/rss\/articles\/CBMi2AFBVV95cUxQc0FWNmNqSnh4VUdGdkl2dnppQ1VaSlRra1VHR0g1WUg2NkUtVHdmTFVkckRZd2c2c3ZMOXdzSnVVYUo0OXkyWkIyZFdvQXdhYUJuc25GdXo0TkNGd2pubzVtc1E5b2tGRnR6UTkwNDgtaGI1Mk0yZ0E2MmI3b3dqQzBzeEROdGhYRHp1UE5FRVM2SjFTOW5kSGNvblpPTGJTVUZKUk03Q200WWk1MFRndjN1Y2NzX0tQM1BWTjJDZUxidEhLVkEyQU9JU3A0aEZMZUJ5RmJiUDnSAecBQVVfeXFMTmFtRWRzaV9aNzRJSk45NzJxVkxXQ0ozT0hqaGFjOFROUG84OW5lWFZIaXM1VGpSOExoaTN5dmRDdmdtSkp4ZldlRnlzVm03SDJwelBYSHhPWFk0MzhOZVMwY09nUmFwdmgzSmFIR2pla1JhY2N6Nmk3Sno0U19sVjBEM1NGdTl1cWRqLTNJMXpqa2VTQXpudTBCY194YjUxU0s2Y1BlRGZpZFMtakJLbE42dHdpM0l0X29URmh3dFpBSl9kLTVmT0w1MjZCaFFXS0VuN2pRSlp3X2x0djEtWGRfdlhIU204?oc=5\" target=\"_blank\" rel=\"nofollow noopener\">Vulc\u00e3o entra em erup\u00e7\u00e3o pela 1\u00aa vez em 12 mil anos, desde o fim da Era do Gelo<\/a>&nbsp;&nbsp;G1<\/li>\n<li><a href=\"https:\/\/news.google.com\/rss\/articles\/CBMisAFBVV95cUxNb3Npd0R5RGdERUFobkIwQkY3VWFOVVhydXRLZjRoNGo4QWtXOUlIVkZkM2x2Y0RiZU9UcW9hSHd0ZnhrY3F0TldhWjhSVUNxU1BMbXM2dDQwcnBHTThoNVJsWXdpTThBSFZBNVhnRlpPNVdYUnVCYTFqMk1NRWdwMDhuZl8wb3JxY2lWVFY4YW9vNFctT29SR080dWk1WXBtczk5YmZwZjRrSWFSN0ZNRA?oc=5\" target=\"_blank\" rel=\"nofollow noopener\">Vulc\u00e3o na Eti\u00f3pia entra em erup\u00e7\u00e3o pela primeira vez em 12 mil anos<\/a>&nbsp;&nbsp;CNN Brasil<\/li>\n<li><a href=\"https:\/\/news.google.com\/rss\/articles\/CBMirAFBVV95cUxQNmk5QjJOdF9ZN2JEaUJJSUYwY1N5QVphZ1dycDJnemYzZ1c4cXZVQnVDcE9TYW9VUnpfdzAzb3JNRTF3bVBQZVZtNUZqZ01feXRLa0JpQVdOT3RaNnNCUjJxZmllTkhZaGpYZTItUGFoVV9TUGRWejEtbDFLZDkwZjk4Nks2WDlsSDBqTXdITTVxMDRWN2VObHE2dmNqMUprNThYbThRUTlicl8t?oc=5\" target=\"_blank\" rel=\"nofollow noopener\">Vulc\u00e3o na Eti\u00f3pia entra em erup\u00e7\u00e3o pela primeira vez em mais de 10 mil anos<\/a>&nbsp;&nbsp;VEJA<\/li>\n<li><a href=\"https:\/\/news.google.com\/rss\/articles\/CBMiywFBVV95cUxNdVp1TGhtREl2ZGRMRGpoMjU4aDZ3NDVFT0s3NGRmZ25ZSlFobl9QQTNWR2tMM2RMSW5oN2lzMmtaRHItWHhXTVNaSzhhb1dHQXJ1elNMOFBWVkp0VlVRNWlVRnFqNllzS0Z0akowV3pDcnFGRVJKYWlCMlprb3ZJQ0kwWHFvclBQMWNPMUE5cmxyRm11OV9vWWtLTGlmaGYxOGVOcVpRZWs3M3M4eWZ6WHNISnJQTXhxbzJnaEJHUXFxeHBYSzJVU0RUaw?oc=5\" target=\"_blank\" rel=\"nofollow noopener\">Vulc\u00e3o entra em erup\u00e7\u00e3o pela primeira vez em 12 mil anos na Eti\u00f3pia<\/a>&nbsp;&nbsp;UOL Not\u00edcias<\/li>\n<\/ol>\n","protected":false},"excerpt":{"rendered":"Vulc\u00e3o entra em erup\u00e7\u00e3o na Eti\u00f3pia pela primeira vez em 12.000 anos&nbsp;&nbsp;SAPO Vulc\u00e3o entra em erup\u00e7\u00e3o pela 1\u00aa&hellip;\n","protected":false},"author":2,"featured_media":161252,"comment_status":"","ping_status":"","sticky":false,"template":"","format":"standard","meta":{"footnotes":""},"categories":[50],"tags":[27,28,15,16,14,25,26,21,22,62,12,13,19,20,23,24,17,18,29,30,31,63,64,65],"class_list":{"0":"post-164105","1":"post","2":"type-post","3":"status-publish","4":"format-standard","5":"has-post-thumbnail","7":"category-mundo","8":"tag-breaking-news","9":"tag-breakingnews","10":"tag-featured-news","11":"tag-featurednews","12":"tag-headlines","13":"tag-latest-news","14":"tag-latestnews","15":"tag-main-news","16":"tag-mainnews","17":"tag-mundo","18":"tag-news","19":"tag-noticias","20":"tag-noticias-principais","21":"tag-noticiasprincipais","22":"tag-principais-noticias","23":"tag-principaisnoticias","24":"tag-top-stories","25":"tag-topstories","26":"tag-ultimas","27":"tag-ultimas-noticias","28":"tag-ultimasnoticias","29":"tag-world","30":"tag-world-news","31":"tag-worldnews"},"share_on_mastodon":{"url":"https:\/\/pubeurope.com\/@pt\/115607261979730277","error":""},"_links":{"self":[{"href":"https:\/\/www.europesays.com\/pt\/wp-json\/wp\/v2\/posts\/164105","targetHints":{"allow":["GET"]}}],"collection":[{"href":"https:\/\/www.europesays.com\/pt\/wp-json\/wp\/v2\/posts"}],"about":[{"href":"https:\/\/www.europesays.com\/pt\/wp-json\/wp\/v2\/types\/post"}],"author":[{"embeddable":true,"href":"https:\/\/www.europesays.com\/pt\/wp-json\/wp\/v2\/users\/2"}],"replies":[{"embeddable":true,"href":"https:\/\/www.europesays.com\/pt\/wp-json\/wp\/v2\/comments?post=164105"}],"version-history":[{"count":0,"href":"https:\/\/www.europesays.com\/pt\/wp-json\/wp\/v2\/posts\/164105\/revisions"}],"wp:featuredmedia":[{"embeddable":true,"href":"https:\/\/www.europesays.com\/pt\/wp-json\/wp\/v2\/media\/161252"}],"wp:attachment":[{"href":"https:\/\/www.europesays.com\/pt\/wp-json\/wp\/v2\/media?parent=164105"}],"wp:term":[{"taxonomy":"category","embeddable":true,"href":"https:\/\/www.europesays.com\/pt\/wp-json\/wp\/v2\/categories?post=164105"},{"taxonomy":"post_tag","embeddable":true,"href":"https:\/\/www.europesays.com\/pt\/wp-json\/wp\/v2\/tags?post=164105"}],"curies":[{"name":"wp","href":"https:\/\/api.w.org\/{rel}","templated":true}]}}