{"id":164106,"date":"2025-11-24T23:26:11","date_gmt":"2025-11-24T23:26:11","guid":{"rendered":"https:\/\/www.europesays.com\/pt\/164106\/"},"modified":"2025-11-24T23:26:11","modified_gmt":"2025-11-24T23:26:11","slug":"cotrim-bateu-um-jorge-pinto-encantado-com-o-sns-observador","status":"publish","type":"post","link":"https:\/\/www.europesays.com\/pt\/164106\/","title":{"rendered":"Cotrim bateu um Jorge Pinto encantado com o SNS \u2013 Observador"},"content":{"rendered":"<p class=\"special-bullet\"><strong>Lu\u00eds Rosa\u00a0<\/strong>\u2014 J\u00e1 os GNR cantavam em 1986 que os \u201cp\u00f3s modernos agarram na ind\u00fastria \/ E fazem dela uma outra ang\u00fastia\u201d. Jorge Pinto, diz Jo\u00e3o Cotrim Figueiredo, n\u00e3o \u00e9 um p\u00f3s moderno, \u00e9 um p\u00f3s produtivista que \u201cprivilegia as preocupa\u00e7\u00f5es ambientais em vez da produ\u00e7\u00e3o\u201d, logo defende o empobrecimento, ao mesmo tempo que defende um modelo de desenvolvimento chin\u00eas \u00e0 custa de crimes ambientais. Pinto, o \u00faltimo candidato a entrar na corrida \u00e0s presidenciais com o apoio do Livre, nem sequer conseguiu explicou o que \u00e9 ser p\u00f3s produtivista (um auto-retrato do pr\u00f3prio\u00a0Pinto). E s\u00f3 este ataque bem sucedido, porque feito na \u00e1rea core do Livre (o ambiente), serviria para dar uma vit\u00f3ria clara a Jo\u00e3o Cotrim Figueiredo \u2014 e logo frente a um candidato que disputa consigo o eleitorado jovem e urbano. Mas o Cotrim conseguiu ir mais longe, com calma, diplomacia mas sem perder a assertividade. O ex-l\u00edder da IL denunciou a corrup\u00e7\u00e3o e o desperd\u00edcio financeiro na Sa\u00fade e, perante a resposta rom\u00e2ntica do \u201cbombeiro\u201d Jorge Pinto sobre o SNS, conseguiu colar o candidato apoiado pelo Livre a uma ideia de in\u00e9rcia perante os problemas reais do SNS. Pior: perante a ideia de Jorge Pinto de uns Estados Gerais da Sa\u00fade para resolver os \u201cproblemas do SNS\u201d, caso o Governo n\u00e3o consiga resolver os mesmos, Cotrim acusou-o, com raz\u00e3o, de \u201cintervencionismo\u201d e de querer, como Presidente da Rep\u00fablica,\u00a0diminuir e substituir-se \u00e0s oposi\u00e7\u00f5es. Foi o que M\u00e1rio Soares fez no seu segundo mandato, transformando-se no verdadeiro l\u00edder da oposi\u00e7\u00e3o ao Governo de Cavaco Silva \u2014 a maior viola\u00e7\u00e3o dos poderes presidenciais de que h\u00e1 mem\u00f3ria e que, aparentemente, \u00e9 uma inspira\u00e7\u00e3o para Jorge Pinto.<\/p>\n<p>Nos restantes temas, nomeadamente a competitividade econ\u00f3mica, Cotrim Figueiredo manteve-se sereno e calmo. Perante o populismo de Jorge Pinto de n\u00e3o ligar \u00e0s empresas mas sim \u201c\u00e0s pessoas\u201d, ao mesmo tempo que acusou o Governo de querer \u201ctransformar Portugal num Bangladesh\u201d com o novo C\u00f3digo Laboral, Cotrim respondeu com o \u00f3bvio: \u201cComo \u00e9 aumentamos os sal\u00e1rios? Por decreto? E quem cria os empregos, n\u00e3o s\u00e3o as empresas?\u201d. Pelo meio, n\u00e3o se percebeu como a nova utopia da esquerda do Livre, que consiste no contributo da \u201cautoma\u00e7\u00e3o\u201d para a subida dos sal\u00e1rios e a emancipa\u00e7\u00e3o do ser humano, se vai concretizar.<\/p>\n<p>E no final deste aut\u00eantico passeio no parque, Cotrim Figueiredo ainda teve tempo de seduzir o eleitorado que votou em Passos Coelho em 2015. E de se oferecer para ser apoiado pelo ex-primeiro-ministro. De Jorge Pinto, pouco se viu, talvez por n\u00e3o ter conseguido \u201cagarrar a ind\u00fastria\u201d da ret\u00f3rica e de ainda \u201cviver\u201d na \u201cang\u00fastia\u201d da utopia.<\/p>\n<p class=\"special-bullet\"><strong>Miguel Pinheiro<\/strong> \u2014 H\u00e1 uma frase batida que nos diz o seguinte: \u201cFaz-se campanha em poesia, governa-se em prosa\u201d. No mais recente debate presidencial, ficou claro que Jo\u00e3o Cotrim Figueiredo faz campanha em prosa e Jorge Pinto faz campanha em m\u00e1 poesia. O efl\u00favio po\u00e9tico do deputado do Livre que fica para a Hist\u00f3ria da campanha \u00e9 este: \u201cO SNS \u00e9 a mais bela das conquistas da nossa democracia\u201d. Cotrim teve de lhe explicar o \u00f3bvio, com a ades\u00e3o \u00e0 realidade de um prosador: quem n\u00e3o reconhece os problemas da Sa\u00fade nunca os vai resolver.<\/p>\n<p>Houve mais momentos em que Jorge Pinto se comportou como Assurancetourix, o bardo de Ast\u00e9rix que irritava de tal maneira os gauleses com a sua harpa e o seu canto que acabava sempre amarrado para deixarem de o ouvir. Sobre o pacote laboral, declamou: \u201cN\u00e3o quero falar das empresas, quero falar das pessoas\u201d. Infinitamente paciente, Cotrim perguntou-lhe: \u201cE as pessoas empregam-se onde? Todas no Estado?\u201d<\/p>\n<p>Tudo visto e somado, ficou claro que Jorge Pinto tem um problema e Jo\u00e3o Cotrim Figueiredo tem uma oportunidade. Foi um debate esclarecedor, excepto num ponto: Cotrim acusou o advers\u00e1rio de ser um \u201cp\u00f3s-produtivista\u201d (o que me parece, sem d\u00favida, grave), Jorge Pinto reconheceu e prometeu esclarecer, s\u00f3 que depois a vida meteu-se pelo meio e fic\u00e1mos todos na ignor\u00e2ncia. Foi pena.<\/p>\n<p class=\"special-bullet\"><strong>Miguel Santos Carrapatoso\u00a0<\/strong>\u2014 Jorge Pinto entrou neste debate disposto a mexer com os nervos de Jo\u00e3o Cotrim Figueiredo \u2014 e foi conseguindo aqui e acol\u00e1. O liberal n\u00e3o esteve particularmente eficaz (veja-se a forma como se perdeu no racioc\u00ednio quando queria acusar o advers\u00e1rio de sectarismo) e cometeu erros perfeitamente dispens\u00e1veis. Quem parte com a vantagem e com as aspira\u00e7\u00f5es renovadas de Cotrim, sobretudo depois do desempenho positivo contra Henrique Gouveia e Melo, tem de fazer uma exibi\u00e7\u00e3o categ\u00f3rica contra um candidato que o Livre teve de inventar \u00e0 pressa s\u00f3 para dar um ar da sua gra\u00e7a nesta campanha \u2014 ouvir Jorge Pinto a defender a China enquanto modelo de desenvolvimento n\u00e3o constava do cart\u00e3o do bingo para o debate desta noite. \u00c9 verdade que, quando Cotrim conseguiu construir uma linha de racioc\u00ednio coerente do in\u00edcio ao fim, mostrou dom\u00ednio dos dossi\u00eas e uma vis\u00e3o de sociedade que, atendendo aos resultados eleitorais, ser\u00e1 maiorit\u00e1ria no pa\u00eds. Como ponto de consola\u00e7\u00e3o, ainda se despediu falando diretamente ao cora\u00e7\u00e3o dos passistas. Ajudou, mas, no futuro, ter\u00e1 de fazer bem mais e melhor contra advers\u00e1rios que ser\u00e3o seguramente mais exigentes.<\/p>\n<p class=\"special-bullet\"><strong>Pedro Jorge Castro<\/strong> \u2014 Jo\u00e3o Cotrim de Figueiredo tem uns 240 mil seguidores, somando Instagram, Twitter, Facebook e Tik-Tok. Provavelmente ser\u00e3o bastante menos, porque deve ter elementos da claque que o seguem em todas as redes. Um debate em hor\u00e1rio nobre, mesmo contra um Jorge Pinto que ningu\u00e9m visualiza em Bel\u00e9m, facilmente duplica, triplica ou at\u00e9 quadruplica aqueles n\u00fameros \u2014 pelo que n\u00e3o se pode desperdi\u00e7ar.<\/p>\n<p>Fica mais dif\u00edcil de perceber a atitude blas\u00e9 do ex-presidente da Iniciativa Liberal neste debate. Foi cansa\u00e7o? Foi desleixo? Foi pregui\u00e7a? Foi enfado? Foi excesso de confian\u00e7a? Foi altivez perante este advers\u00e1rio? Um bocadinho disto tudo misturado?<\/p>\n<p>Pareceu surpreendido com a boca da cobardia atirada pelo diretor de campanha de Marques Mendes (num artigo que saiu no Observador \u00e0s 14h02); disse que n\u00e3o fez as contas ao valor em que o Estado foi lesado pela m\u00e9dica do caso Ob\u00e9lix (e que apareceu nas not\u00edcias todas); deu a entender que n\u00e3o viu a entrevista de Jorge Pinto \u00e0 RTP; e, para c\u00famulo, mesmo no fim, perdeu-se num racioc\u00ednio e admitiu isso mesmo.<\/p>\n<p>A campanha n\u00e3o lhe est\u00e1 a correr mal desde que apareceu uma sondagem a coloc\u00e1-lo em quarto, tem capitalizado bem a discrimina\u00e7\u00e3o, mas tem de aproveitar todas as oportunidades para chegar a tantos indecisos que o est\u00e3o a comparar com os candidatos que n\u00e3o est\u00e3o no debate.<\/p>\n<p>A vit\u00f3ria neste confronto n\u00e3o esteve em causa. Apesar de o candidato do Livre ter tripulado ambul\u00e2ncias como volunt\u00e1rio, o que pode enternecer av\u00f3s indecisas, bastaria a Cotrim chamar-lhe p\u00f3s-produtivista e exibir o seu horror \u00e0s empresas para vencer. Mas teria experi\u00eancia e traquejo suficientes para dominar e n\u00e3o se mostrou em forma (apesar do piscar de olho aos f\u00e3s de Passos Coelho).<\/p>\n<p>Do outro lado, Jorge Pinto aproveitou a montra e surpreendeu: n\u00e3o \u00e9 propriamente \u201cmenos do mesmo\u201d, como ele gostaria, mas para j\u00e1 saiu-se menos mal, e pode mesmo vir a tornar-se a terceira figura do Livre depois destas elei\u00e7\u00f5es, num partido que apenas vive dos co-l\u00edderes Rui Tavares e Isabel Mendes Lopes.<\/p>\n<p><strong>Recorde aqui:<\/strong><\/p>\n<p>o <a href=\"https:\/\/observador.pt\/especiais\/e-o-vencedor-e-dos-debates-a-segunda-gouveia-e-melo-ganhou-mas-pela-margem-minima-a-catarina-martins-veja-as-notas\/\" rel=\"nofollow noopener\" target=\"_blank\">debate entre Catarina Martins e Gouveia e Melo<\/a><\/p>\n<p>o\u00a0<a href=\"https:\/\/observador.pt\/especiais\/e-o-vencedor-e-dos-debates-na-estreia-cotrim-figueiredo-tirou-o-leme-a-gouveia-e-melo-ao-fundo-veja-as-notas\/\" rel=\"nofollow noopener\" target=\"_blank\">debate entre Gouveia e Melo e Cotrim Figueiredo<\/a><\/p>\n<p>o\u00a0<a href=\"https:\/\/observador.pt\/especiais\/o-vencedor-e-dos-debates-seguro-ganhou-por-poucochinho-a-ventura-veja-as-notas\/\" rel=\"nofollow noopener\" target=\"_blank\">debate entre Andr\u00e9 Ventura e Ant\u00f3nio Jos\u00e9 Seguro<\/a><\/p>\n<p>o<a href=\"https:\/\/observador.pt\/especiais\/e-o-vencedor-e-dos-debates-marques-mendes-bateu-antonio-filipe-ao-nao-esquecer-o-tema-fatal-da-ucrania-veja-as-notas\/\" rel=\"nofollow noopener\" target=\"_blank\">\u00a0debate entre Marques Mendes e Ant\u00f3nio Filipe<\/a><\/p>\n","protected":false},"excerpt":{"rendered":"Lu\u00eds Rosa\u00a0\u2014 J\u00e1 os GNR cantavam em 1986 que os \u201cp\u00f3s modernos agarram na ind\u00fastria \/ E fazem&hellip;\n","protected":false},"author":2,"featured_media":164107,"comment_status":"","ping_status":"","sticky":false,"template":"","format":"standard","meta":{"footnotes":""},"categories":[10],"tags":[27,28,14074,1077,15,16,14,4578,7606,25,26,21,22,12,13,19,20,18819,302,32,1076,23,24,33,58,17,18,29,30,31],"class_list":{"0":"post-164106","1":"post","2":"type-post","3":"status-publish","4":"format-standard","5":"has-post-thumbnail","7":"category-portugal","8":"tag-breaking-news","9":"tag-breakingnews","10":"tag-debate","11":"tag-eleiu00e7u00f5es","12":"tag-featured-news","13":"tag-featurednews","14":"tag-headlines","15":"tag-iniciativa-liberal","16":"tag-jou00e3o-cotrim-de-figueiredo","17":"tag-latest-news","18":"tag-latestnews","19":"tag-main-news","20":"tag-mainnews","21":"tag-news","22":"tag-noticias","23":"tag-noticias-principais","24":"tag-noticiasprincipais","25":"tag-partido-livre","26":"tag-polu00edtica","27":"tag-portugal","28":"tag-presidenciais-2026","29":"tag-principais-noticias","30":"tag-principaisnoticias","31":"tag-pt","32":"tag-sociedade","33":"tag-top-stories","34":"tag-topstories","35":"tag-ultimas","36":"tag-ultimas-noticias","37":"tag-ultimasnoticias"},"share_on_mastodon":{"url":"","error":"Validation failed: Text character limit of 500 exceeded"},"_links":{"self":[{"href":"https:\/\/www.europesays.com\/pt\/wp-json\/wp\/v2\/posts\/164106","targetHints":{"allow":["GET"]}}],"collection":[{"href":"https:\/\/www.europesays.com\/pt\/wp-json\/wp\/v2\/posts"}],"about":[{"href":"https:\/\/www.europesays.com\/pt\/wp-json\/wp\/v2\/types\/post"}],"author":[{"embeddable":true,"href":"https:\/\/www.europesays.com\/pt\/wp-json\/wp\/v2\/users\/2"}],"replies":[{"embeddable":true,"href":"https:\/\/www.europesays.com\/pt\/wp-json\/wp\/v2\/comments?post=164106"}],"version-history":[{"count":0,"href":"https:\/\/www.europesays.com\/pt\/wp-json\/wp\/v2\/posts\/164106\/revisions"}],"wp:featuredmedia":[{"embeddable":true,"href":"https:\/\/www.europesays.com\/pt\/wp-json\/wp\/v2\/media\/164107"}],"wp:attachment":[{"href":"https:\/\/www.europesays.com\/pt\/wp-json\/wp\/v2\/media?parent=164106"}],"wp:term":[{"taxonomy":"category","embeddable":true,"href":"https:\/\/www.europesays.com\/pt\/wp-json\/wp\/v2\/categories?post=164106"},{"taxonomy":"post_tag","embeddable":true,"href":"https:\/\/www.europesays.com\/pt\/wp-json\/wp\/v2\/tags?post=164106"}],"curies":[{"name":"wp","href":"https:\/\/api.w.org\/{rel}","templated":true}]}}