{"id":164108,"date":"2025-11-24T23:28:23","date_gmt":"2025-11-24T23:28:23","guid":{"rendered":"https:\/\/www.europesays.com\/pt\/164108\/"},"modified":"2025-11-24T23:28:23","modified_gmt":"2025-11-24T23:28:23","slug":"apos-internacao-e-procedimento-virginia-reaparece-e-conta-a-verdade-fiz","status":"publish","type":"post","link":"https:\/\/www.europesays.com\/pt\/164108\/","title":{"rendered":"Ap\u00f3s interna\u00e7\u00e3o e procedimento, Virginia reaparece e conta a verdade: &#8216;Fiz&#8230;&#8217;"},"content":{"rendered":"<p>\n                        Repaginada? Ap\u00f3s interna\u00e7\u00e3o e procedimento, Virginia reaparece e conta a verdade para os seguidores na web; veja aqui\n                    <\/p>\n<ul class=\"article__header__author\">\n<li class=\"article__header__author__item\">\n                                                Por:<br \/>\n                                                                                    Felipe Gatto \/ Contigo\n                                                                        <\/li>\n<\/ul>\n<p>\n                                    24 nov<br \/>\n                                    2025<br \/>\n                                     &#8211; 15h00\n                                <\/p>\n<p>\n                                                                                                                        (atualizado \u00e0s 17h03)\n                                                                            <\/p>\n<p class=\"text\">S\u00f3 da ela! Na tarde desta segunda-feira, 24, a apresentadora e empres\u00e1ria <a href=\"https:\/\/www.terra.com.br\/tudo-sobre\/virginia-fonseca\" target=\"_self\" rel=\"nofollow noopener\">Virginia Fonseca<\/a> reapareceu na web depois de passar por um procedimento a laser no rosto, que a fez ficar &#8220;internada&#8221; em uma cl\u00ednica m\u00e9dica.<\/p>\n<p><img loading=\"lazy\" decoding=\"async\" alt=\"Virginia Fonseca\" class=\"img-b6dc95fa2c9e789e3ac689073fca5f90f0mxwwkx\" height=\"435\" src=\"https:\/\/www.europesays.com\/pt\/wp-content\/uploads\/2025\/11\/1963108772-virginia-fonseca-5.jpg\"  title=\"Virginia Fonseca\" width=\"774\"\/><\/p>\n<p>Virginia Fonseca<\/p>\n<p>Foto: Reprodu\u00e7\u00e3o\/ Instagram \/ Contigo<\/p>\n<p>O que a famosa explicou?<\/p>\n<p class=\"text\">Nos Stories do Instagram, a apresentadora do SBT detalhou o tratamento realizado na cara dela, explicando como funciona a t\u00e9cnica geral. &#8220;Meu rosto j\u00e1 t\u00e1 ficando vermelho. Babado esse laser, e eu vi falando que eu tinha feito cirurgia. Fiz cirurgia n\u00e3o, foi s\u00f3 esse laser no rosto mesmo e vou sair daqui e fazer uma c\u00e2mara hiperb\u00e1rica pra dar uma melhorada aqui e volto pro Rio hoje mesmo&#8221;, revelou.<\/p>\n<p class=\"text\">&#8220;Fiz cirurgia n\u00e3o viu (risos) foi s\u00f3 esse laser mesmo no rosto pra manchas de espinha&#8221;, garantiu a namorada do craque <strong>Vini Jr.,<\/strong> desmentindo que se submeteu a uma opera\u00e7\u00e3o no hospital.<\/p>\n<p class=\"text\">De acordo com o boletim m\u00e9dico, a interven\u00e7\u00e3o est\u00e9tica \u00e9 feita com laser e seda\u00e7\u00e3o para dar mais conforto e causar menos dores para a\u00a0 famosa.<\/p>\n<p>O que a Virginia disse sobre as marcas e espinhas?<\/p>\n<p class=\"text\">Antes, a loira comentou da pele dela em resposta aos f\u00e3s.<\/p>\n<blockquote>\n<p class=\"text\"><b>&#8220;Ent\u00e3o, quando eu tive a Flor, eu queria muito engravidar logo em seguida, e n\u00e3o estava vindo, n\u00e3o estava acontecendo. A\u00ed eu tomei horm\u00f4nio pra tentar engravidar. Esses horm\u00f4nios me deram muitas espinhas. Eu n\u00e3o tinha nada, nada! Gente, eu tive espinha! Quando minha menstrua\u00e7\u00e3o desceu, com 14 anos, eu tive um pouco de espinha na testa, e depois nunca mais. A\u00ed eu fui tomar esses horm\u00f4nios e deu problema,&#8221;<\/b> disparou Fonseca, visivelmente incomodada com a situa\u00e7\u00e3o passada.<\/p>\n<\/blockquote>\n<p class=\"text\">Virginia continuou, abordando a dificuldade em lidar com as sequelas, que s\u00e3o as manchas na pele:<\/p>\n<blockquote>\n<p class=\"text\"><b>&#8220;Tive muita espinha e ficaram as manchas. E pra tratar mancha n\u00e3o \u00e9 t\u00e3o simples assim, ainda mais eu, que n\u00e3o tenho tempo pra fazer tipos de laser mais pesados, pra tratar o rosto. Sempre tenho alguma grava\u00e7\u00e3o, alguma coisa. Ent\u00e3o \u00e9 por isso. Mas eu t\u00f4 tratando e vai dar certo. Elas v\u00e3o sair, amor. As manchas v\u00e3o sair, am\u00e9m! Nem que seja na faca, nem que seja eu passando a faca, elas v\u00e3o sair,&#8221;<\/b> finalizou a empres\u00e1ria, com seu caracter\u00edstico tom de brincadeira e determina\u00e7\u00e3o. Ela refor\u00e7ou que est\u00e1 em tratamento e confiante na melhora de sua pele.<\/p>\n<\/blockquote>\n<p class=\"text\">Al\u00e9m da confiss\u00e3o sobre a pele, a empres\u00e1ria <b>Virginia Fonseca<\/b> trouxe \u00e0 tona outra revela\u00e7\u00e3o que gerou burburinho nas redes sociais. Durante uma live dedicada \u00e0 divulga\u00e7\u00e3o de sua pr\u00f3pria marca de cosm\u00e9ticos nesta sexta-feira (21\/11), ela comentou sobre os h\u00e1bitos de seu namorado, o jogador do Real Madrid <b>Vini Jr.<\/b><\/p>\n<p class=\"text\">Para a surpresa de muitos, Virginia revelou o gosto peculiar do craque por fragr\u00e2ncias: <b>&#8220;Ele n\u00e3o usa perfume masculino,&#8221;<\/b> iniciou a rainha de bateria, corrigindo-se em seguida: <b>&#8220;O Vini \u00e9 raro de usar perfume masculino, ele usa mais feminino,&#8221;<\/b> continuou.<\/p>\n<p class=\"text\">A gafe rapidamente ganhou destaque nas redes sociais, visto que o jogador \u00e9 garoto-propaganda de uma renomada marca internacional de perfumes masculinos.<\/p>\n<p>Veja mais aqui!<\/p>\n","protected":false},"excerpt":{"rendered":"Repaginada? Ap\u00f3s interna\u00e7\u00e3o e procedimento, Virginia reaparece e conta a verdade para os seguidores na web; veja aqui&hellip;\n","protected":false},"author":2,"featured_media":164109,"comment_status":"","ping_status":"","sticky":false,"template":"","format":"standard","meta":{"footnotes":""},"categories":[145],"tags":[211,210,114,115,32,33],"class_list":{"0":"post-164108","1":"post","2":"type-post","3":"status-publish","4":"format-standard","5":"has-post-thumbnail","7":"category-celebridades","8":"tag-celebridades","9":"tag-celebrities","10":"tag-entertainment","11":"tag-entretenimento","12":"tag-portugal","13":"tag-pt"},"share_on_mastodon":{"url":"https:\/\/pubeurope.com\/@pt\/115607273904045319","error":""},"_links":{"self":[{"href":"https:\/\/www.europesays.com\/pt\/wp-json\/wp\/v2\/posts\/164108","targetHints":{"allow":["GET"]}}],"collection":[{"href":"https:\/\/www.europesays.com\/pt\/wp-json\/wp\/v2\/posts"}],"about":[{"href":"https:\/\/www.europesays.com\/pt\/wp-json\/wp\/v2\/types\/post"}],"author":[{"embeddable":true,"href":"https:\/\/www.europesays.com\/pt\/wp-json\/wp\/v2\/users\/2"}],"replies":[{"embeddable":true,"href":"https:\/\/www.europesays.com\/pt\/wp-json\/wp\/v2\/comments?post=164108"}],"version-history":[{"count":0,"href":"https:\/\/www.europesays.com\/pt\/wp-json\/wp\/v2\/posts\/164108\/revisions"}],"wp:featuredmedia":[{"embeddable":true,"href":"https:\/\/www.europesays.com\/pt\/wp-json\/wp\/v2\/media\/164109"}],"wp:attachment":[{"href":"https:\/\/www.europesays.com\/pt\/wp-json\/wp\/v2\/media?parent=164108"}],"wp:term":[{"taxonomy":"category","embeddable":true,"href":"https:\/\/www.europesays.com\/pt\/wp-json\/wp\/v2\/categories?post=164108"},{"taxonomy":"post_tag","embeddable":true,"href":"https:\/\/www.europesays.com\/pt\/wp-json\/wp\/v2\/tags?post=164108"}],"curies":[{"name":"wp","href":"https:\/\/api.w.org\/{rel}","templated":true}]}}