{"id":164120,"date":"2025-11-24T23:39:19","date_gmt":"2025-11-24T23:39:19","guid":{"rendered":"https:\/\/www.europesays.com\/pt\/164120\/"},"modified":"2025-11-24T23:39:19","modified_gmt":"2025-11-24T23:39:19","slug":"o-estranho-destino-onde-os-turistas-aumentaram-50-num-ano","status":"publish","type":"post","link":"https:\/\/www.europesays.com\/pt\/164120\/","title":{"rendered":"O estranho destino onde os turistas aumentaram 50% num ano"},"content":{"rendered":"<p data-remotead-prev-elm=\"true\" data-remotead-elm-id=\"inread\">Mais de dez mil turistas entraram na Som\u00e1lia em 2024, o que representa um aumento de 50% face ao ano anterior, segundo dados fo Departamemto de Turismo somali, citados na imprensa internacional.<\/p>\n<p>Trata-se de um crescimento de procura pr\u00f3ximo dos 150% relativamente ao per\u00edodo pr\u00e9-pandemia. Um sucesso, no m\u00ednimo, dif\u00edcil de explicar.<\/p>\n<p>A Som\u00e1lia continua a ser um enorme risco terrorista, com as mil\u00edcias al-Shabab ainda muito presentes em v\u00e1rias zonas do pa\u00eds, apesar de haver partes da capital, Mogad\u00edscio, consideradas livres da presen\u00e7a do grupo terrorista. Ainda assim, h\u00e1 registos de ataques na capital no in\u00edcio deste ano.<\/p>\n<p data-remotead-prev-elm=\"true\" data-remotead-elm-id=\"centro1\">Ataques terroristas a locais frequentados por estrangeiros, raptos, pirataria, sa\u00fade, instabilidade social, crime e falta de apoio consular s\u00e3o as raz\u00f5es que justificam os avisos emitidos pelos governos ocidentais. O ReinoUnido alerta para o &#8220;elevaod risco de rapto&#8221;, os EUA colocam o pa\u00eds no n\u00edvel 4 de destinos &#8211; &#8220;N\u00e3o viaje&#8221; &#8211; e Portugal desaconselha &#8220;totalmente&#8221; as desloca\u00e7\u00f5es \u00e0quela na\u00e7\u00e3o do Corno de \u00c1frica.<\/p>\n<p><img decoding=\"async\" class=\"ngx-body\" guid=\"132cb382-b3b8-4b2c-857e-b23f67305abb\" src=\"https:\/\/www.europesays.com\/pt\/wp-content\/uploads\/2025\/11\/1764027558_854_image.webp\" width=\"100%\"\/>O farol al-Munaara, abandonado, foi constru\u00eddo na era colonial italiana em Mogad\u00edscio e \u00e9 alvo de um projeto da Unesco (UN Photo\/Stuart Price<\/p>\n<p>&#8220;Os ataques terriroristas continuam a ocorrer tanto em Mogad\u00edscio como no resto do territ\u00f3rio. Estes ataques, que s\u00e3o indiscriminados, podem visar locais muito frequentados, particularmente por estrangeiros, ou eventos com notoriedade, incluindo eventos p\u00fablicos. Os h\u00f3teis tamb\u00e9m s\u00e3o alvos considerados pelos terroristas.<\/p>\n<p data-remotead-prev-elm=\"true\" data-remotead-elm-id=\"centro2\">Verifica-se tamb\u00e9m uma amea\u00e7a elevada de crime mar\u00edtimo, tanto em \u00e1guas territoriais como internacionais&#8221;, avisa o <a href=\"https:\/\/portaldascomunidades.mne.gov.pt\/pt\/vai-viajar\/conselhos-aos-viajantes\/africa\/somalia\" target=\"_blank\" rel=\"nofollow noopener\">Minist\u00e9rio dos Neg\u00f3cios Estrangeiros<\/a>, numa nota atualizada em outubro deste ano. E que deixa um alerta: &#8220;N\u00e3o existe representa\u00e7\u00e3o consular nacional pelo que nenhuma forma de protec\u00e7\u00e3o consular poder\u00e1 ser assegurada em caso de necessidade&#8221;.<\/p>\n<p><img decoding=\"async\" class=\"ngx-body\" guid=\"b9994c9b-e901-4989-8cc5-67c48d6fa9d8\" src=\"https:\/\/www.europesays.com\/pt\/wp-content\/uploads\/2025\/11\/1764027559_129_image.webp\" width=\"100%\"\/>Praia do Lido, Mogad\u00edscio (UN Photo\/Tobin Jones)<\/p>\n<p>Indiferentes aos avisos, os turistas apreciadores do extremo multiplicam-se. James Willcox, fundador da ag\u00eancia de aventura brit\u00e2nica Untamed Brothers, contou \u00e0 CNN ter organizado 13 viagens \u00e0 Som\u00e1lia s\u00f3 este ano. Em 2023, foram apenas duas. E justifica a procura com dois motivos: clientes que gostam de somar pa\u00edses no passaporte e clientes que procuram destinos extremos. Admite, a Som\u00e1lia \u00e9 o mais extremo de todo o portef\u00f3lio da ag\u00eancia, que tamb\u00e9m leva grupos ao Afeganist\u00e3o, \u00e0 L\u00edbia ou ao Sud\u00e3o.<\/p>\n<p>Atento a atra\u00e7\u00e3o que o pa\u00eds exerce em c\u00edrculos restritos, o governo somali lan\u00e7ou um sistema de visto eletr\u00f3nico para facilitar as entradas no pa\u00eds e tentar projetar um semblante de estabilidade num destino xde praias de \u00e1guas paradis\u00edacas e algum patrim\u00f3nio hist\u00f3rico. Isto num pa\u00eds que soma 3,5 milh\u00f5es de deslocados internos, segundo o ACNUR.<\/p>\n","protected":false},"excerpt":{"rendered":"Mais de dez mil turistas entraram na Som\u00e1lia em 2024, o que representa um aumento de 50% face&hellip;\n","protected":false},"author":2,"featured_media":164121,"comment_status":"","ping_status":"","sticky":false,"template":"","format":"standard","meta":{"footnotes":""},"categories":[50],"tags":[27,28,15,16,14,25,26,21,22,62,12,13,19,20,23,24,26466,17,18,34723,29,30,31,20007,63,64,65],"class_list":{"0":"post-164120","1":"post","2":"type-post","3":"status-publish","4":"format-standard","5":"has-post-thumbnail","7":"category-mundo","8":"tag-breaking-news","9":"tag-breakingnews","10":"tag-featured-news","11":"tag-featurednews","12":"tag-headlines","13":"tag-latest-news","14":"tag-latestnews","15":"tag-main-news","16":"tag-mainnews","17":"tag-mundo","18":"tag-news","19":"tag-noticias","20":"tag-noticias-principais","21":"tag-noticiasprincipais","22":"tag-principais-noticias","23":"tag-principaisnoticias","24":"tag-somalia","25":"tag-top-stories","26":"tag-topstories","27":"tag-turismo-extremo","28":"tag-ultimas","29":"tag-ultimas-noticias","30":"tag-ultimasnoticias","31":"tag-volta-ao-mundo-destinos","32":"tag-world","33":"tag-world-news","34":"tag-worldnews"},"share_on_mastodon":{"url":"https:\/\/pubeurope.com\/@pt\/115607317997619440","error":""},"_links":{"self":[{"href":"https:\/\/www.europesays.com\/pt\/wp-json\/wp\/v2\/posts\/164120","targetHints":{"allow":["GET"]}}],"collection":[{"href":"https:\/\/www.europesays.com\/pt\/wp-json\/wp\/v2\/posts"}],"about":[{"href":"https:\/\/www.europesays.com\/pt\/wp-json\/wp\/v2\/types\/post"}],"author":[{"embeddable":true,"href":"https:\/\/www.europesays.com\/pt\/wp-json\/wp\/v2\/users\/2"}],"replies":[{"embeddable":true,"href":"https:\/\/www.europesays.com\/pt\/wp-json\/wp\/v2\/comments?post=164120"}],"version-history":[{"count":0,"href":"https:\/\/www.europesays.com\/pt\/wp-json\/wp\/v2\/posts\/164120\/revisions"}],"wp:featuredmedia":[{"embeddable":true,"href":"https:\/\/www.europesays.com\/pt\/wp-json\/wp\/v2\/media\/164121"}],"wp:attachment":[{"href":"https:\/\/www.europesays.com\/pt\/wp-json\/wp\/v2\/media?parent=164120"}],"wp:term":[{"taxonomy":"category","embeddable":true,"href":"https:\/\/www.europesays.com\/pt\/wp-json\/wp\/v2\/categories?post=164120"},{"taxonomy":"post_tag","embeddable":true,"href":"https:\/\/www.europesays.com\/pt\/wp-json\/wp\/v2\/tags?post=164120"}],"curies":[{"name":"wp","href":"https:\/\/api.w.org\/{rel}","templated":true}]}}