{"id":164122,"date":"2025-11-24T23:40:42","date_gmt":"2025-11-24T23:40:42","guid":{"rendered":"https:\/\/www.europesays.com\/pt\/164122\/"},"modified":"2025-11-24T23:40:42","modified_gmt":"2025-11-24T23:40:42","slug":"ligacao-da-a13-ao-ip3-em-souselas-satisfaz-coimbra-noticias-de-coimbra","status":"publish","type":"post","link":"https:\/\/www.europesays.com\/pt\/164122\/","title":{"rendered":"Liga\u00e7\u00e3o da A13 ao IP3 em Souselas satisfaz Coimbra \u2013 Not\u00edcias de Coimbra"},"content":{"rendered":"<p><strong>\u00a0A presidente da C\u00e2mara de Coimbra, Ana Abrunhosa, congratulou-se hoje com a proposta por parte do Governo da liga\u00e7\u00e3o A13 ao IP3 em Souselas, que o munic\u00edpio defendia.<\/strong><\/p>\n<p>Segundo Ana Abrunhosa (PS\/Livre\/PAN), o ministro das Infraestruturas e Habita\u00e7\u00e3o, Miguel Pinto Luz, apresentou hoje como proposta a liga\u00e7\u00e3o da A13 ao IP3 (estrada que liga Viseu a Coimbra) na zona do Bot\u00e3o\/Souselas, numa reuni\u00e3o com autarcas e comunidades intermunicipais que decorreu em Viseu.<\/p>\n<p>De momento, a A13, que serve o Pinhal Interior e o M\u00e9dio Tejo, est\u00e1 por concluir, terminando em Ceira, no concelho de Coimbra.<\/p>\n<p>No final da reuni\u00e3o do executivo de hoje, Ana Abrunhosa salientou que o munic\u00edpio sempre defendeu o ponto de encontro entre as duas vias na zona de Souselas, com o ministro a ter transmitido que as outras propostas, de liga\u00e7\u00e3o mais a sul, seriam mais caras e mais complexas do ponto de vista ambiental.<\/p>\n<p>Para a autarca, a liga\u00e7\u00e3o na zona de Souselas permitiria tamb\u00e9m fazer avan\u00e7ar a plataforma log\u00edstica naquela localidade.<\/p>\n<p>\u201cS\u00e3o boas not\u00edcias\u201d, disse a presidente da C\u00e2mara de Coimbra, face \u00e0 vontade do Governo de prolongar a A13, considerando que, com essa obra, ser\u00e1 poss\u00edvel assegurar uma circular regional.<\/p>\n<p>Face a outras quest\u00f5es que n\u00e3o est\u00e3o fechadas sobre a transforma\u00e7\u00e3o do IP3 em perfil de autoestrada, Ana Abrunhosa admitiu a hip\u00f3tese de convocar uma reuni\u00e3o extraordin\u00e1ria para o assunto ser debatido entre todo o executivo.<\/p>\n<p>De acordo com a autarca, em causa est\u00e1 a possibilidade de requalificar o tra\u00e7ado do IP3 de Penacova at\u00e9 Coimbra ou, em alternativa, n\u00e3o requalificar esse tro\u00e7o e criar uma nova variante a sul, possivelmente portajada.<\/p>\n<p>Al\u00e9m disso, tamb\u00e9m n\u00e3o est\u00e1 fechada a solu\u00e7\u00e3o da variante em Penacova para assegurar o perfil de autoestrada no IP3 que permita suplantar as dificuldades encontradas junto \u00e0 Livraria do Mondego, naquele concelho do distrito de Coimbra.<\/p>\n<p>O ministro das Infraestruturas e da Habita\u00e7\u00e3o, Miguel Pinto Luz, revelou hoje que at\u00e9 15 de dezembro haver\u00e1 uma decis\u00e3o sobre o tra\u00e7ado do IP3 que ter\u00e1 perfil de autoestrada at\u00e9 2034.<\/p>\n<p>Entre as decis\u00f5es a serem tomadas pelas pr\u00f3prias comunidades intermunicipais servidas pelo IP3, o ministro falou da possibilidade de liga\u00e7\u00e3o da A13 a Penacova, com uma nova variante, ou se se avan\u00e7a com a requalifica\u00e7\u00e3o do IP3 entre Penacova e o n\u00f3 de Souselas.<\/p>\n<p>PUBLICIDADE<\/p>\n<p>\t\t\t<a class=\"publicidade-imagem d-flex justify-content-center\" href=\"https:\/\/jfsao.pt\/2025\/11\/20\/programa-do-171-o-aniversario-da-criacao-da-freguesia-de-santo-antonio-dos-olivais\/?fbclid=IwY2xjawOP6qBleHRuA2FlbQIxMABicmlkETA2WUREZENVNnNHenVpRmhIc3J0YwZhcHBfaWQQMjIyMDM5MTc4ODIwMDg5MgABHowdJbf48BOhpoKsZieNiLYY4-I_KIbjkrHWY-ywYjgDd1cWs0-cVj-VQIFy_aem_l6IqHsbPMDXxtNfinbJXqQ\" rel=\"nofollow noopener\" target=\"_blank\"><br \/>\n\t\t\t  <img loading=\"lazy\" decoding=\"async\" width=\"300\" height=\"424\" src=\"https:\/\/www.europesays.com\/pt\/wp-content\/uploads\/2025\/11\/olivais.jpg\" alt=\"publicidade\" class=\"img-fluid\"\/><br \/>\n\t\t\t<\/a><\/p>\n","protected":false},"excerpt":{"rendered":"\u00a0A presidente da C\u00e2mara de Coimbra, Ana Abrunhosa, congratulou-se hoje com a proposta por parte do Governo da&hellip;\n","protected":false},"author":2,"featured_media":164123,"comment_status":"","ping_status":"","sticky":false,"template":"","format":"standard","meta":{"footnotes":""},"categories":[10],"tags":[27,28,15,16,14,25,26,21,22,12,13,19,20,32,23,24,33,17,18,29,30,31],"class_list":{"0":"post-164122","1":"post","2":"type-post","3":"status-publish","4":"format-standard","5":"has-post-thumbnail","7":"category-portugal","8":"tag-breaking-news","9":"tag-breakingnews","10":"tag-featured-news","11":"tag-featurednews","12":"tag-headlines","13":"tag-latest-news","14":"tag-latestnews","15":"tag-main-news","16":"tag-mainnews","17":"tag-news","18":"tag-noticias","19":"tag-noticias-principais","20":"tag-noticiasprincipais","21":"tag-portugal","22":"tag-principais-noticias","23":"tag-principaisnoticias","24":"tag-pt","25":"tag-top-stories","26":"tag-topstories","27":"tag-ultimas","28":"tag-ultimas-noticias","29":"tag-ultimasnoticias"},"share_on_mastodon":{"url":"https:\/\/pubeurope.com\/@pt\/115607321247515949","error":""},"_links":{"self":[{"href":"https:\/\/www.europesays.com\/pt\/wp-json\/wp\/v2\/posts\/164122","targetHints":{"allow":["GET"]}}],"collection":[{"href":"https:\/\/www.europesays.com\/pt\/wp-json\/wp\/v2\/posts"}],"about":[{"href":"https:\/\/www.europesays.com\/pt\/wp-json\/wp\/v2\/types\/post"}],"author":[{"embeddable":true,"href":"https:\/\/www.europesays.com\/pt\/wp-json\/wp\/v2\/users\/2"}],"replies":[{"embeddable":true,"href":"https:\/\/www.europesays.com\/pt\/wp-json\/wp\/v2\/comments?post=164122"}],"version-history":[{"count":0,"href":"https:\/\/www.europesays.com\/pt\/wp-json\/wp\/v2\/posts\/164122\/revisions"}],"wp:featuredmedia":[{"embeddable":true,"href":"https:\/\/www.europesays.com\/pt\/wp-json\/wp\/v2\/media\/164123"}],"wp:attachment":[{"href":"https:\/\/www.europesays.com\/pt\/wp-json\/wp\/v2\/media?parent=164122"}],"wp:term":[{"taxonomy":"category","embeddable":true,"href":"https:\/\/www.europesays.com\/pt\/wp-json\/wp\/v2\/categories?post=164122"},{"taxonomy":"post_tag","embeddable":true,"href":"https:\/\/www.europesays.com\/pt\/wp-json\/wp\/v2\/tags?post=164122"}],"curies":[{"name":"wp","href":"https:\/\/api.w.org\/{rel}","templated":true}]}}