{"id":164135,"date":"2025-11-24T23:56:14","date_gmt":"2025-11-24T23:56:14","guid":{"rendered":"https:\/\/www.europesays.com\/pt\/164135\/"},"modified":"2025-11-24T23:56:14","modified_gmt":"2025-11-24T23:56:14","slug":"estou-sem-palavras-e-dos-momentos-mais-especiais-na-minha-vida","status":"publish","type":"post","link":"https:\/\/www.europesays.com\/pt\/164135\/","title":{"rendered":"\u00abEstou sem palavras, \u00e9 dos momentos mais especiais na minha vida\u00bb"},"content":{"rendered":"<p>Ap\u00f3s a passagem in\u00e9dita de Portugal \u00e0 final do Mundial de Sub-17, com a<a href=\"https:\/\/www.record.pt\/futebol\/selecoes\/sub17\/detalhe\/20251124-143437-portugal-brasil-em-direto?ref=HP_Ultimas\" title=\"Portugal vence Brasil nos pen\u00e1ltis e est\u00e1 na final do Mundial de Sub-17\" target=\"_blank\" rel=\"tag nofollow noopener\"> vit\u00f3ria nos pen\u00e1ltis contra o Brasil<\/a>, Bernardo Lima falou ao Canal 11 e n\u00e3o escondeu a emo\u00e7\u00e3o do momento.<\/p>\n<p><b>O que est\u00e1 a sentir?<\/b>\u00a0&#8220;Estou sem palavras, \u00e9 dos momentos mais especiais na minha vida. Tal como foi no Euro. Disse aos meus colegas para irem tranquilos. Ainda nos assust\u00e1mos com o Rom\u00e1rio, mas o importante \u00e9 que correu tudo bem no fim&#8221;.<\/p>\n<p><b>A vit\u00f3ria foi justa?<\/b> &#8220;Acho que fomos mais fortes, soubemos sempre quando defender e quando atacar e acho que gerimos muito bem o jogo&#8221;.<\/p>\n<p><b>Qual \u00e9 a chave deste grupo? <\/b>&#8220;Tenho muito orgulho na equipa, mas o que nos caracteriza \u00e9 a nossa humildade e \u00e9 isso que nos d\u00e1 for\u00e7a como equipa e nos faz crescer.&#8221;<\/p>\n","protected":false},"excerpt":{"rendered":"Ap\u00f3s a passagem in\u00e9dita de Portugal \u00e0 final do Mundial de Sub-17, com a vit\u00f3ria nos pen\u00e1ltis contra&hellip;\n","protected":false},"author":2,"featured_media":164136,"comment_status":"","ping_status":"","sticky":false,"template":"","format":"standard","meta":{"footnotes":""},"categories":[50],"tags":[27,28,15,16,14,25,26,21,22,62,12,13,19,20,23,24,17,18,29,30,31,63,64,65],"class_list":{"0":"post-164135","1":"post","2":"type-post","3":"status-publish","4":"format-standard","5":"has-post-thumbnail","7":"category-mundo","8":"tag-breaking-news","9":"tag-breakingnews","10":"tag-featured-news","11":"tag-featurednews","12":"tag-headlines","13":"tag-latest-news","14":"tag-latestnews","15":"tag-main-news","16":"tag-mainnews","17":"tag-mundo","18":"tag-news","19":"tag-noticias","20":"tag-noticias-principais","21":"tag-noticiasprincipais","22":"tag-principais-noticias","23":"tag-principaisnoticias","24":"tag-top-stories","25":"tag-topstories","26":"tag-ultimas","27":"tag-ultimas-noticias","28":"tag-ultimasnoticias","29":"tag-world","30":"tag-world-news","31":"tag-worldnews"},"share_on_mastodon":{"url":"https:\/\/pubeurope.com\/@pt\/115607383905768687","error":""},"_links":{"self":[{"href":"https:\/\/www.europesays.com\/pt\/wp-json\/wp\/v2\/posts\/164135","targetHints":{"allow":["GET"]}}],"collection":[{"href":"https:\/\/www.europesays.com\/pt\/wp-json\/wp\/v2\/posts"}],"about":[{"href":"https:\/\/www.europesays.com\/pt\/wp-json\/wp\/v2\/types\/post"}],"author":[{"embeddable":true,"href":"https:\/\/www.europesays.com\/pt\/wp-json\/wp\/v2\/users\/2"}],"replies":[{"embeddable":true,"href":"https:\/\/www.europesays.com\/pt\/wp-json\/wp\/v2\/comments?post=164135"}],"version-history":[{"count":0,"href":"https:\/\/www.europesays.com\/pt\/wp-json\/wp\/v2\/posts\/164135\/revisions"}],"wp:featuredmedia":[{"embeddable":true,"href":"https:\/\/www.europesays.com\/pt\/wp-json\/wp\/v2\/media\/164136"}],"wp:attachment":[{"href":"https:\/\/www.europesays.com\/pt\/wp-json\/wp\/v2\/media?parent=164135"}],"wp:term":[{"taxonomy":"category","embeddable":true,"href":"https:\/\/www.europesays.com\/pt\/wp-json\/wp\/v2\/categories?post=164135"},{"taxonomy":"post_tag","embeddable":true,"href":"https:\/\/www.europesays.com\/pt\/wp-json\/wp\/v2\/tags?post=164135"}],"curies":[{"name":"wp","href":"https:\/\/api.w.org\/{rel}","templated":true}]}}