{"id":164138,"date":"2025-11-24T23:59:13","date_gmt":"2025-11-24T23:59:13","guid":{"rendered":"https:\/\/www.europesays.com\/pt\/164138\/"},"modified":"2025-11-24T23:59:13","modified_gmt":"2025-11-24T23:59:13","slug":"mais-uma-paixao-foi-isto-que-fez-cristina-ferreira-conquistar-3-milhoes-de-visualizacoes-novelas","status":"publish","type":"post","link":"https:\/\/www.europesays.com\/pt\/164138\/","title":{"rendered":"\u00abMais uma paix\u00e3o\u00bb: Foi isto que fez Cristina Ferreira conquistar 3 milh\u00f5es de visualiza\u00e7\u00f5es &#8211; Novelas"},"content":{"rendered":"<p data-end=\"400\" data-start=\"215\">A apresentadora <a href=\"https:\/\/tvi.iol.pt\/novelas\/cristina-ferreira\/desabafo\/a-cabeca-nao-descansa-cristina-ferreira-abre-o-coracao-e-mostra-como-tem-enfrentado-desafios\" rel=\"nofollow noopener\" target=\"_blank\"><strong data-end=\"252\" data-start=\"231\">Cristina Ferreira<\/strong> <\/a>surpreendeu os seus seguidores ao partilhar, atrav\u00e9s do <strong data-end=\"322\" data-start=\"309\">Instagram<\/strong>, uma atualiza\u00e7\u00e3o que revela o enorme impacto das suas publica\u00e7\u00f5es recentes. Nos \u00faltimos dias, Cristina Ferreira dedicou-se a momentos de lazer no <strong data-end=\"481\" data-start=\"472\">Douro<\/strong>, acompanhada do namorado, <strong data-end=\"525\" data-start=\"508\">Jo\u00e3o Monteiro<\/strong>. A viagem proporcionou experi\u00eancias \u00fanicas, que a apresentadora n\u00e3o hesitou em partilhar com os seus f\u00e3s nas redes sociais.<\/p>\n<p data-end=\"814\" data-start=\"653\">As imagens publicadas rapidamente se tornaram virais, somando <strong data-end=\"745\" data-start=\"715\">3 milh\u00f5es de visualiza\u00e7\u00f5es<\/strong>, um feito que a pr\u00f3pria Cristina Ferreira destacou com entusiasmo: &#8220;<strong data-end=\"866\" data-start=\"817\">3 milh\u00f5es. Foram muitos a &#8216;viajar&#8217; pelo Douro<\/strong>&#8220;, come\u00e7ou por referir a comunicadora. Cristina assumiu ainda que esta partilha trouxe-lhe grande satisfa\u00e7\u00e3o: &#8220;<strong data-end=\"1108\" data-start=\"977\">Fico muito feliz com o vosso feedback e carinho. Recebi tamb\u00e9m muitas mensagens de emigrantes que mataram saudades da sua terra<\/strong>.&#8221;<\/p>\n<p data-end=\"814\" data-start=\"653\"><img loading=\"lazy\" decoding=\"async\" alt=\"\" height=\"176\" src=\"https:\/\/www.europesays.com\/pt\/wp-content\/uploads\/2025\/11\/692467d9d34e3caad84ba06e.webp\" width=\"100\"\/><\/p>\n<p data-end=\"1296\" data-start=\"1114\">Al\u00e9m disso, Cristina Ferreira revelou que esta experi\u00eancia refor\u00e7ou a sua paix\u00e3o pela fotografia: &#8220;<strong data-end=\"1292\" data-start=\"1213\">E eu, mais uma vez, dei espa\u00e7o \u00e0 fotografia, que \u00e9 cada vez mais uma paix\u00e3o<\/strong>.&#8221; Com estas publica\u00e7\u00f5es, <strong data-end=\"1407\" data-start=\"1321\">Cristina Ferreira n\u00e3o s\u00f3 partilha momentos de lazer e intimidade com os seguidores<\/strong>, como tamb\u00e9m aproxima quem est\u00e1 longe do pa\u00eds, permitindo-lhes sentir um pouco da magia do Douro atrav\u00e9s da sua lente.<\/p>\n<p data-end=\"1696\" data-is-last-node=\"\" data-is-only-node=\"\" data-start=\"1490\">Recorde-se que apresentadora em conjunto com Jo\u00e3o Monteiro e surpreendeu o pa\u00eds ao divulgar um v\u00eddeo onde surge vestida de noiva ao lado do namorado numa produ\u00e7\u00e3o que deixou os seguidores em verdadeira euforia. Tudo fazia parte da campanha de lan\u00e7amento dos dois novos perfumes da sua marca\u00a0<strong data-end=\"446\" data-start=\"436\">\u201cGIRA\u201d<\/strong>, a dupla\u00a0<strong data-end=\"464\" data-start=\"456\">\u201cWe\u201d<\/strong>, um feminino e outro masculino.<\/p>\n<p data-end=\"1696\" data-is-last-node=\"\" data-is-only-node=\"\" data-start=\"1490\">Ora veja:\u00a0<\/p>\n","protected":false},"excerpt":{"rendered":"A apresentadora Cristina Ferreira surpreendeu os seus seguidores ao partilhar, atrav\u00e9s do Instagram, uma atualiza\u00e7\u00e3o que revela o&hellip;\n","protected":false},"author":2,"featured_media":164139,"comment_status":"","ping_status":"","sticky":false,"template":"","format":"standard","meta":{"footnotes":""},"categories":[145],"tags":[2642,160,211,210,166,4928,114,115,157,167,6470,164,161,158,165,159,32,33,156,163,162],"class_list":{"0":"post-164138","1":"post","2":"type-post","3":"status-publish","4":"format-standard","5":"has-post-thumbnail","7":"category-celebridades","8":"tag-amor","9":"tag-ana-guiomar","10":"tag-celebridades","11":"tag-celebrities","12":"tag-cristina-ferreira","13":"tag-douro","14":"tag-entertainment","15":"tag-entretenimento","16":"tag-festa-e-festa","17":"tag-ficcao","18":"tag-joao-monteiro","19":"tag-jose-fidalgo","20":"tag-novelas","21":"tag-para-sempre","22":"tag-pedro-sousa","23":"tag-pedro-teixeira","24":"tag-portugal","25":"tag-pt","26":"tag-queridos-papas","27":"tag-tiago-teotonio-pereira","28":"tag-tvi"},"share_on_mastodon":{"url":"https:\/\/pubeurope.com\/@pt\/115607396074005840","error":""},"_links":{"self":[{"href":"https:\/\/www.europesays.com\/pt\/wp-json\/wp\/v2\/posts\/164138","targetHints":{"allow":["GET"]}}],"collection":[{"href":"https:\/\/www.europesays.com\/pt\/wp-json\/wp\/v2\/posts"}],"about":[{"href":"https:\/\/www.europesays.com\/pt\/wp-json\/wp\/v2\/types\/post"}],"author":[{"embeddable":true,"href":"https:\/\/www.europesays.com\/pt\/wp-json\/wp\/v2\/users\/2"}],"replies":[{"embeddable":true,"href":"https:\/\/www.europesays.com\/pt\/wp-json\/wp\/v2\/comments?post=164138"}],"version-history":[{"count":0,"href":"https:\/\/www.europesays.com\/pt\/wp-json\/wp\/v2\/posts\/164138\/revisions"}],"wp:featuredmedia":[{"embeddable":true,"href":"https:\/\/www.europesays.com\/pt\/wp-json\/wp\/v2\/media\/164139"}],"wp:attachment":[{"href":"https:\/\/www.europesays.com\/pt\/wp-json\/wp\/v2\/media?parent=164138"}],"wp:term":[{"taxonomy":"category","embeddable":true,"href":"https:\/\/www.europesays.com\/pt\/wp-json\/wp\/v2\/categories?post=164138"},{"taxonomy":"post_tag","embeddable":true,"href":"https:\/\/www.europesays.com\/pt\/wp-json\/wp\/v2\/tags?post=164138"}],"curies":[{"name":"wp","href":"https:\/\/api.w.org\/{rel}","templated":true}]}}