{"id":164144,"date":"2025-11-25T00:06:17","date_gmt":"2025-11-25T00:06:17","guid":{"rendered":"https:\/\/www.europesays.com\/pt\/164144\/"},"modified":"2025-11-25T00:06:17","modified_gmt":"2025-11-25T00:06:17","slug":"sistema-nervoso-do-intestino-decide-se-sistema-imunologico-deve-atacar-ou-reparar","status":"publish","type":"post","link":"https:\/\/www.europesays.com\/pt\/164144\/","title":{"rendered":"Sistema nervoso do intestino decide se sistema imunol\u00f3gico deve atacar ou reparar"},"content":{"rendered":"<p data-remotead-prev-elm=\"true\" data-remotead-elm-id=\"inread\">&#8220;Quando o &#8216;carril de ataque&#8217; est\u00e1 ativo, as c\u00e9lulas imunit\u00e1rias percorrem o revestimento intestinal e eliminam bact\u00e9rias e c\u00e9lulas tumorais. Quando o &#8216;carril de repara\u00e7\u00e3o&#8217; \u00e9 acionado, o mesmo tecido concentra-se na regenera\u00e7\u00e3o, reconstruindo a delicada barreira epitelial que mant\u00e9m os microrganismos nocivos no exterior&#8221;, sintetiza, em comunicado hoje divulgado, a Funda\u00e7\u00e3o Champalimaud.<\/p>\n<p>O trabalho, descrito na publica\u00e7\u00e3o cient\u00edfica &#8220;Nature Immunology&#8221;, pode vir a ter implica\u00e7\u00f5es no combate a doen\u00e7as intestinais, infe\u00e7\u00f5es e cancros de origem inflamat\u00f3ria, uma vez que as c\u00e9lulas epiteliais intestinais humanas, que revestem o intestino e desempenham um papel importante na absor\u00e7\u00e3o de nutrientes e na prote\u00e7\u00e3o contra subst\u00e2ncias, c\u00e9lulas ou microrganismos nocivos, expressam um recetor de um neurotransmissor encontrado nos ratinhos que ajuda a regular as respostas imunit\u00e1rias.<\/p>\n<p>&#8220;O intestino n\u00e3o \u00e9 apenas um tubo que digere os alimentos, \u00e9 um \u00f3rg\u00e3o extremamente ativo, onde os sistemas nervoso e imunit\u00e1rio est\u00e3o em permanente comunica\u00e7\u00e3o&#8221;, refere, citado pela Funda\u00e7\u00e3o Champalimaud, um dos autores da investiga\u00e7\u00e3o, o imunologista Henrique Veiga-Fernandes.<\/p>\n<p data-remotead-prev-elm=\"true\" data-remotead-elm-id=\"centro1\">Nas experi\u00eancias feitas com ratinhos, Henrique Veiga-Fernandes e restante equipa verificaram que quando ativaram os neur\u00f3nios (c\u00e9lulas do sistema nervoso) no intestino que libertam o neurotransmissor VIP as c\u00e9lulas epiteliais come\u00e7aram a produzir citocinas (prote\u00ednas) que estimularam a resposta imunit\u00e1ria em modo de ataque do organismo, utilizado para destruir bact\u00e9rias, c\u00e9lulas infetadas ou tumorais.<\/p>\n<p>Quando bloquearam o mesmo recetor a resposta imunit\u00e1ria de repara\u00e7\u00e3o dos tecidos &#8220;tornou-se mais forte&#8221;.<\/p>\n<p>Sem este recetor, os ratinhos tornaram-se &#8220;mais vulner\u00e1veis a infe\u00e7\u00f5es bacterianas, como a Salmonela, mas mais resistentes a parasitas&#8221;.<\/p>\n<p data-remotead-prev-elm=\"true\" data-remotead-elm-id=\"centro2\">Segundo os cientistas da Funda\u00e7\u00e3o Champalimaud, as citocinas acabam por funcionar como a linguagem que as c\u00e9lulas epiteliais usam para comunicar com as c\u00e9lulas imunit\u00e1rias.<\/p>\n<p>&#8220;Diferentes c\u00e9lulas imunit\u00e1rias possuem diferentes recetores para estas citocinas, por isso, dependendo de quais s\u00e3o libertadas, o sistema imunit\u00e1rio sabe se deve atacar ou reparar&#8221;, assinala Roksana Pirzgalska, primeira autora do estudo, citada no mesmo comunicado.<\/p>\n","protected":false},"excerpt":{"rendered":"&#8220;Quando o &#8216;carril de ataque&#8217; est\u00e1 ativo, as c\u00e9lulas imunit\u00e1rias percorrem o revestimento intestinal e eliminam bact\u00e9rias e&hellip;\n","protected":false},"author":2,"featured_media":164145,"comment_status":"","ping_status":"","sticky":false,"template":"","format":"standard","meta":{"footnotes":""},"categories":[86],"tags":[116,62,619,32,33,117],"class_list":{"0":"post-164144","1":"post","2":"type-post","3":"status-publish","4":"format-standard","5":"has-post-thumbnail","7":"category-saude","8":"tag-health","9":"tag-mundo","10":"tag-nacional","11":"tag-portugal","12":"tag-pt","13":"tag-saude"},"share_on_mastodon":{"url":"https:\/\/pubeurope.com\/@pt\/115607423137605152","error":""},"_links":{"self":[{"href":"https:\/\/www.europesays.com\/pt\/wp-json\/wp\/v2\/posts\/164144","targetHints":{"allow":["GET"]}}],"collection":[{"href":"https:\/\/www.europesays.com\/pt\/wp-json\/wp\/v2\/posts"}],"about":[{"href":"https:\/\/www.europesays.com\/pt\/wp-json\/wp\/v2\/types\/post"}],"author":[{"embeddable":true,"href":"https:\/\/www.europesays.com\/pt\/wp-json\/wp\/v2\/users\/2"}],"replies":[{"embeddable":true,"href":"https:\/\/www.europesays.com\/pt\/wp-json\/wp\/v2\/comments?post=164144"}],"version-history":[{"count":0,"href":"https:\/\/www.europesays.com\/pt\/wp-json\/wp\/v2\/posts\/164144\/revisions"}],"wp:featuredmedia":[{"embeddable":true,"href":"https:\/\/www.europesays.com\/pt\/wp-json\/wp\/v2\/media\/164145"}],"wp:attachment":[{"href":"https:\/\/www.europesays.com\/pt\/wp-json\/wp\/v2\/media?parent=164144"}],"wp:term":[{"taxonomy":"category","embeddable":true,"href":"https:\/\/www.europesays.com\/pt\/wp-json\/wp\/v2\/categories?post=164144"},{"taxonomy":"post_tag","embeddable":true,"href":"https:\/\/www.europesays.com\/pt\/wp-json\/wp\/v2\/tags?post=164144"}],"curies":[{"name":"wp","href":"https:\/\/api.w.org\/{rel}","templated":true}]}}