{"id":164146,"date":"2025-11-25T00:10:11","date_gmt":"2025-11-25T00:10:11","guid":{"rendered":"https:\/\/www.europesays.com\/pt\/164146\/"},"modified":"2025-11-25T00:10:11","modified_gmt":"2025-11-25T00:10:11","slug":"militares-russos-apanhados-de-surpresa-ucranianos-lancam-operacao-ousada-na-frente-de-pokrovsk-cnn-portugal-2","status":"publish","type":"post","link":"https:\/\/www.europesays.com\/pt\/164146\/","title":{"rendered":"Militares russos apanhados de surpresa: ucranianos lan\u00e7am opera\u00e7\u00e3o ousada na frente de Pokrovsk &#8211; CNN Portugal"},"content":{"rendered":"<ol>\n<li><a href=\"https:\/\/news.google.com\/rss\/articles\/CBMi_wFBVV95cUxNc19HRGtSNmpCUU5vUGZaSER6d1JPNW5Od3cwLUFzbWg4bzR0bGxSaFFITlVEVkFueG0td00xTS1EVW1jNHFzeFRVcnNxTmJvQlNkdUxjVlFhS0hpSjRFaHdLelpHU0tVTkd2REp2cm16dVR6MjB2YWh2R3poLUlybGlrTE1KTUFvNFdKMXFIbFo3NTJSSUpLSC1ZM212cEZnNXF2VUliTUpzQU5JcmhkQ3k1ckJqb096QTU5ZWFNMExTN3RRd0F1OE9qa3BZUmhVSGdocnVmNVZGRVpfMjlkSldkVGpCUWNQQ29WcUNXZ1Q0NjRSNTNJMFh5ZDZVdGs?oc=5\" target=\"_blank\" rel=\"nofollow noopener\">Militares russos apanhados de surpresa: ucranianos lan\u00e7am opera\u00e7\u00e3o ousada na frente de Pokrovsk<\/a>&nbsp;&nbsp;CNN Portugal<\/li>\n<li><a href=\"https:\/\/news.google.com\/rss\/articles\/CBMiqwJBVV95cUxQME9MVUlubU11QjV4TkJPSjhpN0ljMnhsUTlpSTVHMW51UUV3NmxqMUxhQkNDR1FNQlU4bElVNm0zN1NYTm43ZGFSNzlibWNNWDl6RDBBNFRKQXExeUdENDZGV3lzYlhjc1ptblF2TTlmTkJXTF9mN2ZDeExHNkg4SWlMeUk3NmZ4eW1sQm1iNmY0ZGN2ZlB2Y25HZFZqejVvZk9rY0JfRnRkWGtNM1dDaTFWU3FNOWVBYS01a1R6REl4SE9GNTZjdVIxcjJqYVk2RUNTUDJmaTFJdU1FamtSSk9VdzJPT3Z6Y2l6M2dDME1xTGkyT2hiRVNsU1dqdEJtb3A3M1R5MkRWMVRjVklJYWc1UjEybkhCVkZ0dzVSMWk3X3ctc28wSmdSaw?oc=5\" target=\"_blank\" rel=\"nofollow noopener\">Na Ucr\u00e2nia, o dif\u00edcil n\u00e3o \u00e9 substituir um drone, mas seu piloto; por isso, R\u00fassia iniciou ca\u00e7ada com algo sem precedentes: o Rubikon<\/a>&nbsp;&nbsp;Terra<\/li>\n<li><a href=\"https:\/\/news.google.com\/rss\/articles\/CBMirAFBVV95cUxOZXV1NmE1WWFpS3NvNGd0MmUydFByTnRTbUVlTEpFTlRjTWNMTkVFN1JWMXltTUFxRXVwZ2xaVzRZZXU4XzItRkZMbFR5ZXFXTEVoVFlFY2xBeTZFNkZOUXZBLWtXQmhEN3VoVWFkckI2S1pnWTN5bjQtTGJsODhmMGxzMWczWFp0OTJ3M1RFaHZaaDdhUUNOWXEzYzJWSnJPNENDWUNoZFhQZ1Ft?oc=5\" target=\"_blank\" rel=\"nofollow noopener\">Ucr\u00e2nia precisa de mais drones e t\u00e1ticas melhores, diz comandante<\/a>&nbsp;&nbsp;CNN Brasil<\/li>\n<li><a href=\"https:\/\/news.google.com\/rss\/articles\/CBMi7AFBVV95cUxQemFQQUZCQ21iUXFVZDJlUkpRbjQwSEVQMDA4U1VOZGdHMjhqOGtEZlNXM0g1RU5HeDNTblBsb19Zbm93clJic21BRUw0X1hPVmpURE1GUDVxYTgtVjhrakJXUFhqYW5XaXlvZlROSWlLVkEtbGNOc2x5a1dlTVNSYmtoWXMtZHZMeEtXcnRuYUI2ajF6MmxwSW43aFlwMnFFWkxLRjdWNXpYdWpHLVpPdHYzSzFFVmZ6TDZUQzd0UnEtZ25QR2RsOWYzLWdYTWN1Qmt1SlBmZjRKWXNBc1NkSTd4dG4zc3l6dnRESQ?oc=5\" target=\"_blank\" rel=\"nofollow noopener\">Na &#8216;zona de morte&#8217; da Ucr\u00e2nia, os rob\u00f4s s\u00e3o uma t\u00e1bua de salva\u00e7\u00e3o para as tropas presas na perigosa frente oriental<\/a>&nbsp;&nbsp;Bahia Verdade<\/li>\n<li><a href=\"https:\/\/news.google.com\/rss\/articles\/CBMimARBVV95cUxObmZPVDcycFNucFFoeXdtSGlpeElxM2tCQ0RGcDdqcmtVdF8wRmRlbndCbHhBaUI2VVZObzg4UjNrQ0FFa3REcVk0QUw3c3JGX0tkb2R2dFZnYkpsVkVtT1JmMVlBamU5aW9yVGYtMjdNZ3hUaGVaRENBMEx6RFl1TjRGdkc0dVNLWUFFWGxMN3A1dGIxTnRwMGwwcUU4TFR4R21oSGxVRWVCTmxoT1h5R25IOVhRd3ZnYm03NDUwTmlqU3ZvWWlfWFBwUVA0dkg3dDExOE15Uk1qZ2c5UEFoOGFOSEY2TG1wVDl6aXB4bEI2aGhKTnRudUs4SFIxNEN1RGQ0OVJScTZZSUxSYUVzVDdPX05DUExzenh6MUFfR1BVVEZKenFxZGZpaGlmeTFuWERhX3piXzZlREJUdkRWTXV0YU5uUXZENkNZY3YxQ0h3c2xra1ljSURRbWRBbG1fZ2wwQ3VndlpVSlJBemtrcFcyeEt1YlB6dzUyRGFDU0JvM21remt3ZWZJRHlQNGtnMHptNTFLVzJEd3U4UVdSaDEzQW5iYWhIOXc1YVdCb3RVU3VsODhwRzV1RVJmWEVBZWZpdFlVM3JsMXBkb0pwUzhwX0VTSzdoaHVpTTNsbjRXOUlnd1F6RXZETU9RWW1fUm1UaEkwamVoeTRfNVFVazNjT0JfUG5mdFdId05QQXoxRzR5WWxOcg?oc=5\" target=\"_blank\" rel=\"nofollow noopener\">Drones de guerra, drones que levam droga para as pris\u00f5es e IA com consci\u00eancia da incerteza<\/a>&nbsp;&nbsp;SIC Not\u00edcias<\/li>\n<\/ol>\n","protected":false},"excerpt":{"rendered":"Militares russos apanhados de surpresa: ucranianos lan\u00e7am opera\u00e7\u00e3o ousada na frente de Pokrovsk&nbsp;&nbsp;CNN Portugal Na Ucr\u00e2nia, o dif\u00edcil&hellip;\n","protected":false},"author":2,"featured_media":161252,"comment_status":"","ping_status":"","sticky":false,"template":"","format":"standard","meta":{"footnotes":""},"categories":[50],"tags":[27,28,15,16,14,25,26,21,22,62,12,13,19,20,23,24,17,18,29,30,31,63,64,65],"class_list":{"0":"post-164146","1":"post","2":"type-post","3":"status-publish","4":"format-standard","5":"has-post-thumbnail","7":"category-mundo","8":"tag-breaking-news","9":"tag-breakingnews","10":"tag-featured-news","11":"tag-featurednews","12":"tag-headlines","13":"tag-latest-news","14":"tag-latestnews","15":"tag-main-news","16":"tag-mainnews","17":"tag-mundo","18":"tag-news","19":"tag-noticias","20":"tag-noticias-principais","21":"tag-noticiasprincipais","22":"tag-principais-noticias","23":"tag-principaisnoticias","24":"tag-top-stories","25":"tag-topstories","26":"tag-ultimas","27":"tag-ultimas-noticias","28":"tag-ultimasnoticias","29":"tag-world","30":"tag-world-news","31":"tag-worldnews"},"share_on_mastodon":{"url":"https:\/\/pubeurope.com\/@pt\/115607439060370696","error":""},"_links":{"self":[{"href":"https:\/\/www.europesays.com\/pt\/wp-json\/wp\/v2\/posts\/164146","targetHints":{"allow":["GET"]}}],"collection":[{"href":"https:\/\/www.europesays.com\/pt\/wp-json\/wp\/v2\/posts"}],"about":[{"href":"https:\/\/www.europesays.com\/pt\/wp-json\/wp\/v2\/types\/post"}],"author":[{"embeddable":true,"href":"https:\/\/www.europesays.com\/pt\/wp-json\/wp\/v2\/users\/2"}],"replies":[{"embeddable":true,"href":"https:\/\/www.europesays.com\/pt\/wp-json\/wp\/v2\/comments?post=164146"}],"version-history":[{"count":0,"href":"https:\/\/www.europesays.com\/pt\/wp-json\/wp\/v2\/posts\/164146\/revisions"}],"wp:featuredmedia":[{"embeddable":true,"href":"https:\/\/www.europesays.com\/pt\/wp-json\/wp\/v2\/media\/161252"}],"wp:attachment":[{"href":"https:\/\/www.europesays.com\/pt\/wp-json\/wp\/v2\/media?parent=164146"}],"wp:term":[{"taxonomy":"category","embeddable":true,"href":"https:\/\/www.europesays.com\/pt\/wp-json\/wp\/v2\/categories?post=164146"},{"taxonomy":"post_tag","embeddable":true,"href":"https:\/\/www.europesays.com\/pt\/wp-json\/wp\/v2\/tags?post=164146"}],"curies":[{"name":"wp","href":"https:\/\/api.w.org\/{rel}","templated":true}]}}