{"id":164155,"date":"2025-11-25T00:20:08","date_gmt":"2025-11-25T00:20:08","guid":{"rendered":"https:\/\/www.europesays.com\/pt\/164155\/"},"modified":"2025-11-25T00:20:08","modified_gmt":"2025-11-25T00:20:08","slug":"pesquisa-investiga-servicos-de-saude-publica-em-31-municipios-mineiros","status":"publish","type":"post","link":"https:\/\/www.europesays.com\/pt\/164155\/","title":{"rendered":"Pesquisa investiga servi\u00e7os de sa\u00fade p\u00fablica em 31 munic\u00edpios mineiros"},"content":{"rendered":"<p class=\"texto\">Uma an\u00e1lise sobre a situa\u00e7\u00e3o dos\u00a0processos de\u00a0vacina\u00e7\u00e3o e\u00a0das listas de espera por atendimento especializado de sa\u00fade, feita por t\u00e9cnicos da unidade da <strong><a href=\"https:\/\/www.em.com.br\/gerais\/2025\/08\/7234502-fiocruz-minas-chega-aos-70-anos-com-conquistas-e-necessidades.html\" target=\"_blank\" rel=\"nofollow noopener\">Funda\u00e7\u00e3o Oswaldo Cruz (Fiocruz) em Minas Gerais<\/a>,<\/strong>\u00a0pode ajudar a melhorar tais servi\u00e7os no estado. O estudo est\u00e1 em debate em\u00a0um semin\u00e1rio que ocorre entre esta segunda-feira (24\/11) e ter\u00e7a (25\/11) na\u00a0Associa\u00e7\u00e3o M\u00e9dica de Minas Gerais, em Belo Horizonte.<\/p>\n<p class=\"texto\">De acordo com a Fiocruz Minas, o encontro ser\u00e1\u00a0uma oportunidade para que os gestores municipais troquem experi\u00eancias e busquem solu\u00e7\u00f5es junto a representantes da Secretaria de Estado de Sa\u00fade de Minas Gerais (SES-MG) e do Minist\u00e9rio da Sa\u00fade.<\/p>\n<p class=\"texto\">&#8220;As realidades s\u00e3o muito diferentes entre os munic\u00edpios, mas v\u00e1rias das dificuldades s\u00e3o comuns&#8221;, explica\u00a0Fausto Pereira dos Santos, pesquisador da Fiocruz em Minas e\u00a0coordenador do estudo.<\/p>\n<p class=\"texto\">Ao todo,\u00a031 munic\u00edpios, de cinco microrregi\u00f5es do estado, foram pesquisados entre abril e julho de 2025:\u00a0a de\u00a0Belo Horizonte, que envolve Santa Luzia, Caet\u00e9, Ribeir\u00e3o das Neves, Moeda, Jaboticatubas e Sabar\u00e1; a de Betim, formada por Piedade das Gerais, Brumadinho, Florestal, Igarap\u00e9 e Esmeraldas; a de Contagem, que inclui Ibirit\u00e9 e Sarzedo; a de S\u00e3o Jo\u00e3o Del Rei, que engloba Coronel Xavier, Rezende Costa, Tiradentes, Santa Cruz de Minas, S\u00e3o Tiago, Barroso, Lagoa Dourada e Ritap\u00f3lis; e, por fim,\u00a0a de Barbacena, que abrange Paiva, Ressaquinha, Caranda\u00ed, Ibertioga e Alto Rio Doce.<\/p>\n<p class=\"texto\">Durante a\u00a0an\u00e1lise, os t\u00e9cnicos da Fiocruz percorreram\u00a0esses munic\u00edpios e\u00a0aplicaram question\u00e1rios. Os dados\u00a0coletados foram cruzados\u00a0e, posteriormente, devolvidos aos gestores locais.\u00a0O trabalho foi\u00a0realizado\u00a0ap\u00f3s o lan\u00e7amento, por parte do governo federal, do Programa Agora tem Especialistas, cujo objetivo \u00e9 acelerar o atendimento e aproximar a popula\u00e7\u00e3o dos m\u00e9dicos especialistas no Sistema \u00danico de Sa\u00fade (SUS).<\/p>\n<p class=\"texto\">O diagn\u00f3stico revelou que, na maioria desses munic\u00edpios, ocorre um d\u00e9ficit de pessoal nas equipes de Sa\u00fade da Fam\u00edlia. Em 70% deles h\u00e1 margem para aumento, ao passo que 26% j\u00e1 apresentam quantitativo considerado adequado. Apenas 1 munic\u00edpio possui equipes acima do preconizado, segundo o estudo.<\/p>\n<p class=\"texto\">Fausto explica que as\u00a0equipes constataram, entre as diversas particularidades, tr\u00eas situa\u00e7\u00f5es mais recorrentes\u00a0nesses munic\u00edpios. Naqueles com popula\u00e7\u00f5es muito pequenas, como, por exemplo, Lagoa Dourada, no Campo das Vertentes, onde n\u00e3o h\u00e1 hospitais ou atendimento em especialidades m\u00e9dicas, o programa do governo federal\u00a0surtiu poucos efeitos para as\u00a0equipes de sa\u00fade.\u00a0<\/p>\n<p class=\"texto\">J\u00e1 aqueles de porte m\u00e9dio,\u00a0como S\u00e3o Jo\u00e3o del-Rei, na mesma regi\u00e3o, que via de regra oferecem essa infraestrutura de sa\u00fade, enfrentam dificuldades\u00a0organizacionais para tirar proveito do programa &#8216;Agora tem Especialistas&#8217;. Os gestores locais podem precisar, por exemplo, refazer contratos com unidades de sa\u00fade que prestam atendimentos ao SUS.\u00a0<\/p>\n<p class=\"texto\">A terceira situa\u00e7\u00e3o constatada pelo\u00a0estudo costuma ocorrer em munic\u00edpios mais populosos e estruturados, entre os quais Belo Horizonte, Contagem e Betim. Nessas cidades, h\u00e1\u00a0maior facilidade para tirar proveito do programa federal: o estudo da Fiocruz, inclusive, j\u00e1\u00a0identificou iniciativas no sentido de reduzir a lista de espera por atendimento especializado.<\/p>\n<p>Vacina\u00e7\u00e3o<\/p>\n<p class=\"texto\">Ainda de acordo com o estudo,\u00a087% dos\u00a0munic\u00edpios envolvidos afirmam\u00a0promover\u00a0capacita\u00e7\u00e3o para todos os profissionais envolvidos em trabalhos de vacina\u00e7\u00e3o: a realiza\u00e7\u00e3o\u00a0cont\u00ednua desse tipo de forma\u00e7\u00e3o \u00e9 considerara\u00a0&#8220;fundamental&#8221; pela Fiocruz. Em\u00a097% deles h\u00e1 registros das metas e coberturas vacinais.\u00a0<\/p>\n<p class=\"texto\">As equipes da Fiocruz Minas, por\u00e9m, constataram\u00a0determinados problemas\u00a0em algumas localidades, como falta de ve\u00edculo para buscar imunizantes e registros de dificuldades de armazenamento, majoritariamente relacionados\u00a0a interrup\u00e7\u00f5es no fornecimento de energia el\u00e9trica. Em algumas cidades tamb\u00e9m ocorre a falta sazonal de alguns imunizantes. &#8220;As pessoas procuram as vacinas em determinado dia, mas n\u00e3o tem, e depois n\u00e3o voltam mais&#8221;, sintetiza o\u00a0coordenador do estudo.\u00a0<\/p>\n<p class=\"texto\">Outras causas para o atraso vacinal apontadas pelo estudo\u00a0dizem respeito a\u00a0fatores culturais, pol\u00edticos, ideol\u00f3gicos e religiosos, que, segundo a Fiocruz, foram intensificados durante a pandemia,\u00a0frequentemente alimentados por fake news. Os pesquisadores, inclusive, identificaram\u00a0l\u00edderes comunit\u00e1rios e at\u00e9 profissionais de sa\u00fade ecoando discursos contra os imunizantes. &#8220;Aqui no Brasil, os movimentos antivax s\u00e3o minorit\u00e1rios, mas t\u00eam alguma repercuss\u00e3o&#8221;,\u00a0adverte\u00a0Fausto.<\/p>\n<p style=\"text-align: center;\"><strong><a href=\"https:\/\/whatsapp.com\/channel\/0029Va8e466AO7RPLL06EL2h\" target=\"_blank\" rel=\"nofollow noopener\">Siga nosso canal no WhatsApp e receba not\u00edcias relevantes para o seu dia<\/a><\/strong><\/p>\n<p class=\"texto\">O coordenador do estudo alerta ainda para uma certa\u00a0acomoda\u00e7\u00e3o por parte dos cidad\u00e3os, motivada por puro desconhecimento.\u00a0&#8220;Doen\u00e7as graves, de alguma forma, j\u00e1 foram controladas pelas pr\u00f3prias vacinas e hoje h\u00e1 uma parcela grande da popula\u00e7\u00e3o que n\u00e3o conviveu com essas doen\u00e7as, como paralisia infantil e <a href=\"https:\/\/www.em.com.br\/saude\/2025\/09\/amp\/7247159-casos-de-sarampo-tiveram-aumento-de-34-vezes-em-2025-alerta-opas.html\" target=\"_blank\" rel=\"nofollow noopener\"><strong>epidemias de\u00a0sarampo<\/strong><\/a> e de meningite&#8221;, pondera. &#8220;A imuniza\u00e7\u00e3o \u00e9 essencial para manter essas e outras enfermidades sob controle&#8221;, conclui.<\/p>\n<p>Amplia\u00e7\u00e3o<\/p>\n<p class=\"texto\">A\u00a0pesquisa da Fiocruz Minas foi financiada por emenda parlamentar disponibilizada pela deputada federal Ana Pimentel (PT). De acordo com o coordenador do estudo, h\u00e1 a inten\u00e7\u00e3o de percorrer mais munic\u00edpios mineiros no ano que vem, mas a amplia\u00e7\u00e3o do trabalho ainda depende de recursos financeiros.<\/p>\n","protected":false},"excerpt":{"rendered":"Uma an\u00e1lise sobre a situa\u00e7\u00e3o dos\u00a0processos de\u00a0vacina\u00e7\u00e3o e\u00a0das listas de espera por atendimento especializado de sa\u00fade, feita por&hellip;\n","protected":false},"author":2,"featured_media":164156,"comment_status":"","ping_status":"","sticky":false,"template":"","format":"standard","meta":{"footnotes":""},"categories":[86],"tags":[34727,116,32,33,117,896,2820],"class_list":{"0":"post-164155","1":"post","2":"type-post","3":"status-publish","4":"format-standard","5":"has-post-thumbnail","7":"category-saude","8":"tag-fiocruz-minas","9":"tag-health","10":"tag-portugal","11":"tag-pt","12":"tag-saude","13":"tag-saude-publica","14":"tag-vacinacao"},"share_on_mastodon":{"url":"https:\/\/pubeurope.com\/@pt\/115607478180828707","error":""},"_links":{"self":[{"href":"https:\/\/www.europesays.com\/pt\/wp-json\/wp\/v2\/posts\/164155","targetHints":{"allow":["GET"]}}],"collection":[{"href":"https:\/\/www.europesays.com\/pt\/wp-json\/wp\/v2\/posts"}],"about":[{"href":"https:\/\/www.europesays.com\/pt\/wp-json\/wp\/v2\/types\/post"}],"author":[{"embeddable":true,"href":"https:\/\/www.europesays.com\/pt\/wp-json\/wp\/v2\/users\/2"}],"replies":[{"embeddable":true,"href":"https:\/\/www.europesays.com\/pt\/wp-json\/wp\/v2\/comments?post=164155"}],"version-history":[{"count":0,"href":"https:\/\/www.europesays.com\/pt\/wp-json\/wp\/v2\/posts\/164155\/revisions"}],"wp:featuredmedia":[{"embeddable":true,"href":"https:\/\/www.europesays.com\/pt\/wp-json\/wp\/v2\/media\/164156"}],"wp:attachment":[{"href":"https:\/\/www.europesays.com\/pt\/wp-json\/wp\/v2\/media?parent=164155"}],"wp:term":[{"taxonomy":"category","embeddable":true,"href":"https:\/\/www.europesays.com\/pt\/wp-json\/wp\/v2\/categories?post=164155"},{"taxonomy":"post_tag","embeddable":true,"href":"https:\/\/www.europesays.com\/pt\/wp-json\/wp\/v2\/tags?post=164155"}],"curies":[{"name":"wp","href":"https:\/\/api.w.org\/{rel}","templated":true}]}}