{"id":164183,"date":"2025-11-25T00:48:25","date_gmt":"2025-11-25T00:48:25","guid":{"rendered":"https:\/\/www.europesays.com\/pt\/164183\/"},"modified":"2025-11-25T00:48:25","modified_gmt":"2025-11-25T00:48:25","slug":"vila-sao-jose-tera-domingo-30-11-de-vacinacao-com-va-abc-do-abc","status":"publish","type":"post","link":"https:\/\/www.europesays.com\/pt\/164183\/","title":{"rendered":"Vila S\u00e3o Jos\u00e9 ter\u00e1 domingo (30\/11) de vacina\u00e7\u00e3o com Va&#8230; ABC do ABC"},"content":{"rendered":"<p>Os moradores da regi\u00e3o leste do munic\u00edpio ganham uma oportunidade estrat\u00e9gica para atualizar a caderneta de vacina\u00e7\u00e3o neste final de semana. O <strong>Vacim\u00f3vel Diadema<\/strong> estar\u00e1 estacionado na feira livre da Vila S\u00e3o Jos\u00e9 neste domingo, dia <strong>30 de novembro<\/strong>, operando das <strong>8h30 \u00e0s 12h<\/strong>.<\/p>\n<p>A iniciativa visa ampliar a cobertura vacinal contra diversas doen\u00e7as imunopreven\u00edveis, levando a sa\u00fade para mais perto da popula\u00e7\u00e3o. O ve\u00edculo adaptado ficar\u00e1 posicionado em um ponto de f\u00e1cil acesso na feira, que abrange as ruas dos Cris\u00e2ntemos (entre os n\u00fameros 33 e 183) e dos Jasmins (do n\u00famero 15 ao 177). A localiza\u00e7\u00e3o estrat\u00e9gica permite que frequentadores e transeuntes visualizem facilmente o <strong>Vacim\u00f3vel Diadema<\/strong> e aproveitem a visita para se proteger.<\/p>\n<p><strong><a href=\"https:\/\/abcdoabc.com.br\/fique-sabendo-ribeirao-pires-amplia-testagem-ists\/\" target=\"_blank\" rel=\"noreferrer noopener nofollow\">LEIA MAIS: Fique Sabendo em Ribeir\u00e3o Pires amplia testagem de ISTs<\/a><\/strong><\/p>\n<p>Doses dispon\u00edveis e documenta\u00e7\u00e3o<\/p>\n<p>A equipe de sa\u00fade estar\u00e1 preparada para aplicar sete tipos de imunizantes. Ao procurar o <strong>Vacim\u00f3vel Diadema<\/strong>, a popula\u00e7\u00e3o ter\u00e1 acesso \u00e0s vacinas contra <strong>covid-19, febre amarela, hepatite A, hepatite B, influenza (gripe), poliomielite e sarampo<\/strong>.<\/p>\n<p>Para receber o atendimento, \u00e9 necess\u00e1rio apresentar um documento de identidade com foto e a caderneta de vacina\u00e7\u00e3o. A apresenta\u00e7\u00e3o da carteirinha da Unidade B\u00e1sica de Sa\u00fade (UBS) tamb\u00e9m \u00e9 recomendada, se poss\u00edvel. \u00c9 importante ressaltar que <strong>crian\u00e7as e jovens devem estar acompanhados por um respons\u00e1vel maior de 18 anos<\/strong> para realizar o procedimento no Vacim\u00f3vel Diadema.<\/p>\n<p>Cronograma de dezembro e atendimento nas UBSs<\/p>\n<p>A administra\u00e7\u00e3o municipal j\u00e1 definiu o roteiro para o \u00faltimo m\u00eas do ano. O <a href=\"https:\/\/portal.diadema.sp.gov.br\/\" target=\"_blank\" rel=\"noreferrer noopener nofollow\">Vacim\u00f3vel Diadema<\/a> seguir\u00e1 percorrendo outras regi\u00f5es da cidade. As pr\u00f3ximas paradas confirmadas s\u00e3o:<\/p>\n<ul class=\"wp-block-list\">\n<li><strong>Eldorado:<\/strong> 07\/12<\/li>\n<li><strong>Piraporinha:<\/strong> 13\/12<\/li>\n<li><strong>Tabo\u00e3o:<\/strong> 21\/12<\/li>\n<\/ul>\n<p>Para quem n\u00e3o puder comparecer \u00e0 a\u00e7\u00e3o itinerante do Vacim\u00f3vel Diadema no fim de semana, as doses continuam dispon\u00edveis regularmente nas 20 UBSs do <a href=\"https:\/\/portal.diadema.sp.gov.br\/ubs-por-bairro\/\" data-type=\"link\" data-id=\"https:\/\/portal.diadema.sp.gov.br\/ubs-por-bairro\/\" target=\"_blank\" rel=\"noreferrer noopener nofollow\">munic\u00edpio<\/a>. O atendimento nas unidades fixas ocorre de segunda a sexta-feira, das <strong>8h \u00e0s 17h<\/strong>.<\/p>\n<p><strong>Servi\u00e7o:<\/strong><\/p>\n<p><strong>Vacim\u00f3vel Diadema na Feira Livre da Vila S\u00e3o Jos\u00e9<\/strong><\/p>\n<ul class=\"wp-block-list\">\n<li><strong>Data:<\/strong> 30 de novembro de 2025 (domingo)<\/li>\n<li><strong>Hor\u00e1rio:<\/strong> 8h30 \u00e0s 12h<\/li>\n<li><strong>Local:<\/strong> Ruas dos Cris\u00e2ntemos e dos Jasmins<\/li>\n<li><strong>Vacinas:<\/strong> Covid-19, febre amarela, hepatites A e B, influenza, poliomielite e sarampo.<\/li>\n<\/ul>\n<p> <\/p>\n<ul class=\"m-0 p-0\">\n<li class=\"mr-4 is-size-7\">Data: 24\/11\/2025 05:11<\/li>\n<li class=\"mr-4 is-size-7\">\n\t\t\t\t\t\t\t\t\t\tAlterado:24\/11\/2025 17:11\n\t\t\t\t\t\t\t\t\t<\/li>\n<li class=\"mr-4 is-size-7\"> Autor: Reda\u00e7\u00e3o <\/li>\n<li class=\"mr-4 is-size-7\">Fonte: PMD<\/li>\n<\/ul>\n<p>\t\t\t\t\t\t\t<img width=\"32\" height=\"32\" src=\"https:\/\/www.europesays.com\/pt\/wp-content\/uploads\/2025\/10\/good-feedback.png\" loading=\"lazy\" data-count-lazy=\"6\" fetchpriority=\"high\" decoding=\"async\" alt=\"RECOMENDADOS\"\/><\/p>\n<p>                             Tempo em Diadema   para amanh\u00e3 <br \/>25\/11<\/p>\n<p id=\"4052_descricao_tempo\">\n                                                                         Sol com algumas nuvens. Chove r\u00e1pido durante o dia e \u00e0 noite.                                <\/p>\n<p class=\"mb-4 has-text-centered\"> Madrugada <\/p>\n<p>                                        <img width=\"70\" height=\"67\" src=\"https:\/\/www.europesays.com\/pt\/wp-content\/uploads\/2025\/10\/6n.png\" loading=\"lazy\" data-count-lazy=\"7\" fetchpriority=\"high\" decoding=\"async\" id=\"4052_icone_madrugada\" alt=\"Chuva e trovoadas. \" title=\"Chuva e trovoadas. \"\/><\/p>\n<p class=\"mb-4 has-text-centered\"> Manh\u00e3 <\/p>\n<p>                                        <img width=\"70\" height=\"70\" src=\"https:\/\/www.europesays.com\/pt\/wp-content\/uploads\/2025\/11\/4t.png\" loading=\"lazy\" data-count-lazy=\"8\" fetchpriority=\"high\" decoding=\"async\" id=\"4052_icone_manha\" alt=\"Sol entre nuvens e pancadas de chuva, com trovoadas \" title=\"Sol entre nuvens e pancadas de chuva, com trovoadas \"\/><\/p>\n<p class=\"mb-4 has-text-centered\"> Tarde <\/p>\n<p>                                        <img width=\"70\" height=\"70\" src=\"https:\/\/www.europesays.com\/pt\/wp-content\/uploads\/2025\/11\/4t.png\" loading=\"lazy\" data-count-lazy=\"9\" fetchpriority=\"high\" decoding=\"async\" id=\"4052_icone_tarde\" alt=\"Sol entre nuvens e pancadas de chuva, com trovoadas \" title=\"Sol entre nuvens e pancadas de chuva, com trovoadas \"\/><\/p>\n<p class=\"mb-4 has-text-centered\"> Noite <\/p>\n<p>                                        <img width=\"70\" height=\"70\" src=\"https:\/\/www.europesays.com\/pt\/wp-content\/uploads\/2025\/11\/4tn.png\" loading=\"lazy\" data-count-lazy=\"10\" fetchpriority=\"high\" decoding=\"async\" id=\"4052_icone_noite\" alt=\"Pancadas de chuva durante a noite \" title=\"Pancadas de chuva durante a noite \"\/><\/p>\n<p>                                             <img width=\"64\" height=\"64\" src=\"https:\/\/www.europesays.com\/pt\/wp-content\/uploads\/2025\/09\/temperatura.png\" loading=\"lazy\" data-count-lazy=\"12\" fetchpriority=\"high\" decoding=\"async\" alt=\"\"\/><\/p>\n<p>                                         Temperatura em <br \/>Diadema <\/p>\n<p>                                             <img width=\"64\" height=\"64\" src=\"https:\/\/www.europesays.com\/pt\/wp-content\/uploads\/2025\/08\/chuva.png\" loading=\"lazy\" data-count-lazy=\"14\" fetchpriority=\"high\" decoding=\"async\" alt=\"\"\/><\/p>\n<p>                                         Chuva em <br \/>Diadema <\/p>\n<p id=\"4052_rain_prob\">Probabilidade:  100%<\/p>\n<p id=\"4052_rain_qtd\">Quantidade: 7mm<\/p>\n<p>                                            <img width=\"64\" height=\"64\" src=\"https:\/\/www.europesays.com\/pt\/wp-content\/uploads\/2025\/08\/vento.png\" loading=\"lazy\" data-count-lazy=\"16\" fetchpriority=\"high\" decoding=\"async\" alt=\"\"\/><\/p>\n<p>                                         Ventos em <br \/>Diadema <\/p>\n","protected":false},"excerpt":{"rendered":"Os moradores da regi\u00e3o leste do munic\u00edpio ganham uma oportunidade estrat\u00e9gica para atualizar a caderneta de vacina\u00e7\u00e3o neste&hellip;\n","protected":false},"author":2,"featured_media":96734,"comment_status":"","ping_status":"","sticky":false,"template":"","format":"standard","meta":{"footnotes":""},"categories":[86],"tags":[116,32,33,117],"class_list":{"0":"post-164183","1":"post","2":"type-post","3":"status-publish","4":"format-standard","5":"has-post-thumbnail","7":"category-saude","8":"tag-health","9":"tag-portugal","10":"tag-pt","11":"tag-saude"},"share_on_mastodon":{"url":"https:\/\/pubeurope.com\/@pt\/115607588517790607","error":""},"_links":{"self":[{"href":"https:\/\/www.europesays.com\/pt\/wp-json\/wp\/v2\/posts\/164183","targetHints":{"allow":["GET"]}}],"collection":[{"href":"https:\/\/www.europesays.com\/pt\/wp-json\/wp\/v2\/posts"}],"about":[{"href":"https:\/\/www.europesays.com\/pt\/wp-json\/wp\/v2\/types\/post"}],"author":[{"embeddable":true,"href":"https:\/\/www.europesays.com\/pt\/wp-json\/wp\/v2\/users\/2"}],"replies":[{"embeddable":true,"href":"https:\/\/www.europesays.com\/pt\/wp-json\/wp\/v2\/comments?post=164183"}],"version-history":[{"count":0,"href":"https:\/\/www.europesays.com\/pt\/wp-json\/wp\/v2\/posts\/164183\/revisions"}],"wp:featuredmedia":[{"embeddable":true,"href":"https:\/\/www.europesays.com\/pt\/wp-json\/wp\/v2\/media\/96734"}],"wp:attachment":[{"href":"https:\/\/www.europesays.com\/pt\/wp-json\/wp\/v2\/media?parent=164183"}],"wp:term":[{"taxonomy":"category","embeddable":true,"href":"https:\/\/www.europesays.com\/pt\/wp-json\/wp\/v2\/categories?post=164183"},{"taxonomy":"post_tag","embeddable":true,"href":"https:\/\/www.europesays.com\/pt\/wp-json\/wp\/v2\/tags?post=164183"}],"curies":[{"name":"wp","href":"https:\/\/api.w.org\/{rel}","templated":true}]}}