{"id":164184,"date":"2025-11-25T00:52:24","date_gmt":"2025-11-25T00:52:24","guid":{"rendered":"https:\/\/www.europesays.com\/pt\/164184\/"},"modified":"2025-11-25T00:52:24","modified_gmt":"2025-11-25T00:52:24","slug":"taiwan-china-avisa-japao-para-perigo-de-instalar-misseis-observador","status":"publish","type":"post","link":"https:\/\/www.europesays.com\/pt\/164184\/","title":{"rendered":"Taiwan. China avisa Jap\u00e3o para perigo de instalar m\u00edsseis \u2013 Observador"},"content":{"rendered":"<p>A China advertiu esta segunda-feira o Jap\u00e3o que o projeto de instalar m\u00edsseis perto de Taiwan \u00e9 um desenvolvimento \u201cextremamente perigoso\u201d, depois de declara\u00e7\u00f5es da primeira-ministra japonesa, Sanae Takaichi, sobre a ilha nacionalista.<\/p>\n<p>\u201cA implanta\u00e7\u00e3o de armas ofensivas pelo Jap\u00e3o nas ilhas do sudoeste vizinhas de Taiwan visa deliberadamente criar tens\u00f5es regionais e provocar um confronto militar\u201d, disse a porta-voz da diplomacia chinesa Mao Ning em Pequim.<\/p>\n<p>Mao reagia a declara\u00e7\u00f5es do ministro da Defesa do Jap\u00e3o, Shinjiro Koizumi, que afirmou no domingo que o objetivo de colocar m\u00edsseis terra-ar em Yonaguni, a ilha japonesa mais pr\u00f3xima de Taiwan, estava \u201cno bom caminho\u201d.<\/p>\n<p>A porta-voz chinesa acusou o Jap\u00e3o, cuja Constitui\u00e7\u00e3o pro\u00edbe pol\u00edticas belicistas, de ter ajustado \u201cde forma consider\u00e1vel\u201d a pol\u00edtica de seguran\u00e7a nos \u00faltimos anos e de procurar dotar-se de capacidades ofensivas.<\/p>\n<p>Na opini\u00e3o da China, estas tend\u00eancias refletem que \u201c<strong>as for\u00e7as direitistas japonesas est\u00e3o a tentar ativamente quebrar as restri\u00e7\u00f5es da Constitui\u00e7\u00e3o pacifista<\/strong>\u201c, o que, advertiu Mao, est\u00e1 a \u201cempurrar o Jap\u00e3o e a regi\u00e3o para o desastre\u201d.<\/p>\n<p>\u201cEsta tend\u00eancia, conjugada com as declara\u00e7\u00f5es err\u00f3neas da primeira-ministra, Sanae Takaichi, \u00e9 extremamente perigosa\u201d, disse Mao, citada pelas ag\u00eancias de not\u00edcias espanhola EFE e France-Presse (AFP).<\/p>\n<p>Os governos de Pequim e T\u00f3quio est\u00e3o envolvidos num clima de tens\u00e3o desde que Takaichi afirmou a 7 de novembro que opera\u00e7\u00f5es armadas contra Taiwan <a href=\"https:\/\/observador.pt\/2025\/11\/10\/toquio-afirma-que-ataque-militar-a-taiwan-justificaria-intervencao-de-forcas-japonesas\/\" rel=\"nofollow noopener\" target=\"_blank\">podiam justificar uma interven\u00e7\u00e3o militar japonesa<\/a> para defender a ilha.<\/p>\n<p>Pequim, que reivindica Taiwan como parte do territ\u00f3rio da China, v\u00ea nas palavras de Takaichi uma provoca\u00e7\u00e3o. \u201cA China est\u00e1 determinada e \u00e9 capaz de defender a soberania territorial nacional\u201d, disse a porta-voz do Minist\u00e9rio dos Neg\u00f3cios Estrangeiros da China durante uma confer\u00eancia de imprensa regular.<\/p>\n<p>Mao recordou que o Acordo de Potsdam, ap\u00f3s a Segunda Guerra Mundial (1939-1945), \u201cproibiu expressamente que o Jap\u00e3o voltasse a armar-se\u201d e insistiu que a Constitui\u00e7\u00e3o japonesa consagra o princ\u00edpio de \u201cdefesa exclusivamente defensiva\u201d.<\/p>\n<p>\u201cA China nunca permitir\u00e1 que as for\u00e7as japonesas de extrema-direita subvertam o curso da hist\u00f3ria, <strong>nem permitir\u00e1 a interfer\u00eancia de for\u00e7as externas nos assuntos de Taiwan<\/strong>, nem o ressurgimento do militarismo japon\u00eas\u201d, afirmou.<\/p>\n<p>A porta-voz diplom\u00e1tica chinesa anunciou tamb\u00e9m o adiamento indefinido da d\u00e9cima cimeira entre a China, o Jap\u00e3o e a Coreia do Sul, prevista para janeiro, numa cidade japonesa. \u201cNas circunst\u00e2ncias atuais, n\u00e3o existem as condi\u00e7\u00f5es para celebrar a cimeira\u201d, disse Mao, referindo que as declara\u00e7\u00f5es japonesas sobre Taiwan prejudicaram a coopera\u00e7\u00e3o entre os tr\u00eas pa\u00edses asi\u00e1ticos.<\/p>\n<p>J\u00e1 o governo de Taiwan defendeu as declara\u00e7\u00f5es do ministro da Defesa japon\u00eas, com o vice-chefe da diplomacia, Wu Chih-chung, a afirmar no parlamento em Taip\u00e9 que T\u00f3quio tem o direito de defender o territ\u00f3rio do Jap\u00e3o.<\/p>\n<p>Wu disse aos deputados que a ilha de Yonaguni \u00e9 muito pr\u00f3xima de Taiwan e que T\u00f3quio est\u00e1 a refor\u00e7ar as pr\u00f3prias instala\u00e7\u00f5es militares. \u201cAcreditamos que isto serve os nossos interesses nacionais, visto que o Jap\u00e3o n\u00e3o tem qualquer reivindica\u00e7\u00e3o territorial, nem qualquer hostilidade para com Taiwan\u201d, afirmou.<\/p>\n<p>Yonaguni alberga uma base das For\u00e7as de Autodefesa japonesas desde 2016, apesar das obje\u00e7\u00f5es iniciais dos habitantes.<\/p>\n<p>T\u00f3quio anunciou a inten\u00e7\u00e3o de instalar na ilha m\u00edsseis terra-ar de m\u00e9dio alcance para a defender contra ataques de m\u00edsseis e aeronaves.<\/p>\n<p>Mao Ning pediu de novo a T\u00f3quio que \u201cleve a s\u00e9rio\u201d as preocupa\u00e7\u00f5es da China, \u201cretire as declara\u00e7\u00f5es err\u00f3neas sobre Taiwan\u201d e mostre sinceridade atrav\u00e9s de \u201ca\u00e7\u00f5es concretas\u201d.<\/p>\n<p>Na sexta-feira, a l\u00edder japonesa recusou-se a retirar as declara\u00e7\u00f5es sobre Taiwan, por considerar que se trata da \u201cposi\u00e7\u00e3o coerente\u201d do Governo japon\u00eas.<\/p>\n<p>Takaichi reiterou ainda o desejo de ter rela\u00e7\u00f5es ben\u00e9ficas com a China num novo apelo ao di\u00e1logo.<\/p>\n","protected":false},"excerpt":{"rendered":"A China advertiu esta segunda-feira o Jap\u00e3o que o projeto de instalar m\u00edsseis perto de Taiwan \u00e9 um&hellip;\n","protected":false},"author":2,"featured_media":164185,"comment_status":"","ping_status":"","sticky":false,"template":"","format":"standard","meta":{"footnotes":""},"categories":[50],"tags":[5353,27,28,358,2537,15,16,14,3878,25,26,21,22,11983,62,12,13,19,20,23,24,58,2365,17,18,3546,29,30,31,63,64,65],"class_list":{"0":"post-164184","1":"post","2":"type-post","3":"status-publish","4":"format-standard","5":"has-post-thumbnail","7":"category-mundo","8":"tag-armamento","9":"tag-breaking-news","10":"tag-breakingnews","11":"tag-china","12":"tag-defesa","13":"tag-featured-news","14":"tag-featurednews","15":"tag-headlines","16":"tag-japu00e3o","17":"tag-latest-news","18":"tag-latestnews","19":"tag-main-news","20":"tag-mainnews","21":"tag-mu00edsseis","22":"tag-mundo","23":"tag-news","24":"tag-noticias","25":"tag-noticias-principais","26":"tag-noticiasprincipais","27":"tag-principais-noticias","28":"tag-principaisnoticias","29":"tag-sociedade","30":"tag-taiwan","31":"tag-top-stories","32":"tag-topstories","33":"tag-u00c1sia","34":"tag-ultimas","35":"tag-ultimas-noticias","36":"tag-ultimasnoticias","37":"tag-world","38":"tag-world-news","39":"tag-worldnews"},"share_on_mastodon":{"url":"https:\/\/pubeurope.com\/@pt\/115607604045767987","error":""},"_links":{"self":[{"href":"https:\/\/www.europesays.com\/pt\/wp-json\/wp\/v2\/posts\/164184","targetHints":{"allow":["GET"]}}],"collection":[{"href":"https:\/\/www.europesays.com\/pt\/wp-json\/wp\/v2\/posts"}],"about":[{"href":"https:\/\/www.europesays.com\/pt\/wp-json\/wp\/v2\/types\/post"}],"author":[{"embeddable":true,"href":"https:\/\/www.europesays.com\/pt\/wp-json\/wp\/v2\/users\/2"}],"replies":[{"embeddable":true,"href":"https:\/\/www.europesays.com\/pt\/wp-json\/wp\/v2\/comments?post=164184"}],"version-history":[{"count":0,"href":"https:\/\/www.europesays.com\/pt\/wp-json\/wp\/v2\/posts\/164184\/revisions"}],"wp:featuredmedia":[{"embeddable":true,"href":"https:\/\/www.europesays.com\/pt\/wp-json\/wp\/v2\/media\/164185"}],"wp:attachment":[{"href":"https:\/\/www.europesays.com\/pt\/wp-json\/wp\/v2\/media?parent=164184"}],"wp:term":[{"taxonomy":"category","embeddable":true,"href":"https:\/\/www.europesays.com\/pt\/wp-json\/wp\/v2\/categories?post=164184"},{"taxonomy":"post_tag","embeddable":true,"href":"https:\/\/www.europesays.com\/pt\/wp-json\/wp\/v2\/tags?post=164184"}],"curies":[{"name":"wp","href":"https:\/\/api.w.org\/{rel}","templated":true}]}}