{"id":164197,"date":"2025-11-25T01:08:21","date_gmt":"2025-11-25T01:08:21","guid":{"rendered":"https:\/\/www.europesays.com\/pt\/164197\/"},"modified":"2025-11-25T01:08:21","modified_gmt":"2025-11-25T01:08:21","slug":"ucrania-ataca-estacao-de-energia-e-aquecimento-russa-na-regiao-de-moscou-noticias-r7","status":"publish","type":"post","link":"https:\/\/www.europesays.com\/pt\/164197\/","title":{"rendered":"Ucr\u00e2nia ataca esta\u00e7\u00e3o de energia e aquecimento russa na regi\u00e3o de Moscou \u2013 Noticias R7"},"content":{"rendered":"<p>LEIA AQUI O RESUMO DA NOT\u00cdCIA<\/p>\n<ul class=\"b-article-body-custom-embed-brief-news__list\" style=\"margin: 0; padding-left: 20px; list-style-type: disc;\">\n<li>A Ucr\u00e2nia atacou uma esta\u00e7\u00e3o de aquecimento na regi\u00e3o de Moscou com drones, causando grande inc\u00eandio.<\/li>\n<li>O ataque cortou o aquecimento de milhares de pessoas e \u00e9 um dos maiores at\u00e9 agora em solo russo.<\/li>\n<li>O governador da regi\u00e3o, Andrei Vorobyov, informou que esfor\u00e7os est\u00e3o em andamento para restaurar o fornecimento de calor.<\/li>\n<li>Alguns drones foram destru\u00eddos pela defesa a\u00e9rea, mas v\u00e1rios atingiram a usina de Shatura.<\/li>\n<\/ul>\n<p style=\"font-size: 0.8em; font-style: italic; text-align: right; margin-top: 15px; padding-bottom: 5px; margin-bottom: 0;\">Produzido pela Ri7a &#8211; a Intelig\u00eancia Artificial do R7<\/p>\n<p><img decoding=\"async\" data-chromatic=\"ignore\" alt=\"\" class=\"c-image\" loading=\"lazy\" src=\"https:\/\/www.europesays.com\/pt\/wp-content\/uploads\/2025\/11\/ZA6W2SVJPZEDXEUGAQCO72YKZM.JPG\"  width=\"1262\" height=\"2244\"\/>Ataque ucraniano provoca inc\u00eandio e corta aquecimento de milhares de pessoas no interior da R\u00fassia REUTERS <\/p>\n<p class=\"jarvics:base-text-neutral-high-400 base-text-[calc(theme(fontSize.xs)_*_var(--font-size,_1))] base-font-normal base-font-primary base-text-neutral-low-500 base-text-left\">A <a href=\"https:\/\/www.r7.com\/tudo-sobre\/ucrania\/\" target=\"_self\" rel=\"nofollow noopener\" title=\"https:\/\/www.r7.com\/tudo-sobre\/ucrania\/\">Ucr\u00e2nia<\/a> atacou com drones uma <b>esta\u00e7\u00e3o de aquecimento e energia na regi\u00e3o de Moscou<\/b> neste domingo (23), provocando um grande inc\u00eandio e cortando o aquecimento de milhares de pessoas, em um dos <b>maiores ataques de Kiev<\/b> at\u00e9 o momento a uma esta\u00e7\u00e3o de energia no interior da <a href=\"https:\/\/www.r7.com\/tudo-sobre\/russia\/\" target=\"_self\" rel=\"nofollow noopener\" title=\"https:\/\/www.r7.com\/tudo-sobre\/russia\/\">R\u00fassia<\/a>.<\/p>\n<p class=\"jarvics:base-text-neutral-high-400 base-text-[calc(theme(fontSize.xs)_*_var(--font-size,_1))] base-font-normal base-font-primary base-text-neutral-low-500 base-text-left\">No quarto ano do <b>conflito europeu mais mortal desde a <\/b><a href=\"https:\/\/noticias.r7.com\/internacional\/arsenal-nazista-submerso-vira-refugio-inesperado-para-milhares-de-especies-21112025\/\" target=\"_self\" rel=\"nofollow noopener\" title=\"https:\/\/noticias.r7.com\/internacional\/arsenal-nazista-submerso-vira-refugio-inesperado-para-milhares-de-especies-21112025\/\">Segunda Guerra Mundial<\/a>, a R\u00fassia vem atacando a infraestrutura de eletricidade e aquecimento da Ucr\u00e2nia, enquanto Kiev tem se concentrado, at\u00e9 agora, principalmente na tentativa de derrubar as refinarias de petr\u00f3leo e os gasodutos da R\u00fassia.<\/p>\n<p class=\"jarvics:base-text-neutral-high-400 base-text-[calc(theme(fontSize.xs)_*_var(--font-size,_1))] base-font-normal base-font-primary base-text-neutral-low-500 base-text-left\">Mas, na madrugada de domingo, <a href=\"https:\/\/noticias.r7.com\/internacional\/drones-sao-responsaveis-por-manter-a-ucrania-em-guerra-com-a-russia-diz-especialista-22102025\/\" target=\"_self\" rel=\"nofollow noopener\" title=\"https:\/\/noticias.r7.com\/internacional\/drones-sao-responsaveis-por-manter-a-ucrania-em-guerra-com-a-russia-diz-especialista-22102025\/\">drones ucranianos<\/a> atingiram a usina de Shatura, cerca de 120 km a leste do Kremlin, disse o governador da regi\u00e3o de Moscou, Andrei Vorobyov.<\/p>\n<p class=\"jarvics:base-text-neutral-high-400 base-text-[calc(theme(fontSize.xs)_*_var(--font-size,_1))] base-font-normal base-font-primary base-text-neutral-low-500 base-text-left\">Imagens de v\u00eddeo no Telegram mostraram <b>chamas e fuma\u00e7a preta<\/b> subindo para o c\u00e9u noturno a partir da esta\u00e7\u00e3o de energia. A Reuters conseguiu confirmar o local, mas n\u00e3o a data do v\u00eddeo.<\/p>\n<p class=\"jarvics:base-text-neutral-high-400 base-text-[calc(theme(fontSize.xs)_*_var(--font-size,_1))] base-font-normal base-font-primary base-text-neutral-low-500 base-text-left\">\u201cAlguns dos drones foram destru\u00eddos pelas for\u00e7as de defesa a\u00e9rea. V\u00e1rios ca\u00edram no territ\u00f3rio da esta\u00e7\u00e3o. Houve um inc\u00eandio nas instala\u00e7\u00f5es\u201d, afirmou Vorobyov.<\/p>\n<p class=\"jarvics:base-text-neutral-high-400 base-text-[calc(theme(fontSize.xs)_*_var(--font-size,_1))] base-font-normal base-font-primary base-text-neutral-low-500 base-text-left\">Vorobyov disse que a energia de backup havia sido ligada e que sistemas de aquecimento m\u00f3veis estavam sendo implantados na \u00e1rea onde a temperatura estava pr\u00f3xima do ponto de congelamento.<\/p>\n<p class=\"jarvics:base-text-neutral-high-400 base-text-[calc(theme(fontSize.xs)_*_var(--font-size,_1))] base-font-normal base-font-primary base-text-neutral-low-500 base-text-left\">\u201cTodos os esfor\u00e7os est\u00e3o sendo feitos para <b>restaurar prontamente o fornecimento de calor<\/b>\u201d, declarou Vorobyov. A cidade de Shatura tem uma popula\u00e7\u00e3o de cerca de 33.000 habitantes.<\/p>\n<p class=\"jarvics:base-text-neutral-high-400 base-text-[calc(theme(fontSize.xs)_*_var(--font-size,_1))] base-font-normal base-font-primary base-text-neutral-low-500 base-text-left\">N\u00e3o houve coment\u00e1rio imediato da Ucr\u00e2nia.<\/p>\n<p class=\"jarvics:base-text-neutral-high-400 base-text-[calc(theme(fontSize.xs)_*_var(--font-size,_1))] base-font-normal base-font-primary base-text-neutral-low-500 base-text-left\"><b>Fique por dentro das principais not\u00edcias do dia no Brasil e no mundo. <\/b><a href=\"https:\/\/whatsapp.com\/channel\/0029Va6eEELGZNCyryabmO1m\" rel=\"nofollow noopener\" target=\"_blank\"><b>Siga o canal do R7<\/b><\/a><b>, o portal de not\u00edcias da RECORD, no WhatsApp<\/b><\/p>\n","protected":false},"excerpt":{"rendered":"LEIA AQUI O RESUMO DA NOT\u00cdCIA A Ucr\u00e2nia atacou uma esta\u00e7\u00e3o de aquecimento na regi\u00e3o de Moscou com&hellip;\n","protected":false},"author":2,"featured_media":164198,"comment_status":"","ping_status":"","sticky":false,"template":"","format":"standard","meta":{"footnotes":""},"categories":[50],"tags":[27,28,15,16,830,14,25,26,12872,21,22,62,12,13,19,20,23,24,839,17,18,840,29,30,31,63,64,65],"class_list":{"0":"post-164197","1":"post","2":"type-post","3":"status-publish","4":"format-standard","5":"has-post-thumbnail","7":"category-mundo","8":"tag-breaking-news","9":"tag-breakingnews","10":"tag-featured-news","11":"tag-featurednews","12":"tag-guerra","13":"tag-headlines","14":"tag-latest-news","15":"tag-latestnews","16":"tag-leste-europeu","17":"tag-main-news","18":"tag-mainnews","19":"tag-mundo","20":"tag-news","21":"tag-noticias","22":"tag-noticias-principais","23":"tag-noticiasprincipais","24":"tag-principais-noticias","25":"tag-principaisnoticias","26":"tag-russia","27":"tag-top-stories","28":"tag-topstories","29":"tag-ucrania","30":"tag-ultimas","31":"tag-ultimas-noticias","32":"tag-ultimasnoticias","33":"tag-world","34":"tag-world-news","35":"tag-worldnews"},"share_on_mastodon":{"url":"https:\/\/pubeurope.com\/@pt\/115607667105353672","error":""},"_links":{"self":[{"href":"https:\/\/www.europesays.com\/pt\/wp-json\/wp\/v2\/posts\/164197","targetHints":{"allow":["GET"]}}],"collection":[{"href":"https:\/\/www.europesays.com\/pt\/wp-json\/wp\/v2\/posts"}],"about":[{"href":"https:\/\/www.europesays.com\/pt\/wp-json\/wp\/v2\/types\/post"}],"author":[{"embeddable":true,"href":"https:\/\/www.europesays.com\/pt\/wp-json\/wp\/v2\/users\/2"}],"replies":[{"embeddable":true,"href":"https:\/\/www.europesays.com\/pt\/wp-json\/wp\/v2\/comments?post=164197"}],"version-history":[{"count":0,"href":"https:\/\/www.europesays.com\/pt\/wp-json\/wp\/v2\/posts\/164197\/revisions"}],"wp:featuredmedia":[{"embeddable":true,"href":"https:\/\/www.europesays.com\/pt\/wp-json\/wp\/v2\/media\/164198"}],"wp:attachment":[{"href":"https:\/\/www.europesays.com\/pt\/wp-json\/wp\/v2\/media?parent=164197"}],"wp:term":[{"taxonomy":"category","embeddable":true,"href":"https:\/\/www.europesays.com\/pt\/wp-json\/wp\/v2\/categories?post=164197"},{"taxonomy":"post_tag","embeddable":true,"href":"https:\/\/www.europesays.com\/pt\/wp-json\/wp\/v2\/tags?post=164197"}],"curies":[{"name":"wp","href":"https:\/\/api.w.org\/{rel}","templated":true}]}}