{"id":164199,"date":"2025-11-25T01:09:49","date_gmt":"2025-11-25T01:09:49","guid":{"rendered":"https:\/\/www.europesays.com\/pt\/164199\/"},"modified":"2025-11-25T01:09:49","modified_gmt":"2025-11-25T01:09:49","slug":"vitimas-dos-falsos-inspetores-da-pj-relatam-assaltos-em-tribunal","status":"publish","type":"post","link":"https:\/\/www.europesays.com\/pt\/164199\/","title":{"rendered":"V\u00edtimas dos falsos inspetores da PJ relatam &#8220;assaltos&#8221; em tribunal"},"content":{"rendered":"<p data-remotead-prev-elm=\"true\" data-remotead-elm-id=\"inread\">Tr\u00eas dos cinco indiv\u00edduos que est\u00e3o a ser julgados tocaram \u00e0 campainha da casa de M\u00e1rio e Anabela Campos, em Barcelos, em setembro do ano passado, dizendo ser inspetores da PJ, exibindo o mandado falso e comunicando que estavam a investigar uma den\u00fancia de um empr\u00e9stimo de 50 mil euros em que o casal cobrava juros.<\/p>\n<p>Acreditando na hist\u00f3ria, e porque o empr\u00e9stimo era verdade, o casal disse onde estava o dinheiro e as joias. &#8220;T\u00ednhamos emprestado 50 mil euros a um familiar, isso batia certo, mas n\u00e3o cobramos juros&#8221;, contou Anabela.<\/p>\n<p>Por isso, n\u00e3o desconfiaram e acabaram por dizer onde estava o dinheiro que tinham em casa, 50mil euros, e as joias. Entre dinheiro e joias, os indiv\u00edduos levaram mais de 100 mil euros.<\/p>\n<p data-remotead-prev-elm=\"true\" data-remotead-elm-id=\"centro1\">&#8220;Puseram tudo em sacos, fecharam com abra\u00e7adeiras de pl\u00e1stico&#8221;, apontou M\u00e1rio referindo que os falsos pol\u00edcias lhes levaram os telem\u00f3veis e disseram que n\u00e3o podiam sair de casa que eles voltavam entretanto. Mas, passadas algumas horas e com a chegada da empregada, a v\u00edtima ligou a um amigo a contar o sucedido e descobriu que tinha sido burlado. &#8220;Comecei a ser desconfiado at\u00e9 do carteiro&#8221;, diz.<\/p>\n<p>J\u00e1 Clemente Bessa, de Paredes, tamb\u00e9m v\u00edtima dos falsos PJ&#8221;s confessa que a situa\u00e7\u00e3o afetou muito a esposa. &#8220;A ela mataram-na, foi abaixo por completo. Apagou-se por completo&#8221;, afirmou, frisando que nunca lhe tinha passado pela cabe\u00e7a que era um assalto.<\/p>\n<p>Tanto Clemente como o casal M\u00e1rio e Anabela n\u00e3o t\u00eam d\u00favidas que os indiv\u00edduos foram informados por algu\u00e9m para irem \u00e0s suas casas, uma vez que estavam na posse de informa\u00e7\u00f5es muito concretas.<\/p>\n<p data-remotead-prev-elm=\"true\" data-remotead-elm-id=\"centro2\">&#8220;Estou muito zangado com a situa\u00e7\u00e3o e da maneira como trataram as autoridades portuguesas&#8221;, atirou.<\/p>\n<p>Os cinco arguidos est\u00e3o acusados de bater \u00e0 porta de casas onde sabiam haver dinheiro e bens valiosos, dizendo-se inspetores da PJ e exibindo mandados de busca. Alegavam que as v\u00edtimas estavam a ser investigadas por emprestar dinheiro e cobrar juros altos, tr\u00e1fico de droga ou diamantes, ou fuga ao fisco.<\/p>\n","protected":false},"excerpt":{"rendered":"Tr\u00eas dos cinco indiv\u00edduos que est\u00e3o a ser julgados tocaram \u00e0 campainha da casa de M\u00e1rio e Anabela&hellip;\n","protected":false},"author":2,"featured_media":164200,"comment_status":"","ping_status":"","sticky":false,"template":"","format":"standard","meta":{"footnotes":""},"categories":[10],"tags":[27,28,15,16,14,603,25,26,21,22,12,13,19,20,2445,32,23,24,33,17,18,29,30,31],"class_list":{"0":"post-164199","1":"post","2":"type-post","3":"status-publish","4":"format-standard","5":"has-post-thumbnail","7":"category-portugal","8":"tag-breaking-news","9":"tag-breakingnews","10":"tag-featured-news","11":"tag-featurednews","12":"tag-headlines","13":"tag-justica","14":"tag-latest-news","15":"tag-latestnews","16":"tag-main-news","17":"tag-mainnews","18":"tag-news","19":"tag-noticias","20":"tag-noticias-principais","21":"tag-noticiasprincipais","22":"tag-policia-judiciaria","23":"tag-portugal","24":"tag-principais-noticias","25":"tag-principaisnoticias","26":"tag-pt","27":"tag-top-stories","28":"tag-topstories","29":"tag-ultimas","30":"tag-ultimas-noticias","31":"tag-ultimasnoticias"},"share_on_mastodon":{"url":"https:\/\/pubeurope.com\/@pt\/115607674765908853","error":""},"_links":{"self":[{"href":"https:\/\/www.europesays.com\/pt\/wp-json\/wp\/v2\/posts\/164199","targetHints":{"allow":["GET"]}}],"collection":[{"href":"https:\/\/www.europesays.com\/pt\/wp-json\/wp\/v2\/posts"}],"about":[{"href":"https:\/\/www.europesays.com\/pt\/wp-json\/wp\/v2\/types\/post"}],"author":[{"embeddable":true,"href":"https:\/\/www.europesays.com\/pt\/wp-json\/wp\/v2\/users\/2"}],"replies":[{"embeddable":true,"href":"https:\/\/www.europesays.com\/pt\/wp-json\/wp\/v2\/comments?post=164199"}],"version-history":[{"count":0,"href":"https:\/\/www.europesays.com\/pt\/wp-json\/wp\/v2\/posts\/164199\/revisions"}],"wp:featuredmedia":[{"embeddable":true,"href":"https:\/\/www.europesays.com\/pt\/wp-json\/wp\/v2\/media\/164200"}],"wp:attachment":[{"href":"https:\/\/www.europesays.com\/pt\/wp-json\/wp\/v2\/media?parent=164199"}],"wp:term":[{"taxonomy":"category","embeddable":true,"href":"https:\/\/www.europesays.com\/pt\/wp-json\/wp\/v2\/categories?post=164199"},{"taxonomy":"post_tag","embeddable":true,"href":"https:\/\/www.europesays.com\/pt\/wp-json\/wp\/v2\/tags?post=164199"}],"curies":[{"name":"wp","href":"https:\/\/api.w.org\/{rel}","templated":true}]}}