{"id":164216,"date":"2025-11-25T01:31:10","date_gmt":"2025-11-25T01:31:10","guid":{"rendered":"https:\/\/www.europesays.com\/pt\/164216\/"},"modified":"2025-11-25T01:31:10","modified_gmt":"2025-11-25T01:31:10","slug":"ruben-amorim-e-sergio-conceicao-com-derrotas-duras","status":"publish","type":"post","link":"https:\/\/www.europesays.com\/pt\/164216\/","title":{"rendered":"Ruben Amorim e S\u00e9rgio Concei\u00e7\u00e3o com derrotas duras"},"content":{"rendered":"<p data-remotead-prev-elm=\"true\" data-remotead-elm-id=\"inread\">Idrissa Gueye foi expulso aos 13 minutos por agredir Michael Keane, que, por acaso, \u00e9 companheiro de equipa, mas nem assim o Manchester United evitou uma derrota frente o Everton (0-1), em Old Trafford.<\/p>\n<p>Apesar de ter estado tanto tempo em superioridade num\u00e9rica, a equipa de Ruben Amorim foi para o intervalo a perder (golo de Hall-Dewsbury, aos 29 minutos) e n\u00e3o conseguiu inverter o resultado, apesar de dominar e criar v\u00e1rias oportunidades para marcar, sofrendo a quarta derrota na Liga, em 12 jogos, e ficando a 11 pontos do l\u00edder Arsenal. Nos diabos vermelhos, Bruno Fernandes foi titular e Diogo Dalot entrou aos 58 minutos. No Everton, o t\u00e9cnico David Moyes lan\u00e7ou o avan\u00e7ado Beto aos 81 minutos.<\/p>\n<p>Na \u00c1sia, o Al Ittihad, de S\u00e9rgio Concei\u00e7\u00e3o, sofreu mais um desaire, desta vez na Liga dos Campe\u00f5es. Na visita ao Al-Duhail, o campe\u00e3o saudita, que contou com Danilo e Roger Fernandes, chegou a ter quatro golos de desvantagem, mas nos \u00faltimos minutos reduziu para 4-2.<\/p>\n<p>Num duelo entre t\u00e9cnicos portugueses, Paulo Sousa levou a melhor sobre Pedro Martins, com o Al-Ahli Dubai a bater (2-0) o Al-Gharafa.<\/p>\n","protected":false},"excerpt":{"rendered":"Idrissa Gueye foi expulso aos 13 minutos por agredir Michael Keane, que, por acaso, \u00e9 companheiro de equipa,&hellip;\n","protected":false},"author":2,"featured_media":164217,"comment_status":"","ping_status":"","sticky":false,"template":"","format":"standard","meta":{"footnotes":""},"categories":[87],"tags":[5532,135,3016,663,32,33,1052,134],"class_list":{"0":"post-164216","1":"post","2":"type-post","3":"status-publish","4":"format-standard","5":"has-post-thumbnail","7":"category-desporto","8":"tag-bruno-fernandes","9":"tag-desporto","10":"tag-everton","11":"tag-manchester-united","12":"tag-portugal","13":"tag-pt","14":"tag-ruben-amorim","15":"tag-sports"},"share_on_mastodon":{"url":"https:\/\/pubeurope.com\/@pt\/115607757912035352","error":""},"_links":{"self":[{"href":"https:\/\/www.europesays.com\/pt\/wp-json\/wp\/v2\/posts\/164216","targetHints":{"allow":["GET"]}}],"collection":[{"href":"https:\/\/www.europesays.com\/pt\/wp-json\/wp\/v2\/posts"}],"about":[{"href":"https:\/\/www.europesays.com\/pt\/wp-json\/wp\/v2\/types\/post"}],"author":[{"embeddable":true,"href":"https:\/\/www.europesays.com\/pt\/wp-json\/wp\/v2\/users\/2"}],"replies":[{"embeddable":true,"href":"https:\/\/www.europesays.com\/pt\/wp-json\/wp\/v2\/comments?post=164216"}],"version-history":[{"count":0,"href":"https:\/\/www.europesays.com\/pt\/wp-json\/wp\/v2\/posts\/164216\/revisions"}],"wp:featuredmedia":[{"embeddable":true,"href":"https:\/\/www.europesays.com\/pt\/wp-json\/wp\/v2\/media\/164217"}],"wp:attachment":[{"href":"https:\/\/www.europesays.com\/pt\/wp-json\/wp\/v2\/media?parent=164216"}],"wp:term":[{"taxonomy":"category","embeddable":true,"href":"https:\/\/www.europesays.com\/pt\/wp-json\/wp\/v2\/categories?post=164216"},{"taxonomy":"post_tag","embeddable":true,"href":"https:\/\/www.europesays.com\/pt\/wp-json\/wp\/v2\/tags?post=164216"}],"curies":[{"name":"wp","href":"https:\/\/api.w.org\/{rel}","templated":true}]}}