{"id":164222,"date":"2025-11-25T01:37:37","date_gmt":"2025-11-25T01:37:37","guid":{"rendered":"https:\/\/www.europesays.com\/pt\/164222\/"},"modified":"2025-11-25T01:37:37","modified_gmt":"2025-11-25T01:37:37","slug":"mais-sindicato-leva-sibs-ao-tribunal-do-trabalho-para-exigir-pagamento-dos-aumentos-salariais-com-juros-de-mora-desde-2001","status":"publish","type":"post","link":"https:\/\/www.europesays.com\/pt\/164222\/","title":{"rendered":"Mais Sindicato leva SIBS ao Tribunal do Trabalho para exigir pagamento dos aumentos salariais com juros de mora desde 2001"},"content":{"rendered":"<p>        O Sindicato interp\u00f4s, no dia 20 de novembro, no Tribunal do Trabalho de Lisboa, uma a\u00e7\u00e3o comum, que visa reconhecer, no \u00e2mbito do grupo SIBS, o direito dos associados do Mais, trabalhadores do grupo SIBS, aos aumentos salariais para cada um dos n\u00edveis salariais decorrentes do ACT para o setor banc\u00e1rio acrescido de 20%, desde a data em que as empresas do grupo SIBS deixaram de proceder a esses aumentos, ou seja, janeiro de 2001.    <\/p>\n<p>O Mais Sindicato em comunicado diz que \u201cexige\u201d \u00e0 SIBS o pagamento dos aumentos salariais aos trabalhadores, com juros de mora, desde 2001, data em que as empresa do Grupo SIBS deixaram de cumprir o Acordo Coletivo de Trabalho e avan\u00e7a com uma a\u00e7\u00e3o junto do Tribunal do Trabalho.<\/p>\n<p>\u201cO Grupo SIBS n\u00e3o aplica aumentos salarias desde 2001, incumprindo o ACT do Setor Banc\u00e1rio, de que \u00e9 subscritor\u201d, ponta o sindicato da UGT.<\/p>\n<p>O Mais Sindicato tem, desde esse momento, \u201cexigido ao Grupo SIBS que aplique aos trabalhadores as tabelas salariais do ACT\u201d, diz em comunicado.<\/p>\n<p>O Mais acrescenta que \u201cface ao arrastar do conflito e na defesa intransigente dos direitos dos seus s\u00f3cios, o Sindicato interp\u00f4s, no dia 20 de novembro, no Tribunal do Trabalho de Lisboa, uma a\u00e7\u00e3o comum, que visa reconhecer, no \u00e2mbito do grupo SIBS, o direito dos associados do Mais, trabalhadores do grupo SIBS, aos aumentos salariais para cada um dos n\u00edveis salariais decorrentes do ACT para o setor banc\u00e1rio acrescido de 20%, desde a data em que as empresas do grupo SIBS deixaram de proceder a esses aumentos, ou seja, janeiro de 2001, at\u00e9 \u00e0 data em que retome os aumentos salariais, de acordo com o ACT\u201d.<\/p>\n<p>O sindicato da UGT acrescenta foi pedido ainda ao Tribunal que \u201ccondene as referidas empresas a pagarem a cada um desses trabalhadores as respetivas diferen\u00e7as remunerat\u00f3rias desde janeiro de 2001 at\u00e9 \u00e0 data em que retome os aumentos salariais, de acordo com o ACT, tudo acrescido de juros de mora, \u00e0 taxa legal, desde a data em que cada uma das quantias era devida e n\u00e3o foi paga at\u00e9 efetivo e integral pagamento\u201d.<\/p>\n<p>Conclui dizendo que \u201ctem pugnado, desde sempre, pela aplica\u00e7\u00e3o das tabelas remunerat\u00f3rias do ACT aos s\u00f3cios que trabalham no grupo SIBS, o que se estriba, ali\u00e1s, em delibera\u00e7\u00e3o dos \u00f3rg\u00e3os de gest\u00e3o da SIBS SGPS, pr\u00e1tica, ali\u00e1s, que se instalou em todo o grupo SIBS\u201d.<\/p>\n","protected":false},"excerpt":{"rendered":"O Sindicato interp\u00f4s, no dia 20 de novembro, no Tribunal do Trabalho de Lisboa, uma a\u00e7\u00e3o comum, que&hellip;\n","protected":false},"author":2,"featured_media":164223,"comment_status":"","ping_status":"","sticky":false,"template":"","format":"standard","meta":{"footnotes":""},"categories":[10],"tags":[27,28,15,16,14,25,26,21,22,34729,12,13,19,20,32,23,24,33,34730,17,18,29,30,31],"class_list":{"0":"post-164222","1":"post","2":"type-post","3":"status-publish","4":"format-standard","5":"has-post-thumbnail","7":"category-portugal","8":"tag-breaking-news","9":"tag-breakingnews","10":"tag-featured-news","11":"tag-featurednews","12":"tag-headlines","13":"tag-latest-news","14":"tag-latestnews","15":"tag-main-news","16":"tag-mainnews","17":"tag-mais-sindicato","18":"tag-news","19":"tag-noticias","20":"tag-noticias-principais","21":"tag-noticiasprincipais","22":"tag-portugal","23":"tag-principais-noticias","24":"tag-principaisnoticias","25":"tag-pt","26":"tag-sibs","27":"tag-top-stories","28":"tag-topstories","29":"tag-ultimas","30":"tag-ultimas-noticias","31":"tag-ultimasnoticias"},"share_on_mastodon":{"url":"https:\/\/pubeurope.com\/@pt\/115607780960028289","error":""},"_links":{"self":[{"href":"https:\/\/www.europesays.com\/pt\/wp-json\/wp\/v2\/posts\/164222","targetHints":{"allow":["GET"]}}],"collection":[{"href":"https:\/\/www.europesays.com\/pt\/wp-json\/wp\/v2\/posts"}],"about":[{"href":"https:\/\/www.europesays.com\/pt\/wp-json\/wp\/v2\/types\/post"}],"author":[{"embeddable":true,"href":"https:\/\/www.europesays.com\/pt\/wp-json\/wp\/v2\/users\/2"}],"replies":[{"embeddable":true,"href":"https:\/\/www.europesays.com\/pt\/wp-json\/wp\/v2\/comments?post=164222"}],"version-history":[{"count":0,"href":"https:\/\/www.europesays.com\/pt\/wp-json\/wp\/v2\/posts\/164222\/revisions"}],"wp:featuredmedia":[{"embeddable":true,"href":"https:\/\/www.europesays.com\/pt\/wp-json\/wp\/v2\/media\/164223"}],"wp:attachment":[{"href":"https:\/\/www.europesays.com\/pt\/wp-json\/wp\/v2\/media?parent=164222"}],"wp:term":[{"taxonomy":"category","embeddable":true,"href":"https:\/\/www.europesays.com\/pt\/wp-json\/wp\/v2\/categories?post=164222"},{"taxonomy":"post_tag","embeddable":true,"href":"https:\/\/www.europesays.com\/pt\/wp-json\/wp\/v2\/tags?post=164222"}],"curies":[{"name":"wp","href":"https:\/\/api.w.org\/{rel}","templated":true}]}}