{"id":164224,"date":"2025-11-25T01:39:11","date_gmt":"2025-11-25T01:39:11","guid":{"rendered":"https:\/\/www.europesays.com\/pt\/164224\/"},"modified":"2025-11-25T01:39:11","modified_gmt":"2025-11-25T01:39:11","slug":"sofia-jardim-expoe-atitude-oportunista-de-atriz-bem-conhecida-acho-que-ela-goza-com","status":"publish","type":"post","link":"https:\/\/www.europesays.com\/pt\/164224\/","title":{"rendered":"Sofia Jardim &#8211; Exp\u00f5e atitude \u201coportunista\u201d de atriz bem conhecida: \u201cAcho que ela goza com&#8230;\u201d"},"content":{"rendered":"<p><strong>Sofia Jardim<\/strong> esteve novamente no <strong>Passadeira Vermelha<\/strong>, da <strong>SIC<\/strong>, para comentar as not\u00edcias dos famosos. Um dos temas escolhidos para o programa desta segunda-feira, 24 de novembro, foi o novo projeto de <strong>Meghan Markle<\/strong> na <strong>Netflix<\/strong>.<\/p>\n<p>Mas \u00e9 um detalhe do trailer do document\u00e1rio que est\u00e1 a dar que falar: o beijo entre a atriz e o pr\u00edncipe <strong>Harry<\/strong>.<\/p>\n<p>\u201cEla est\u00e1 a fazer o marketing dela\u201d, referiu <strong>David Motta<\/strong>. Embora o comentador\u00a0tenha levado na brincadeira, a sobrinha de <strong>Cinha Jardim<\/strong> <strong>n\u00e3o poupou nas cr\u00edticas<\/strong>.<\/p>\n<blockquote>\n<p><strong>Leia tamb\u00e9m: Sofia Jardim <\/strong><a href=\"https:\/\/www.novagente.pt\/sofia-jardim-sofia-jardim-reage-acusacoes-do-marido-nao-bonito-nem-verdadeiro\" rel=\"nofollow noopener\" target=\"_blank\">reage \u00e0s acusa\u00e7\u00f5es do marido: &#8220;N\u00e3o \u00e9 bonito, nem verdadeiro&#8221;<\/a><\/p>\n<\/blockquote>\n<p><strong>\u201cO que eu sinto aqui \u00e9 que ela continua a n\u00e3o respeitar a fam\u00edlia inglesa, continua a n\u00e3o respeitar a fam\u00edlia do marido\u201d<\/strong>, come\u00e7ou por deixar bem assente, e explicou a sua opini\u00e3o: \u201cVai fazer um filme com as tradi\u00e7\u00f5es americanas, enfia o marido l\u00e1 dentro porque, como \u00e9 \u00f3bvio, o marido \u00e9 que vende. Ela tem um marido ingl\u00eas\u201d.<\/p>\n<p><strong>Liliana Campos<\/strong> apontou\u00a0ainda o facto de Meghan ter adotado o t\u00edtulo real como apelido: \u201cEla registou o nome como Sussex (\u2026) Ele \u00e9 Mountbatten-Windsor\u201d.<\/p>\n<p><strong>\u201cEu acho que ela goza com a situa\u00e7\u00e3o e \u00e9 completamente oportunista ao ponto de querer usar a realeza para ela\u201d<\/strong>, rematou Sofia Jardim.<\/p>\n<p>\u00a0<\/p>\n<p>Texto: Carolina Charrua; Fotos: Redes sociais e Impala<\/p>\n<p class=\"intagram-text\">Siga a Nova Gente no Instagram<\/p>\n<p>                        <a href=\"https:\/\/www.instagram.com\/revistanovagente\/\" target=\"_blank\" aria-label=\"instagram\" rel=\"noopener nofollow\"><img decoding=\"async\" style=\"display: block; margin-left: auto; margin-right: auto; width: 250px; height: 83px;\" src=\"https:\/\/www.europesays.com\/pt\/wp-content\/uploads\/2025\/11\/Instagram_NG.png\" alt=\"instagram\"\/><\/a><br \/>\n                    <script async src=\"\/\/www.instagram.com\/embed.js\"><\/script><\/p>\n","protected":false},"excerpt":{"rendered":"Sofia Jardim esteve novamente no Passadeira Vermelha, da SIC, para comentar as not\u00edcias dos famosos. Um dos temas&hellip;\n","protected":false},"author":2,"featured_media":164225,"comment_status":"","ping_status":"","sticky":false,"template":"","format":"standard","meta":{"footnotes":""},"categories":[145],"tags":[211,210,18270,114,115,710,14758,32,33,1751,34731],"class_list":{"0":"post-164224","1":"post","2":"type-post","3":"status-publish","4":"format-standard","5":"has-post-thumbnail","7":"category-celebridades","8":"tag-celebridades","9":"tag-celebrities","10":"tag-cinha-jardim","11":"tag-entertainment","12":"tag-entretenimento","13":"tag-meghan-markle","14":"tag-passadeira-vermelha","15":"tag-portugal","16":"tag-pt","17":"tag-sic","18":"tag-sofia-jardim"},"share_on_mastodon":{"url":"https:\/\/pubeurope.com\/@pt\/115607789024896291","error":""},"_links":{"self":[{"href":"https:\/\/www.europesays.com\/pt\/wp-json\/wp\/v2\/posts\/164224","targetHints":{"allow":["GET"]}}],"collection":[{"href":"https:\/\/www.europesays.com\/pt\/wp-json\/wp\/v2\/posts"}],"about":[{"href":"https:\/\/www.europesays.com\/pt\/wp-json\/wp\/v2\/types\/post"}],"author":[{"embeddable":true,"href":"https:\/\/www.europesays.com\/pt\/wp-json\/wp\/v2\/users\/2"}],"replies":[{"embeddable":true,"href":"https:\/\/www.europesays.com\/pt\/wp-json\/wp\/v2\/comments?post=164224"}],"version-history":[{"count":0,"href":"https:\/\/www.europesays.com\/pt\/wp-json\/wp\/v2\/posts\/164224\/revisions"}],"wp:featuredmedia":[{"embeddable":true,"href":"https:\/\/www.europesays.com\/pt\/wp-json\/wp\/v2\/media\/164225"}],"wp:attachment":[{"href":"https:\/\/www.europesays.com\/pt\/wp-json\/wp\/v2\/media?parent=164224"}],"wp:term":[{"taxonomy":"category","embeddable":true,"href":"https:\/\/www.europesays.com\/pt\/wp-json\/wp\/v2\/categories?post=164224"},{"taxonomy":"post_tag","embeddable":true,"href":"https:\/\/www.europesays.com\/pt\/wp-json\/wp\/v2\/tags?post=164224"}],"curies":[{"name":"wp","href":"https:\/\/api.w.org\/{rel}","templated":true}]}}