{"id":164230,"date":"2025-11-25T01:46:21","date_gmt":"2025-11-25T01:46:21","guid":{"rendered":"https:\/\/www.europesays.com\/pt\/164230\/"},"modified":"2025-11-25T01:46:21","modified_gmt":"2025-11-25T01:46:21","slug":"lixo-espalhado-gera-incomodo-e-preocupacao-em-diversas-regioes-de-brumadinho","status":"publish","type":"post","link":"https:\/\/www.europesays.com\/pt\/164230\/","title":{"rendered":"Lixo espalhado gera inc\u00f4modo e preocupa\u00e7\u00e3o em diversas regi\u00f5es de Brumadinho"},"content":{"rendered":"<p>O que era para ser uma solu\u00e7\u00e3o ambiental em diversas comunidades e bairros de Brumadinho, se transformou em um verdadeiro caos. As lixeiras coletivas viraram um grande problema e causam inc\u00f4modo e preocupa\u00e7\u00e3o para os moradores de v\u00e1rias localidades.<\/p>\n<p>Somente na \u00faltima semana, o jornal Folha de Brumadinho publicou den\u00fancias de moradores das regi\u00f5es de Palhano e Casa Branca relatando problemas com o descarte irregular de entulhos, m\u00f3veis velhos e lixos espalhados em pontos de coletas.<\/p>\n<p>Desta vez, as reclama\u00e7\u00f5es s\u00e3o de moradores da regi\u00e3o de Melo Franco, que tamb\u00e9m relatam problemas com o lixo espalho no entorno das lixeiras coletivas instaladas na comunidade. \u201cInfelizmente a gente sabe que existe sim, um problema de educa\u00e7\u00e3o de algumas pessoas que jogam o lixo de forma errada no local. Mas, tamb\u00e9m temos que ressaltar que esse tipo de estrutura, que s\u00e3o essas lixeiras grandes e abertas, n\u00e3o s\u00e3o adequadas. Os animais, principalmente cachorros soltos, eles v\u00eam e espalham todo o lixo. Alguma coisa precisa ser feita urgente\u201d, ressalta um morador.<\/p>\n<p>A preocupa\u00e7\u00e3o aumenta neste per\u00edodo do ano com as chuvas, j\u00e1 que o lixo espalhado pode acumular \u00e1gua, se transformando em um criadouro do mosquito Aedes aegypti, respons\u00e1vel pela transmiss\u00e3o de dengue, chikungunya e zika.<\/p>\n<p><a class=\"a2a_dd addtoany_share_save addtoany_share\" href=\"https:\/\/www.addtoany.com\/share\" rel=\"nofollow noopener\" target=\"_blank\"><img decoding=\"async\" src=\"https:\/\/www.europesays.com\/pt\/wp-content\/uploads\/2025\/09\/social-share.png\" alt=\"Share\"\/><\/a>                    <\/p>\n<p>\t\tContinuar Lendo&#8230;<\/p>\n","protected":false},"excerpt":{"rendered":"O que era para ser uma solu\u00e7\u00e3o ambiental em diversas comunidades e bairros de Brumadinho, se transformou em&hellip;\n","protected":false},"author":2,"featured_media":164231,"comment_status":"","ping_status":"","sticky":false,"template":"","format":"standard","meta":{"footnotes":""},"categories":[86],"tags":[116,32,33,117],"class_list":{"0":"post-164230","1":"post","2":"type-post","3":"status-publish","4":"format-standard","5":"has-post-thumbnail","7":"category-saude","8":"tag-health","9":"tag-portugal","10":"tag-pt","11":"tag-saude"},"share_on_mastodon":{"url":"https:\/\/pubeurope.com\/@pt\/115607816682170166","error":""},"_links":{"self":[{"href":"https:\/\/www.europesays.com\/pt\/wp-json\/wp\/v2\/posts\/164230","targetHints":{"allow":["GET"]}}],"collection":[{"href":"https:\/\/www.europesays.com\/pt\/wp-json\/wp\/v2\/posts"}],"about":[{"href":"https:\/\/www.europesays.com\/pt\/wp-json\/wp\/v2\/types\/post"}],"author":[{"embeddable":true,"href":"https:\/\/www.europesays.com\/pt\/wp-json\/wp\/v2\/users\/2"}],"replies":[{"embeddable":true,"href":"https:\/\/www.europesays.com\/pt\/wp-json\/wp\/v2\/comments?post=164230"}],"version-history":[{"count":0,"href":"https:\/\/www.europesays.com\/pt\/wp-json\/wp\/v2\/posts\/164230\/revisions"}],"wp:featuredmedia":[{"embeddable":true,"href":"https:\/\/www.europesays.com\/pt\/wp-json\/wp\/v2\/media\/164231"}],"wp:attachment":[{"href":"https:\/\/www.europesays.com\/pt\/wp-json\/wp\/v2\/media?parent=164230"}],"wp:term":[{"taxonomy":"category","embeddable":true,"href":"https:\/\/www.europesays.com\/pt\/wp-json\/wp\/v2\/categories?post=164230"},{"taxonomy":"post_tag","embeddable":true,"href":"https:\/\/www.europesays.com\/pt\/wp-json\/wp\/v2\/tags?post=164230"}],"curies":[{"name":"wp","href":"https:\/\/api.w.org\/{rel}","templated":true}]}}