{"id":164235,"date":"2025-11-25T01:51:24","date_gmt":"2025-11-25T01:51:24","guid":{"rendered":"https:\/\/www.europesays.com\/pt\/164235\/"},"modified":"2025-11-25T01:51:24","modified_gmt":"2025-11-25T01:51:24","slug":"ameacou-colegas-de-escola-com-arma-acabou-por-ser-detido-e-o-pai-tambem","status":"publish","type":"post","link":"https:\/\/www.europesays.com\/pt\/164235\/","title":{"rendered":"Amea\u00e7ou colegas de escola com arma. Acabou por ser detido e o pai tamb\u00e9m"},"content":{"rendered":"<p>\t                PJ deteve pai e filho por posse de armas proibidas em Bai\u00e3o&#13;<\/p>\n<p>Um rapaz de 18 anos e o pai de 49 anos foram detidos em Bai\u00e3o (Porto), por posse de arma proibida, amea\u00e7a agravada e aquisi\u00e7\u00e3o de moeda falsa para ser colocada em circula\u00e7\u00e3o.<\/p>\n<p>Em comunicado de imprensa, a Pol\u00edcia Judici\u00e1ria indicou que o pai e o filho &#8211; ambos sem antecedentes criminais &#8211; foram identificados e detidos na zona de Bai\u00e3o, no distrito do Porto, por estarem \u201cfortemente indiciados pela pr\u00e1tica dos crimes de deten\u00e7\u00e3o de arma proibida, de amea\u00e7a agravada e de aquisi\u00e7\u00e3o de moeda falsa para ser posta em circula\u00e7\u00e3o\u201d.<\/p>\n<p>\u201cO mais novo dos suspeitos ter\u00e1 amea\u00e7ado colegas de escola com uma arma de fogo\u201d, disse a PJ.<\/p>\n<p>No cumprimento de mandados de busca emitidos pelas autoridades judici\u00e1rias, a PJ apreendeu \u201ccinco armas, diversas muni\u00e7\u00f5es de distinto calibre, material explosivo e centenas de notas falsas de valor facial diverso\u201d.<\/p>\n<p>Os detidos foram ouvidos pelas autoridades e ficaram com a medida de coa\u00e7\u00e3o de apresenta\u00e7\u00f5es bissemanais.<\/p>\n","protected":false},"excerpt":{"rendered":"PJ deteve pai e filho por posse de armas proibidas em Bai\u00e3o&#13; Um rapaz de 18 anos e&hellip;\n","protected":false},"author":2,"featured_media":164236,"comment_status":"","ping_status":"","sticky":false,"template":"","format":"standard","meta":{"footnotes":""},"categories":[10],"tags":[609,836,611,8148,27,28,607,608,333,832,604,135,610,476,15,16,301,830,14,603,25,26,570,21,22,831,833,62,834,12,13,19,20,835,602,2445,52,462,32,23,24,33,17,18,29,30,31],"class_list":{"0":"post-164235","1":"post","2":"type-post","3":"status-publish","4":"format-standard","5":"has-post-thumbnail","7":"category-portugal","8":"tag-alerta","9":"tag-analise","10":"tag-ao-minuto","11":"tag-baiao","12":"tag-breaking-news","13":"tag-breakingnews","14":"tag-cnn","15":"tag-cnn-portugal","16":"tag-comentadores","17":"tag-costa","18":"tag-crime","19":"tag-desporto","20":"tag-direto","21":"tag-economia","22":"tag-featured-news","23":"tag-featurednews","24":"tag-governo","25":"tag-guerra","26":"tag-headlines","27":"tag-justica","28":"tag-latest-news","29":"tag-latestnews","30":"tag-live","31":"tag-main-news","32":"tag-mainnews","33":"tag-mais-vistas","34":"tag-marcelo","35":"tag-mundo","36":"tag-negocios","37":"tag-news","38":"tag-noticias","39":"tag-noticias-principais","40":"tag-noticiasprincipais","41":"tag-opiniao","42":"tag-pais","43":"tag-policia-judiciaria","44":"tag-politica","45":"tag-porto","46":"tag-portugal","47":"tag-principais-noticias","48":"tag-principaisnoticias","49":"tag-pt","50":"tag-top-stories","51":"tag-topstories","52":"tag-ultimas","53":"tag-ultimas-noticias","54":"tag-ultimasnoticias"},"share_on_mastodon":{"url":"","error":"Validation failed: Text character limit of 500 exceeded"},"_links":{"self":[{"href":"https:\/\/www.europesays.com\/pt\/wp-json\/wp\/v2\/posts\/164235","targetHints":{"allow":["GET"]}}],"collection":[{"href":"https:\/\/www.europesays.com\/pt\/wp-json\/wp\/v2\/posts"}],"about":[{"href":"https:\/\/www.europesays.com\/pt\/wp-json\/wp\/v2\/types\/post"}],"author":[{"embeddable":true,"href":"https:\/\/www.europesays.com\/pt\/wp-json\/wp\/v2\/users\/2"}],"replies":[{"embeddable":true,"href":"https:\/\/www.europesays.com\/pt\/wp-json\/wp\/v2\/comments?post=164235"}],"version-history":[{"count":0,"href":"https:\/\/www.europesays.com\/pt\/wp-json\/wp\/v2\/posts\/164235\/revisions"}],"wp:featuredmedia":[{"embeddable":true,"href":"https:\/\/www.europesays.com\/pt\/wp-json\/wp\/v2\/media\/164236"}],"wp:attachment":[{"href":"https:\/\/www.europesays.com\/pt\/wp-json\/wp\/v2\/media?parent=164235"}],"wp:term":[{"taxonomy":"category","embeddable":true,"href":"https:\/\/www.europesays.com\/pt\/wp-json\/wp\/v2\/categories?post=164235"},{"taxonomy":"post_tag","embeddable":true,"href":"https:\/\/www.europesays.com\/pt\/wp-json\/wp\/v2\/tags?post=164235"}],"curies":[{"name":"wp","href":"https:\/\/api.w.org\/{rel}","templated":true}]}}