{"id":164254,"date":"2025-11-25T02:10:24","date_gmt":"2025-11-25T02:10:24","guid":{"rendered":"https:\/\/www.europesays.com\/pt\/164254\/"},"modified":"2025-11-25T02:10:24","modified_gmt":"2025-11-25T02:10:24","slug":"por-decisao-da-voz-marisa-e-obrigada-a-tomar-uma-posicao-na-casa-noticias-de-hoje","status":"publish","type":"post","link":"https:\/\/www.europesays.com\/pt\/164254\/","title":{"rendered":"Por decis\u00e3o da Voz, Marisa \u00e9 obrigada a tomar uma posi\u00e7\u00e3o na casa &#8211; Not\u00edcias de hoje"},"content":{"rendered":"<p>                                    <a href=\"https:\/\/www.iol.pt\/maisVistos\/agressivo-dylan-a-milimetros-de-distancia-de-pedro-jorge\/6924d4800cf28fe430486adb\" rel=\"nofollow noopener\" target=\"_blank\"><\/p>\n<p>\u00abAgressivo\u00bb: Dylan a mil\u00edmetros de dist\u00e2ncia de Pedro Jorge<\/p>\n<p>                                    <\/a><\/p>\n<p>No Secret Story 9, Bruno decide confrontar Pedro depois de ouvir o seu nome ser referido v\u00e1rias vezes. Exaltado, o concorrente mais velho aproxima-se de Pedro e acusa-o de ser ordin\u00e1rio, falso e cobardolas. Pedro responde \u00e0 altura, e a situa\u00e7\u00e3o escala quando Leandro se junta ao confronto, trocando acusa\u00e7\u00f5es com Bruno a poucos cent\u00edmetros de dist\u00e2ncia. Dylan acaba tamb\u00e9m por intervir e, igualmente exaltado, confronta Pedro cara a cara, intensificando ainda mais o clima explosivo. No confession\u00e1rio, Pedro admite que nunca tinha vivido um momento t\u00e3o tenso dentro da casa.<\/p>\n","protected":false},"excerpt":{"rendered":"\u00abAgressivo\u00bb: Dylan a mil\u00edmetros de dist\u00e2ncia de Pedro Jorge No Secret Story 9, Bruno decide confrontar Pedro depois&hellip;\n","protected":false},"author":2,"featured_media":164255,"comment_status":"","ping_status":"","sticky":false,"template":"","format":"standard","meta":{"footnotes":""},"categories":[142],"tags":[114,115,488,13,32,33,151],"class_list":{"0":"post-164254","1":"post","2":"type-post","3":"status-publish","4":"format-standard","5":"has-post-thumbnail","7":"category-tv","8":"tag-entertainment","9":"tag-entretenimento","10":"tag-iol","11":"tag-noticias","12":"tag-portugal","13":"tag-pt","14":"tag-tv"},"share_on_mastodon":{"url":"https:\/\/pubeurope.com\/@pt\/115607910608909072","error":""},"_links":{"self":[{"href":"https:\/\/www.europesays.com\/pt\/wp-json\/wp\/v2\/posts\/164254","targetHints":{"allow":["GET"]}}],"collection":[{"href":"https:\/\/www.europesays.com\/pt\/wp-json\/wp\/v2\/posts"}],"about":[{"href":"https:\/\/www.europesays.com\/pt\/wp-json\/wp\/v2\/types\/post"}],"author":[{"embeddable":true,"href":"https:\/\/www.europesays.com\/pt\/wp-json\/wp\/v2\/users\/2"}],"replies":[{"embeddable":true,"href":"https:\/\/www.europesays.com\/pt\/wp-json\/wp\/v2\/comments?post=164254"}],"version-history":[{"count":0,"href":"https:\/\/www.europesays.com\/pt\/wp-json\/wp\/v2\/posts\/164254\/revisions"}],"wp:featuredmedia":[{"embeddable":true,"href":"https:\/\/www.europesays.com\/pt\/wp-json\/wp\/v2\/media\/164255"}],"wp:attachment":[{"href":"https:\/\/www.europesays.com\/pt\/wp-json\/wp\/v2\/media?parent=164254"}],"wp:term":[{"taxonomy":"category","embeddable":true,"href":"https:\/\/www.europesays.com\/pt\/wp-json\/wp\/v2\/categories?post=164254"},{"taxonomy":"post_tag","embeddable":true,"href":"https:\/\/www.europesays.com\/pt\/wp-json\/wp\/v2\/tags?post=164254"}],"curies":[{"name":"wp","href":"https:\/\/api.w.org\/{rel}","templated":true}]}}